{"id":1470,"date":"2015-04-14T06:14:07","date_gmt":"2015-04-14T06:14:07","guid":{"rendered":"http:\/\/www.cantabriarallye.net\/newcantabriarallye\/?p=1470"},"modified":"2015-04-14T06:14:07","modified_gmt":"2015-04-14T06:14:07","slug":"buenas-sensaciones-del-kia-pro_ceed-gt-de-numar-motor-asturconsa-rallye-villa-de-tineo","status":"publish","type":"post","link":"https:\/\/www.cantabriarallye.net\/newcantabriarallye\/buenas-sensaciones-del-kia-pro_ceed-gt-de-numar-motor-asturconsa-rallye-villa-de-tineo\/","title":{"rendered":"Buenas sensaciones del KIA Pro_Cee&#8217;d GT de Numar Motor-Asturconsa Rallye Villa de Tineo"},"content":{"rendered":"<p>El m\u00edtico Rallye Villa de Tineo (11-12 de abril), cita inaugural del Campeonato de Asturias de Rallyes,fue el escenario elegido por el equipo KIA Numar Motor -rallying para desembarcar por primera vezen tierras asturianas. Ante la inminente participaci\u00f3n del Pro_Cee&#8217;d GT dentro de la Categor\u00eda N3 del Campeonato de Espa\u00f1a de Rallyes de Asfalto, la prueba de Tineo ofrec\u00eda un escenario id\u00f3neo paraproseguir la optimizaci\u00f3n del set-up del veh\u00edculo gracias en gran medida a los 111 kil\u00f3metros cronometradosde cuerda que ofrec\u00edan las nueve especiales programadas.<\/p>\n<table border=\"0\" align=\"center\">\n<tbody>\n<tr>\n<td>\n<div align=\"center\"><img decoding=\"async\" src=\"https:\/\/www.cantabriarallye.net\/newcantabriarallye\/wp-content\/uploads\/2015\/noticias\/numar\/foto2.jpg\" alt=\"\" \/><\/div>\n<\/td>\n<\/tr>\n<tr>\n<td>\n<div align=\"center\"><span style=\"font-size: small;\">Foto: Prensa Kia Numar Motor<\/span><\/div>\n<\/td>\n<\/tr>\n<\/tbody>\n<\/table>\n<p><!--more--><\/p>\n<p>Realizando las vitales funciones de coche cero y enmarcados dentro de la caravana de seguridad del rallye, Jonathan de Miguel y Rodolfo del Barrio pudieron descubrir de primer mano la excelente labor organizativa del Tineo Auto Club y colaborar estrechamente en el correcto desarrollo de una prueba que a\u00f1o tras a\u00f1o moviliza a varios miles de aficionados.<br \/>\nLa elecci\u00f3n de la carrera tinetense para corroborar que todas las evoluciones realizadas en el Pro-Cee&#8217;d GT hasta la fecha para el 2015 funcionasen seg\u00fan lo previsto no es fruto de la casualidad. Y es que las particulares caracter\u00edsticas de los tramos de este rallye, con zonas altamente selectivas, diversos tipo de asfalto e incluso nocturnidad, hacen de ellos lugares id\u00f3neos para trabajar en todos los sentidos.<br \/>\nA este respecto, el compacto de la firma coreana volvi\u00f3 a hacer gala de su gran fiabilidad en carrera, en un fin de semana que permiti\u00f3 al equipo rubricar notorias mejoras en aspectos como los frenos, el puente trasero en zonas lentas y r\u00e1pidas, o las presiones de neum\u00e1ticos, entre otras. Todo ello en pos de conseguir dejar el Pro_C&#8217;eed en las mejores condiciones de ajuste posibles antes de sus pr\u00f3ximos compromisos.<\/p>\n<p>Prensa Kia Numar motor<\/p>\n<div align=\"center\"><script src=\"\/\/pagead2.googlesyndication.com\/pagead\/js\/adsbygoogle.js\" async=\"\"><\/script><!-- Scrip_google_300x250 --> <ins class=\"adsbygoogle\" style=\"display: inline-block; width: 300px; height: 250px;\" data-ad-client=\"ca-pub-8210995772042445\" data-ad-slot=\"9319737050\"><\/ins><script>\/\/ <![CDATA[\n(adsbygoogle = window.adsbygoogle || []).push({});\n\/\/ ]]><\/script><\/div>\n<!-- AddThis Advanced Settings generic via filter on the_content --><!-- AddThis Share Buttons generic via filter on the_content -->","protected":false},"excerpt":{"rendered":"<p>El m\u00edtico Rallye Villa de Tineo (11-12 de abril), cita inaugural del Campeonato de Asturias de Rallyes,fue el escenario elegido por el equipo KIA Numar Motor -rallying para desembarcar por primera vezen tierras asturianas. Ante la inminente participaci\u00f3n del Pro_Cee&#8217;d GT dentro de la Categor\u00eda N3 del Campeonato de Espa\u00f1a de Rallyes de Asfalto, la [&hellip;]<!-- AddThis Advanced Settings generic via filter on wp_trim_excerpt --><!-- AddThis Share Buttons generic via filter on wp_trim_excerpt --><\/p>\n","protected":false},"author":2,"featured_media":0,"comment_status":"closed","ping_status":"open","sticky":false,"template":"","format":"standard","meta":{"_exactmetrics_skip_tracking":false,"_exactmetrics_sitenote_active":false,"_exactmetrics_sitenote_note":"","_exactmetrics_sitenote_category":0,"footnotes":""},"categories":[33],"tags":[],"class_list":["post-1470","post","type-post","status-publish","format-standard","hentry","category-c52-noticias-nacional-rallyes"],"_links":{"self":[{"href":"https:\/\/www.cantabriarallye.net\/newcantabriarallye\/wp-json\/wp\/v2\/posts\/1470","targetHints":{"allow":["GET"]}}],"collection":[{"href":"https:\/\/www.cantabriarallye.net\/newcantabriarallye\/wp-json\/wp\/v2\/posts"}],"about":[{"href":"https:\/\/www.cantabriarallye.net\/newcantabriarallye\/wp-json\/wp\/v2\/types\/post"}],"author":[{"embeddable":true,"href":"https:\/\/www.cantabriarallye.net\/newcantabriarallye\/wp-json\/wp\/v2\/users\/2"}],"replies":[{"embeddable":true,"href":"https:\/\/www.cantabriarallye.net\/newcantabriarallye\/wp-json\/wp\/v2\/comments?post=1470"}],"version-history":[{"count":2,"href":"https:\/\/www.cantabriarallye.net\/newcantabriarallye\/wp-json\/wp\/v2\/posts\/1470\/revisions"}],"predecessor-version":[{"id":1472,"href":"https:\/\/www.cantabriarallye.net\/newcantabriarallye\/wp-json\/wp\/v2\/posts\/1470\/revisions\/1472"}],"wp:attachment":[{"href":"https:\/\/www.cantabriarallye.net\/newcantabriarallye\/wp-json\/wp\/v2\/media?parent=1470"}],"wp:term":[{"taxonomy":"category","embeddable":true,"href":"https:\/\/www.cantabriarallye.net\/newcantabriarallye\/wp-json\/wp\/v2\/categories?post=1470"},{"taxonomy":"post_tag","embeddable":true,"href":"https:\/\/www.cantabriarallye.net\/newcantabriarallye\/wp-json\/wp\/v2\/tags?post=1470"}],"curies":[{"name":"wp","href":"https:\/\/api.w.org\/{rel}","templated":true}]}}