{"id":177,"date":"2012-01-10T13:21:10","date_gmt":"2012-01-10T13:21:10","guid":{"rendered":"http:\/\/www.cantabriarallye.net\/2015\/eugenio-mantecon-con-nueva-montura-en-el-nacional-de-asfalto\/"},"modified":"2015-02-23T13:59:10","modified_gmt":"2015-02-23T13:59:10","slug":"eugenio-mantecon-con-nueva-montura-en-el-nacional-de-asfalto","status":"publish","type":"post","link":"https:\/\/www.cantabriarallye.net\/newcantabriarallye\/eugenio-mantecon-con-nueva-montura-en-el-nacional-de-asfalto\/","title":{"rendered":"Eugenio Mantec\u00f3n con nueva montura en el nacional de Asfalto."},"content":{"rendered":"<p>El piloto c\u00e1ntabro, tras conseguir la pasada temporada los subcampeonatos de Espa\u00f1a de Grupo N y de la Mitsubishi Evo Cup, aspira a m\u00e1s altas metas en el actual ejercicio. El piloto de Santillana del Mar realizara el Nacional de Asfalto con un espectacular Volswagen Polo WRC Prototype. Mantec\u00f3n rodar\u00e1 por primera vez con su competitiva montura a finales de este mes de enero.A pesar de que todav\u00eda faltan algo m\u00e1s de dos meses para que arranque el Campeonato de Espa\u00f1a de Rallyes 2012, Eugenio Mantec\u00f3n y el resto de componentes de su equipo Motorsport Solutions Cars (M.S.C Team), est\u00e1n ya en plena fase de preparaci\u00f3n de la que puede ser la temporada m\u00e1s importante hasta el momento para el piloto c\u00e1ntabro, aunque faltan de concretar algunos patrocinadores para completar el presupuesto del equipo, que aspira en la actual temporada a luchar por el podium final en todas las pruebas del certamen, aunque siendo conscientes de que se van a enfrentar a una dura y experimentada competencia que les pondr\u00e1 las cosas dif\u00edciles en cada cita.<\/p>\n<table border=\"0\" align=\"center\">\n<tbody>\n<tr>\n<td width=\"144\">\n<div align=\"center\"><img decoding=\"async\" src=\"https:\/\/www.cantabriarallye.net\/newcantabriarallye\/wp-content\/uploads\/2012\/noticias\/mantecon\/foto.jpg\" alt=\"\" \/><\/div>\n<\/td>\n<\/tr>\n<tr>\n<td width=\"144\">\n<div align=\"center\">Foto:Prensa MSC Team<\/div>\n<\/td>\n<\/tr>\n<\/tbody>\n<\/table>\n<p><!--more--> Para afrontar tan ambiciosa temporada, Eugenio Mantec\u00f3n ha adquirido en Polonia un competitivo VW Polo WRC Prototype, que est\u00e1 siendo adaptado a la normativa que la Real Federaci\u00f3n Espa\u00f1ola de Automovilismo ha impuesto para el a\u00f1o 2012 en el Campeonato de Espa\u00f1a de Rallyes. De esta manera, el Equipo Motorsport Solutions Cars, como es habitual con su filosof\u00eda, mantiene una apuesta innovadora en este certamen. Destacar entre las caracter\u00edsticas del nuevo veh\u00edculo que la mec\u00e1nica rinde una potencia de 340 caballos para 1.200 kg de peso, con tracci\u00f3n integral a las cuatro ruedas, siendo la carrocer\u00eda id\u00e9ntica a la que va a utilizar el Equipo Oficial VW en el Campeonato del Mundo de Rallyes del 2013, lo que sin duda le va a permitir ser una de las monturas m\u00e1s competitivas del certamen nacional.<br \/>\nEl programa de Eugenio Mantec\u00f3n con esta nueva montura se va a centrar principalmente en las nueve pruebas puntuables para el Campeonato de Espa\u00f1a de Rallyes de Asfalto, que recordemos empieza a mediados del mes de marzo con el Rallye de Canarias, concretamente los d\u00edas 17 y 18. Previamente, el equipo c\u00e1ntabro tiene previsto realizar diferentes jornadas de test hasta el comienzo del campeonato.<br \/>\nPara afrontar con garant\u00edas este importante y ambicioso reto, el piloto c\u00e1ntabro espera contar, aparte de sus habituales patrocinadores, con otros nuevos, como podr\u00eda ser VW Espa\u00f1a, as\u00ed como alguno de los Concesionarios que la marca alemana tiene en Cantabria, ya que hay que destacar que va a ser el \u00fanico VW Polo WRC Prototype que va a competir oficialmente durante la actual temporada 2012 en todo el mundo, por lo que desde diferentes puntos de Europa se seguir\u00e1 a buen seguro muy de cerca los resultados que vaya consiguiendo, y las actuaciones del equipo c\u00e1ntabro en este certamen tendr\u00e1n a buen seguro una gran repercusi\u00f3n a nivel nacional e internacional.<br \/>\nEn el caso de que la marca VW se involucre en este proyecto, como as\u00ed se espera, Eugenio Mantec\u00f3n podr\u00eda disputar alguna prueba a nivel europeo. Igualmente espera el piloto c\u00e1ntabro el apoyo de alguna importante marca de neum\u00e1ticos y de las Instituciones regionales, para afrontar esta importante temporada con garant\u00edas.<br \/>\nOtro dato importante a destacar es que Juan Petisco ser\u00e1 el Director Deportivo del Equipo Motorsport Solutions Cars, lo que dada su experiencia y palmar\u00e9s, tanto a nivel nacional, como internacional, es todo una garant\u00eda para el equipo. Recordar que Juan Petisco acumula un impresionante palmar\u00e9s como copiloto de Antonio Zanini, con el que consigui\u00f3 un Campeonato de Europa de Rallyes y varios Campeonatos de Espa\u00f1a, y tiene una gran experiencia como Director de Equipo, tras haber ejercido esta funci\u00f3n durante muchos a\u00f1os tanto a nivel internacional, como nacional. Tambi\u00e9n contar\u00e1 el equipo c\u00e1ntabro con el importante apoyo del piloto Dani Sol\u00e1, que se va a encargar de algunos aspectos importantes del nuevo veh\u00edculo, como es el apartado de las suspensiones, entre otros.<br \/>\nRecordar por \u00faltimo que el Equipo Motorsport Soluci\u00f3n Cars (M.S.C Team), que es totalmente c\u00e1ntabro, tiene su sede en los Corrales de Buelna, contando con unas instalaciones de 600 m2, estando compuesto para la actual temporada por m\u00e1s de diez personas, un cami\u00f3n para transportar el veh\u00edculo de competici\u00f3n, y varias furgonetas de asistencia, y que Eugenio Mantec\u00f3n es en la actualidad el piloto c\u00e1ntabro en activo con m\u00e1s victorias y t\u00edtulos conseguidos en el Certamen Regional, tras haber conseguido igualmente el pasado a\u00f1os los Subcampeonato de Espa\u00f1a del Grupo N y de la Mitsubishi Evo Cup, siendo uno de los pilotos que tiene m\u00e1s opciones de traer un nuevo t\u00edtulo para Cantabria en las pr\u00f3ximas temporadas, y a pesar de no haber contado hasta ahora con todos los apoyos necesarios para afrontar en las mejores condiciones los cert\u00e1menes en los que ha participado, llevando siempre el nombre de Cantabria por toda Espa\u00f1a con el m\u00e1ximo orgullo.<br \/>\nPrensa MSC Team<\/p>\n<!-- AddThis Advanced Settings generic via filter on the_content --><!-- AddThis Share Buttons generic via filter on the_content -->","protected":false},"excerpt":{"rendered":"<p>El piloto c\u00e1ntabro, tras conseguir la pasada temporada los subcampeonatos de Espa\u00f1a de Grupo N y de la Mitsubishi Evo Cup, aspira a m\u00e1s altas metas en el actual ejercicio. El piloto de Santillana del Mar realizara el Nacional de Asfalto con un espectacular Volswagen Polo WRC Prototype. Mantec\u00f3n rodar\u00e1 por primera vez con su [&hellip;]<!-- AddThis Advanced Settings generic via filter on wp_trim_excerpt --><!-- AddThis Share Buttons generic via filter on wp_trim_excerpt --><\/p>\n","protected":false},"author":2,"featured_media":0,"comment_status":"closed","ping_status":"closed","sticky":false,"template":"","format":"standard","meta":{"_exactmetrics_skip_tracking":false,"_exactmetrics_sitenote_active":false,"_exactmetrics_sitenote_note":"","_exactmetrics_sitenote_category":0,"footnotes":""},"categories":[33],"tags":[],"class_list":["post-177","post","type-post","status-publish","format-standard","hentry","category-c52-noticias-nacional-rallyes"],"_links":{"self":[{"href":"https:\/\/www.cantabriarallye.net\/newcantabriarallye\/wp-json\/wp\/v2\/posts\/177","targetHints":{"allow":["GET"]}}],"collection":[{"href":"https:\/\/www.cantabriarallye.net\/newcantabriarallye\/wp-json\/wp\/v2\/posts"}],"about":[{"href":"https:\/\/www.cantabriarallye.net\/newcantabriarallye\/wp-json\/wp\/v2\/types\/post"}],"author":[{"embeddable":true,"href":"https:\/\/www.cantabriarallye.net\/newcantabriarallye\/wp-json\/wp\/v2\/users\/2"}],"replies":[{"embeddable":true,"href":"https:\/\/www.cantabriarallye.net\/newcantabriarallye\/wp-json\/wp\/v2\/comments?post=177"}],"version-history":[{"count":2,"href":"https:\/\/www.cantabriarallye.net\/newcantabriarallye\/wp-json\/wp\/v2\/posts\/177\/revisions"}],"predecessor-version":[{"id":987,"href":"https:\/\/www.cantabriarallye.net\/newcantabriarallye\/wp-json\/wp\/v2\/posts\/177\/revisions\/987"}],"wp:attachment":[{"href":"https:\/\/www.cantabriarallye.net\/newcantabriarallye\/wp-json\/wp\/v2\/media?parent=177"}],"wp:term":[{"taxonomy":"category","embeddable":true,"href":"https:\/\/www.cantabriarallye.net\/newcantabriarallye\/wp-json\/wp\/v2\/categories?post=177"},{"taxonomy":"post_tag","embeddable":true,"href":"https:\/\/www.cantabriarallye.net\/newcantabriarallye\/wp-json\/wp\/v2\/tags?post=177"}],"curies":[{"name":"wp","href":"https:\/\/api.w.org\/{rel}","templated":true}]}}