{"id":2190,"date":"2015-11-15T12:28:10","date_gmt":"2015-11-15T10:28:10","guid":{"rendered":"http:\/\/www.cantabriarallye.net\/newcantabriarallye\/?p=2190"},"modified":"2015-11-15T12:39:44","modified_gmt":"2015-11-15T10:39:44","slug":"manolo-cabo-se-pasea-con-su-nissan-gtr-por-secadura","status":"publish","type":"post","link":"https:\/\/www.cantabriarallye.net\/newcantabriarallye\/manolo-cabo-se-pasea-con-su-nissan-gtr-por-secadura\/","title":{"rendered":"Manolo Cabo se \u00abpasea\u00bb con su Nissan GTR por Secadura"},"content":{"rendered":"<p>Manolo Cabo y el Nissan GTR de AG Parayas, consegu\u00edan la victoria absoluta en la subida a Secadura, ultima cita del regional de Monta\u00f1a. La segunda posici\u00f3n era para Alberto G\u00f3mez \u00abBertin\u00bb, con su CM que tambien consegu\u00eda el trofeo Junior, siendo la tercera posici\u00f3n para Pedro Veci \u00abEl Conde\u00bb.<br \/>\nLa propulsi\u00f3n era para Marcos Diego con su BMW Compact.<br \/>\nBonita prueba de Monta\u00f1a, que para ser la ultima prueba con todo decidido, contaba con una buena inscripci\u00f3n.<\/p>\n<div align=\"center\">\n<table border=\"0\" align=\"center\">\n<tbody>\n<tr>\n<td>\n<div align=\"center\"><img decoding=\"async\" src=\"https:\/\/www.cantabriarallye.net\/newcantabriarallye\/wp-content\/uploads\/2015\/pruebas2015\/secadura\/manolo.jpg\" alt=\"\" \/><\/div>\n<\/td>\n<\/tr>\n<tr>\n<td>\n<div align=\"center\"><span style=\"font-family: Verdana,Arial,Helvetica,sans-serif;\">Manolo Cabo, se \u00abpaseaba\u00bb<br \/>\nliteralmente por Secadura<br \/>\nFoto :CantabriaRallye.net<\/span><\/div>\n<\/td>\n<\/tr>\n<\/tbody>\n<\/table>\n<\/div>\n<p><!--more--><\/p>\n<table border=\"0\" align=\"right\">\n<tbody>\n<tr>\n<td>\n<div align=\"center\"><img decoding=\"async\" src=\"https:\/\/www.cantabriarallye.net\/newcantabriarallye\/wp-content\/uploads\/2015\/pruebas2015\/secadura\/manolo.jpg\" alt=\"\" \/><\/div>\n<\/td>\n<\/tr>\n<tr>\n<td>\n<div align=\"center\"><span style=\"font-family: Verdana,Arial,Helvetica,sans-serif;\">Manolo Cabo, se \u00abpaseaba\u00bb<br \/>\nliteralmente por Secadura<br \/>\nFoto :CantabriaRallye.net<\/span><\/div>\n<\/td>\n<\/tr>\n<tr>\n<td>\n<div align=\"center\"><img decoding=\"async\" src=\"https:\/\/www.cantabriarallye.net\/newcantabriarallye\/wp-content\/uploads\/2015\/pruebas2015\/secadura\/berto.jpg\" alt=\"\" \/><\/div>\n<\/td>\n<\/tr>\n<tr>\n<td>\n<div align=\"center\"><span style=\"font-family: Verdana,Arial,Helvetica,sans-serif;\">La segunda posici\u00f3n y el trofeo<br \/>\nJunior era para Alberto<br \/>\nG\u00f3mez Baeza \u00abBert\u00edn\u00bb.<br \/>\nFoto :CantabriaRallye.net<\/span><\/div>\n<\/td>\n<\/tr>\n<tr>\n<td>\n<div align=\"center\"><img decoding=\"async\" src=\"https:\/\/www.cantabriarallye.net\/newcantabriarallye\/wp-content\/uploads\/2015\/pruebas2015\/secadura\/veci.jpg\" alt=\"\" \/><\/div>\n<\/td>\n<\/tr>\n<tr>\n<td>\n<div align=\"center\"><span style=\"font-family: Verdana,Arial,Helvetica,sans-serif;\">Pedro Veci era el tercer clasificado,<br \/>\nmuy cerca de \u00abBert\u00edn\u00bb.<br \/>\nFoto :CantabriaRallye.net<\/span><\/div>\n<\/td>\n<\/tr>\n<\/tbody>\n<\/table>\n<p>Ultima prueba de Monta\u00f1a del calendario c\u00e1ntabro, con todo ya decidido esta subida a Secadura.<br \/>\nEn todas las temporadas que se ha celebrado esta prueba, siendo la hemos conocido con una buena inscripci\u00f3n, as\u00ed como con una organizaci\u00f3n buena.<\/p>\n<p>La subida es c\u00f3moda de ver, con varios accesos y comenzando y terminando pruedencialmente y a la hora, aun teniendo alguna que otra salida de pista.<br \/>\nDe nuevo Secadura se llenaba de asistencias y de veh\u00edculos de carreras, rememorando este m\u00edtico tramo de Cantabria.<br \/>\nDespu\u00e9s de las dos mangas de \u00e9ntrenos en las que Manolo Cabo dominaba tranquilamente, comenzaba la primera de las mangas oficiales, donde nuevamente, el mejor de los cronos era para el Cabo, que cada vez rueda mejor con su nuevo veh\u00edculo.<br \/>\nEl Nissan GTR de AG Parayas, pilotado por Manolo Cabo no daba opci\u00f3n a sus contrincantes, consiguiendo un crono de 2:12,62. Todo apuntaba que la prueba de Secadura pod\u00eda ser un autentico \u00abpaseo\u00bb para el piloto de El Astillero que no daba opci\u00f3n a sus adversarios.<br \/>\nPor detr\u00e1s ten\u00edamos la verdadera lucha por los siguientes puestos en el pod\u00edan final. Por una parte tenemos a Berto G\u00f3mez Baeza \u00abBertin\u00bb que se pon\u00eda a los mandos de un CM y se colocaba a tan solo CINCO segundos del actual l\u00edder de la prueba. Excelente crono en su segunda participaci\u00f3n con este tipo de veh\u00edculos. Decir que todo esto corr\u00eda bajo la atenta mirada de su padre Berto G\u00f3mez Amigo y familia a pie de pista.<br \/>\nLa tercera posici\u00f3n con el MISMO crono que Bertin era para su compa\u00f1ero de equipo Pedro Veci. El \u00abConde\u00bb, TAMBIEN consegu\u00eda este magnifico crono, tan solo diferenciado por unas cent\u00e9simas de segundo. Todo comenzaba perfecto y la emoci\u00f3n entre estos dos participantes y compa\u00f1eros de equipo, pod\u00eda ser m\u00e1xima.<\/p>\n<p>Jhonatan cabo y Marcos Diego eran quienes ocupaban la cuarta y quinta posici\u00f3n respectivamente consiguiendo TAMBIEN, AMBOS el mismo crono. 2:20,21 y 2:20,36.<br \/>\nPor una parte el benjam\u00edn de la familia Cabo \u00abdesped\u00eda\u00bb la temporada con esta subida de monta\u00f1a y Marcos Diego, encontraba un momento para realizar esta prueba de monta\u00f1a, para r\u00e1pidamente volver para atender su negocio hotelero.<\/p>\n<p>As\u00ed transcurr\u00eda la primera manga oficial. Todo estaba saliendo a las mil maravillas, sin nada que destacar. Algunas salidas de pista, pero todo estaba mas que controlado.<\/p>\n<p>&nbsp;<\/p>\n<div align=\"center\"><script src=\"\/\/pagead2.googlesyndication.com\/pagead\/js\/adsbygoogle.js\" async=\"\"><\/script><!-- script_google_rectangular_336X280 --> <ins class=\"adsbygoogle\" style=\"display: inline-block; width: 336px; height: 280px;\" data-ad-client=\"ca-pub-8210995772042445\" data-ad-slot=\"5950103458\"><\/ins><script>\/\/ <![CDATA[\n(adsbygoogle = window.adsbygoogle || []).push({});\n\/\/ ]]><\/script><\/div>\n<p><!--nextpage--><\/p>\n<table border=\"0\" align=\"right\">\n<tbody>\n<tr>\n<td>\n<div align=\"center\"><img decoding=\"async\" src=\"https:\/\/www.cantabriarallye.net\/newcantabriarallye\/wp-content\/uploads\/2015\/pruebas2015\/secadura\/marcos.jpg\" alt=\"\" \/><\/div>\n<\/td>\n<\/tr>\n<tr>\n<td>\n<div align=\"center\"><span style=\"font-family: Verdana,Arial,Helvetica,sans-serif;\">Marcos Diego era el l\u00edder de<br \/>\npropulsi\u00f3n y cuarto clasificado<br \/>\nabsoluto.<br \/>\nFoto :CantabriaRallye.net<\/span><\/div>\n<\/td>\n<\/tr>\n<tr>\n<td>\n<div align=\"center\"><img decoding=\"async\" src=\"https:\/\/www.cantabriarallye.net\/newcantabriarallye\/wp-content\/uploads\/2015\/pruebas2015\/secadura\/jhony.jpg\" alt=\"\" \/><\/div>\n<\/td>\n<\/tr>\n<tr>\n<td>\n<div align=\"center\"><span style=\"font-family: Verdana,Arial,Helvetica,sans-serif;\">Jhony Cabo era el quinto clasificado<br \/>\ncon su Renault Clio Maxi.<br \/>\nFoto :CantabriaRallye.net<\/span><\/div>\n<\/td>\n<\/tr>\n<tr>\n<td>\n<div align=\"center\"><img decoding=\"async\" src=\"https:\/\/www.cantabriarallye.net\/newcantabriarallye\/wp-content\/uploads\/2015\/pruebas2015\/secadura\/murillo.jpg\" alt=\"\" \/><\/div>\n<\/td>\n<\/tr>\n<tr>\n<td>\n<div align=\"center\"><span style=\"font-family: Verdana,Arial,Helvetica,sans-serif;\">Alberto Murillo era el sexto<br \/>\nclasificado y segundo en<br \/>\npropulsi\u00f3n.<br \/>\nFoto :CantabriaRallye.net<\/span><\/div>\n<\/td>\n<\/tr>\n<\/tbody>\n<\/table>\n<p>Comenzaba la segunda manga oficial. De nuevo Cabo, volv\u00eda dominar a placer, aunque en esta ocasi\u00f3n, los cronos estaban un poco mas \u00abapretados\u00bb.<br \/>\nCabo, consegu\u00eda el mejor de los cronos, siendo este de 2:15,33, siendo la segunda posici\u00f3n para Marcos Diego, que se colocaba a TRES segundos.<br \/>\nLa inactividad \u00abrallystica\u00bb se notaba en la conducci\u00f3n de Marcos y en cuando se habit\u00faa a su BMW los tiempos van saliendo y esos TRES segundos marcaban la diferencia.<br \/>\nCon el MISMO crono de Marcos ten\u00edamos a Pedro Veci, que ocupaba la tercera posici\u00f3n. Veci, que cada vez rueda mejor con su CM, nos ha demostrado una excelente progresi\u00f3n y en la subida de casa, no quer\u00eda defraudar. Excelente los cronos que estaban consiguiendo los equipos.<\/p>\n<p>Como no hay dos sin tres, la cuarta posici\u00f3n TAMBIEN con el MISMO crono era para Berto G\u00f3mez. Bertin no se rend\u00eda y en esta subida quer\u00eda demostrar lo r\u00e1pido que anda su CM.<br \/>\nLos cronos mandaban y en UN solo segundo ten\u00edamos a TRES veh\u00edculos participantes, siendo las cent\u00e9simas de segundo, quienes pon\u00edan el orden en la tabla. ESPECTACULAR.<br \/>\nLa quinta posici\u00f3n en esta manga era para Jhonatan cabo con su Renault Clio. El benjam\u00edn de los Cabo, consegu\u00eda un crono de 2:19,08.<\/p>\n<p>Sin ning\u00fan contratiempo y a una hora totalmente inusual, terminaba la subida de monta\u00f1a, sorprendi\u00e9ndonos a todos la rapidez de la misma, dejando atr\u00e1s las interminables esperas en pruebas anteriores.<\/p>\n<p>Con los cronos en la mano y con la suma de los dos tiempos conseguidos, la victoria era para Manolo cabo, pilotando su Nissan GTR.<br \/>\nLa segunda posici\u00f3n era para Alberto G\u00f3mez Baeza, siendo Pedro Veci el tercer clasificado.<br \/>\nMarcos Diego y Jhonatan Cabo eran quienes ocupaban la cuarta y quinta posici\u00f3n respectivamente.<\/p>\n<p>En las diferentes copas de Cantabria decir que la junior era para Berto G\u00f3mez Baeza, seguido de Samuel cavada.<br \/>\nLa propulsi\u00f3n era para Marcos Diego seguido de Alberto Murillo.<br \/>\nLos carrozados eran para Manolo cabo, seguido de Marcos Diego y Jhonatan Cabo.<\/p>\n<p>As\u00ed terminaba una nueva edicion de la subida a Secadura. Ultima prueba de monta\u00f1a en Cantabria.<br \/>\nEl a\u00f1o que viene, M\u00c1S.<\/p>\n<p>&nbsp;<\/p>\n<table border=\"0\" width=\"294\" align=\"center\">\n<tbody>\n<tr>\n<td>\n<div align=\"center\"><span style=\"font-size: x-large;\"><b>!!! LA FOTO \u00a1\u00a1\u00a1<\/b><\/span><\/div>\n<\/td>\n<\/tr>\n<tr>\n<td>\n<div align=\"center\"><img decoding=\"async\" src=\"https:\/\/www.cantabriarallye.net\/newcantabriarallye\/wp-content\/uploads\/2015\/pruebas2015\/secadura\/lafoto.jpg\" alt=\"\" \/><\/div>\n<\/td>\n<\/tr>\n<tr>\n<td>\n<div align=\"center\">\n<p><span style=\"font-family: Verdana,Arial,Helvetica,sans-serif;\">En esta ocasi\u00f3n, LA FOTO de la prueba esta dedicada a Manu Canales.<br \/>\nDespu\u00e9s de 10 a\u00f1os de inactividad, volv\u00eda a ponerse el casco en la subida a Secadura. No descarta alguna participaci\u00f3n espor\u00e1dicas la temporada que viene y en las pruebas de cerca de casa.<br \/>\nA los que ya peinamos canas, nos gusta ver el regreso de estos pilotos \u00abde siempre\u00bb.<br \/>\nEl piloto de Ampuero, en la foto posando con su Hijo.<br \/>\nFoto :Cantabriarallye.net<\/span><\/p>\n<\/div>\n<\/td>\n<\/tr>\n<\/tbody>\n<\/table>\n<p>&nbsp;<\/p>\n<div align=\"center\"><script src=\"\/\/pagead2.googlesyndication.com\/pagead\/js\/adsbygoogle.js\" async=\"\"><\/script><!-- script_google_rectangular_336X280 --> <ins class=\"adsbygoogle\" style=\"display: inline-block; width: 336px; height: 280px;\" data-ad-client=\"ca-pub-8210995772042445\" data-ad-slot=\"5950103458\"><\/ins><script>\/\/ <![CDATA[\n(adsbygoogle = window.adsbygoogle || []).push({});\n\/\/ ]]><\/script><\/div>\n<!-- AddThis Advanced Settings generic via filter on the_content --><!-- AddThis Share Buttons generic via filter on the_content -->","protected":false},"excerpt":{"rendered":"<p>Manolo Cabo y el Nissan GTR de AG Parayas, consegu\u00edan la victoria absoluta en la subida a Secadura, ultima cita del regional de Monta\u00f1a. La segunda posici\u00f3n era para Alberto G\u00f3mez \u00abBertin\u00bb, con su CM que tambien consegu\u00eda el trofeo Junior, siendo la tercera posici\u00f3n para Pedro Veci \u00abEl Conde\u00bb. La propulsi\u00f3n era para Marcos [&hellip;]<!-- AddThis Advanced Settings generic via filter on wp_trim_excerpt --><!-- AddThis Share Buttons generic via filter on wp_trim_excerpt --><\/p>\n","protected":false},"author":2,"featured_media":0,"comment_status":"closed","ping_status":"closed","sticky":false,"template":"","format":"standard","meta":{"_exactmetrics_skip_tracking":false,"_exactmetrics_sitenote_active":false,"_exactmetrics_sitenote_note":"","_exactmetrics_sitenote_category":0,"footnotes":""},"categories":[11],"tags":[],"class_list":["post-2190","post","type-post","status-publish","format-standard","hentry","category-c1-montana"],"_links":{"self":[{"href":"https:\/\/www.cantabriarallye.net\/newcantabriarallye\/wp-json\/wp\/v2\/posts\/2190","targetHints":{"allow":["GET"]}}],"collection":[{"href":"https:\/\/www.cantabriarallye.net\/newcantabriarallye\/wp-json\/wp\/v2\/posts"}],"about":[{"href":"https:\/\/www.cantabriarallye.net\/newcantabriarallye\/wp-json\/wp\/v2\/types\/post"}],"author":[{"embeddable":true,"href":"https:\/\/www.cantabriarallye.net\/newcantabriarallye\/wp-json\/wp\/v2\/users\/2"}],"replies":[{"embeddable":true,"href":"https:\/\/www.cantabriarallye.net\/newcantabriarallye\/wp-json\/wp\/v2\/comments?post=2190"}],"version-history":[{"count":2,"href":"https:\/\/www.cantabriarallye.net\/newcantabriarallye\/wp-json\/wp\/v2\/posts\/2190\/revisions"}],"predecessor-version":[{"id":2193,"href":"https:\/\/www.cantabriarallye.net\/newcantabriarallye\/wp-json\/wp\/v2\/posts\/2190\/revisions\/2193"}],"wp:attachment":[{"href":"https:\/\/www.cantabriarallye.net\/newcantabriarallye\/wp-json\/wp\/v2\/media?parent=2190"}],"wp:term":[{"taxonomy":"category","embeddable":true,"href":"https:\/\/www.cantabriarallye.net\/newcantabriarallye\/wp-json\/wp\/v2\/categories?post=2190"},{"taxonomy":"post_tag","embeddable":true,"href":"https:\/\/www.cantabriarallye.net\/newcantabriarallye\/wp-json\/wp\/v2\/tags?post=2190"}],"curies":[{"name":"wp","href":"https:\/\/api.w.org\/{rel}","templated":true}]}}