{"id":2321,"date":"2016-01-17T22:48:39","date_gmt":"2016-01-17T20:48:39","guid":{"rendered":"http:\/\/www.cantabriarallye.net\/newcantabriarallye\/?p=2321"},"modified":"2016-01-17T22:49:20","modified_gmt":"2016-01-17T20:49:20","slug":"dani-martinez-y-javi-soto-campeones-copa-michelin","status":"publish","type":"post","link":"https:\/\/www.cantabriarallye.net\/newcantabriarallye\/dani-martinez-y-javi-soto-campeones-copa-michelin\/","title":{"rendered":"Dani Mart\u00ednez y Javi Soto, campeones copa Michelin"},"content":{"rendered":"<p>Siguiendo con nuestras Video-Impresiones, en esta ocasi\u00f3n nos desplaz\u00e1bamos hasta Sar\u00f3n para realizar nuestras VIDEO IMPRESIONES a Dani Mart\u00ednez y Javi Soto. Despu\u00e9s de todas las fiestas Navide\u00f1as comenz\u00e1bamos de nuevo con nuestra nueva secci\u00f3n, para lo cual comenzabamos con los actuales Campeones de la copa Michelin de Cantabria Dimos un repaso a la temporada 2015 ademas de los planes de futuro para la temporada 2016.<\/p>\n<table border=\"0\" align=\"center\">\n<tbody>\n<tr>\n<td>\n<div align=\"center\"><img decoding=\"async\" src=\"https:\/\/www.cantabriarallye.net\/newcantabriarallye\/wp-content\/uploads\/2016\/noticias\/varios\/dani.jpg\" alt=\"\" \/><\/div>\n<\/td>\n<\/tr>\n<tr>\n<td>\n<div align=\"center\"><span style=\"font-size: small;\">Foto: Cantabriarallye.net<\/span><\/div>\n<\/td>\n<\/tr>\n<\/tbody>\n<\/table>\n<p><!--more--><\/p>\n<p>Tanto Dani Mart\u00ednez como Javi Soto, nos hac\u00edan un hueco , para realizarles esta v\u00eddeo Impresi\u00f3n. Anteriormente ya hab\u00eda entrevistado a Dani Mart\u00ednez, para las anteriores publicaciones que colaboraba, pero ahora pod\u00edamos ver a un Dani Mart\u00ednez totalmente \u00abcambiado\u00bb. A Javi Soto, le conozco desde que era copiloto de Jhonatan Cabo, siendo un gran profesional y mejor persona. Tambi\u00e9n como Piloto en algunas incursiones del regional y ahora copilotando a Dani Mart\u00ednez.<br \/>\nSeguiremos con las diferentes copas de Cantabria, con la firme inatenci\u00f3n de \u00abpremiar\u00bb de alguna manera a los Campeones de cada especialidad. Lo que antes hacia desde los medios escritos en papel, ahora lo intentaremos desde la WEB que administro desde hace 15 a\u00f1os. En breve pasaremos a realizar mas Video-Entrevistas, ahora que los Rallyes han acabado y todav\u00eda tenemos tiempo, antes de que empiece la temporada.<br \/>\nVarios pilotos y copilotos ya est\u00e1n \u00abavisados\u00bb y \u00aben el punto de mira\u00bb, por sus logros deportivos y dem\u00e1s. Espero disfruten como hemos disfrutado nosotros realizando estas Video-Impresiones, en esta ocasi\u00f3n a los l\u00edderes del trofeo Michelin de Cantabria.<\/p>\n<h1 style=\"text-align: center;\"><strong>VIDEO-IMPRESIONES<br \/>\n<\/strong><\/h1>\n<table border=\"0\" width=\"57%\" align=\"center\">\n<tbody>\n<tr>\n<td>\n<div align=\"center\">Dani Martinez &#8211; Javi Soto<br \/>\nLideres Copa Michelin de Cantabria<\/div>\n<\/td>\n<\/tr>\n<tr>\n<td>\n<div align=\"center\"><iframe loading=\"lazy\" src=\"https:\/\/www.youtube.com\/embed\/Xf7avhmdI-g?rel=0\" width=\"560\" height=\"315\" frameborder=\"0\" allowfullscreen=\"allowfullscreen\"><\/iframe><\/div>\n<\/td>\n<\/tr>\n<tr>\n<td>\n<hr align=\"center\" \/>\n<\/td>\n<\/tr>\n<tr>\n<td>\n<div align=\"center\"><script src=\"\/\/pagead2.googlesyndication.com\/pagead\/js\/adsbygoogle.js\" async=\"\"><\/script><!-- scrip coogle 336x280 --> <ins class=\"adsbygoogle\" style=\"display: inline-block; width: 336px; height: 280px;\" data-ad-client=\"ca-pub-8210995772042445\" data-ad-slot=\"6565883459\"><\/ins><script>\/\/ <![CDATA[\n(adsbygoogle = window.adsbygoogle || []).push({});\n\/\/ ]]><\/script><\/div>\n<\/td>\n<\/tr>\n<\/tbody>\n<\/table>\n<!-- AddThis Advanced Settings generic via filter on the_content --><!-- AddThis Share Buttons generic via filter on the_content -->","protected":false},"excerpt":{"rendered":"<p>Siguiendo con nuestras Video-Impresiones, en esta ocasi\u00f3n nos desplaz\u00e1bamos hasta Sar\u00f3n para realizar nuestras VIDEO IMPRESIONES a Dani Mart\u00ednez y Javi Soto. Despu\u00e9s de todas las fiestas Navide\u00f1as comenz\u00e1bamos de nuevo con nuestra nueva secci\u00f3n, para lo cual comenzabamos con los actuales Campeones de la copa Michelin de Cantabria Dimos un repaso a la temporada [&hellip;]<!-- AddThis Advanced Settings generic via filter on wp_trim_excerpt --><!-- AddThis Share Buttons generic via filter on wp_trim_excerpt --><\/p>\n","protected":false},"author":2,"featured_media":0,"comment_status":"closed","ping_status":"open","sticky":false,"template":"","format":"standard","meta":{"_exactmetrics_skip_tracking":false,"_exactmetrics_sitenote_active":false,"_exactmetrics_sitenote_note":"","_exactmetrics_sitenote_category":0,"footnotes":""},"categories":[47],"tags":[],"class_list":["post-2321","post","type-post","status-publish","format-standard","hentry","category-video-impresiones"],"_links":{"self":[{"href":"https:\/\/www.cantabriarallye.net\/newcantabriarallye\/wp-json\/wp\/v2\/posts\/2321","targetHints":{"allow":["GET"]}}],"collection":[{"href":"https:\/\/www.cantabriarallye.net\/newcantabriarallye\/wp-json\/wp\/v2\/posts"}],"about":[{"href":"https:\/\/www.cantabriarallye.net\/newcantabriarallye\/wp-json\/wp\/v2\/types\/post"}],"author":[{"embeddable":true,"href":"https:\/\/www.cantabriarallye.net\/newcantabriarallye\/wp-json\/wp\/v2\/users\/2"}],"replies":[{"embeddable":true,"href":"https:\/\/www.cantabriarallye.net\/newcantabriarallye\/wp-json\/wp\/v2\/comments?post=2321"}],"version-history":[{"count":1,"href":"https:\/\/www.cantabriarallye.net\/newcantabriarallye\/wp-json\/wp\/v2\/posts\/2321\/revisions"}],"predecessor-version":[{"id":2322,"href":"https:\/\/www.cantabriarallye.net\/newcantabriarallye\/wp-json\/wp\/v2\/posts\/2321\/revisions\/2322"}],"wp:attachment":[{"href":"https:\/\/www.cantabriarallye.net\/newcantabriarallye\/wp-json\/wp\/v2\/media?parent=2321"}],"wp:term":[{"taxonomy":"category","embeddable":true,"href":"https:\/\/www.cantabriarallye.net\/newcantabriarallye\/wp-json\/wp\/v2\/categories?post=2321"},{"taxonomy":"post_tag","embeddable":true,"href":"https:\/\/www.cantabriarallye.net\/newcantabriarallye\/wp-json\/wp\/v2\/tags?post=2321"}],"curies":[{"name":"wp","href":"https:\/\/api.w.org\/{rel}","templated":true}]}}