{"id":2381,"date":"2016-02-28T22:26:44","date_gmt":"2016-02-28T20:26:44","guid":{"rendered":"http:\/\/www.cantabriarallye.net\/newcantabriarallye\/?p=2381"},"modified":"2016-02-28T22:34:44","modified_gmt":"2016-02-28T20:34:44","slug":"borja-pelayo-campeon-junior-de-cantabria-2015","status":"publish","type":"post","link":"https:\/\/www.cantabriarallye.net\/newcantabriarallye\/borja-pelayo-campeon-junior-de-cantabria-2015\/","title":{"rendered":"Borja Pelayo. Campe\u00f3n Junior de Cantabria 2015"},"content":{"rendered":"<p>Siguiendo con nuestras Video-Impresiones para esta ocasi\u00f3n, el turno era para Borja Pelayo. Nos acerc\u00e1bamos hasta Selaya para realizarle esta VIDEO IMPRESIONE. El l\u00edder del trofeo Junior nos hacia un hueco para hablar de la temporada 2015 y tambi\u00e9n de los planes futuros. En esta ocasi\u00f3n no le acompa\u00f1aba ninguno de sus copilotos, pues en la temporada pasada, ha salido con cuatro copilotos diferentes.. Una vez mas dimos un repaso a la temporada 2015, desgranando las pruebas en las que ha participado, hablando tambi\u00e9n de la temporada 2016.<\/p>\n<table border=\"0\" align=\"center\">\n<tbody>\n<tr>\n<td>\n<div align=\"center\"><img decoding=\"async\" src=\"https:\/\/www.cantabriarallye.net\/newcantabriarallye\/wp-content\/uploads\/2016\/noticias\/varios\/borja.jpg\" alt=\"\" \/><\/div>\n<\/td>\n<\/tr>\n<tr>\n<td>\n<div align=\"center\"><span style=\"font-size: small;\">Foto: Cantabriarallye.net<\/span><\/div>\n<\/td>\n<\/tr>\n<\/tbody>\n<\/table>\n<p><!--more--><\/p>\n<p>En esta ocasi\u00f3n, el entrevistado era el l\u00edder del campeonato Junior de Cantabria, siendo Borja Pelayo. El improvisado estudio de grabaci\u00f3n, era en esta ocasi\u00f3n, el sal\u00f3n de su casa.<\/p>\n<p>Ya hab\u00edamos entrevistado a Borja Pelayo, en la temporada 2013 para la revista con la que antes colaboraba. La anterior entrevista la realiz\u00e1bamos en el Pub Dujo de Selaya, donde realiz\u00e1bamos tambi\u00e9n las fitograf\u00edas que acompa\u00f1aban al reportaje.<\/p>\n<p>Puestos en contacto con Borja, no dudaba en concedernos estos momentos, si bien el trabajo de cada uno, marcaba la agenda, para realizar esta entrevista.<br \/>\nPodemos decir que ya\u00a0 terminamos estas rondas de Video-Impresiones, pues comienza la temporada de Rallyes en Cantabria, aunque no dejaremos esta seccion, si bien, trataremos de realizar algunas otras VIDEO-IMPRESIONES, con algo mas de tiempo.<\/p>\n<p>Espero disfruten como hemos disfrutado nosotros realizando estas Video-Impresiones, en esta ocasi\u00f3n al Campe\u00f3n junior de Cantabria<\/p>\n<p>&nbsp;<\/p>\n<h1 style=\"text-align: center;\"><strong>VIDEO-IMPRESIONES<br \/>\n<\/strong><\/h1>\n<table border=\"0\" width=\"57%\" align=\"center\">\n<tbody>\n<tr>\n<td>\n<div align=\"center\">Borja Pelayo<br \/>\nLider Campeonato Junior de Cantabria<\/div>\n<\/td>\n<\/tr>\n<tr>\n<td>\n<div align=\"center\"><iframe loading=\"lazy\" src=\"https:\/\/www.youtube.com\/embed\/u8ZQIEQHc6o?rel=0\" width=\"560\" height=\"315\" frameborder=\"0\" allowfullscreen=\"allowfullscreen\"><\/iframe><\/div>\n<\/td>\n<\/tr>\n<tr>\n<td>\n<hr align=\"center\" \/>\n<\/td>\n<\/tr>\n<tr>\n<td>\n<div align=\"center\"><script src=\"\/\/pagead2.googlesyndication.com\/pagead\/js\/adsbygoogle.js\" async=\"\"><\/script><!-- scrip coogle 336x280 --> <ins class=\"adsbygoogle\" style=\"display: inline-block; width: 336px; height: 280px;\" data-ad-client=\"ca-pub-8210995772042445\" data-ad-slot=\"6565883459\"><\/ins><script>\/\/ <![CDATA[\n(adsbygoogle = window.adsbygoogle || []).push({});\n\/\/ ]]><\/script><\/div>\n<\/td>\n<\/tr>\n<\/tbody>\n<\/table>\n<!-- AddThis Advanced Settings generic via filter on the_content --><!-- AddThis Share Buttons generic via filter on the_content -->","protected":false},"excerpt":{"rendered":"<p>Siguiendo con nuestras Video-Impresiones para esta ocasi\u00f3n, el turno era para Borja Pelayo. Nos acerc\u00e1bamos hasta Selaya para realizarle esta VIDEO IMPRESIONE. El l\u00edder del trofeo Junior nos hacia un hueco para hablar de la temporada 2015 y tambi\u00e9n de los planes futuros. En esta ocasi\u00f3n no le acompa\u00f1aba ninguno de sus copilotos, pues en [&hellip;]<!-- AddThis Advanced Settings generic via filter on wp_trim_excerpt --><!-- AddThis Share Buttons generic via filter on wp_trim_excerpt --><\/p>\n","protected":false},"author":2,"featured_media":0,"comment_status":"closed","ping_status":"open","sticky":false,"template":"","format":"standard","meta":{"_exactmetrics_skip_tracking":false,"_exactmetrics_sitenote_active":false,"_exactmetrics_sitenote_note":"","_exactmetrics_sitenote_category":0,"footnotes":""},"categories":[47],"tags":[],"class_list":["post-2381","post","type-post","status-publish","format-standard","hentry","category-video-impresiones"],"_links":{"self":[{"href":"https:\/\/www.cantabriarallye.net\/newcantabriarallye\/wp-json\/wp\/v2\/posts\/2381","targetHints":{"allow":["GET"]}}],"collection":[{"href":"https:\/\/www.cantabriarallye.net\/newcantabriarallye\/wp-json\/wp\/v2\/posts"}],"about":[{"href":"https:\/\/www.cantabriarallye.net\/newcantabriarallye\/wp-json\/wp\/v2\/types\/post"}],"author":[{"embeddable":true,"href":"https:\/\/www.cantabriarallye.net\/newcantabriarallye\/wp-json\/wp\/v2\/users\/2"}],"replies":[{"embeddable":true,"href":"https:\/\/www.cantabriarallye.net\/newcantabriarallye\/wp-json\/wp\/v2\/comments?post=2381"}],"version-history":[{"count":3,"href":"https:\/\/www.cantabriarallye.net\/newcantabriarallye\/wp-json\/wp\/v2\/posts\/2381\/revisions"}],"predecessor-version":[{"id":2386,"href":"https:\/\/www.cantabriarallye.net\/newcantabriarallye\/wp-json\/wp\/v2\/posts\/2381\/revisions\/2386"}],"wp:attachment":[{"href":"https:\/\/www.cantabriarallye.net\/newcantabriarallye\/wp-json\/wp\/v2\/media?parent=2381"}],"wp:term":[{"taxonomy":"category","embeddable":true,"href":"https:\/\/www.cantabriarallye.net\/newcantabriarallye\/wp-json\/wp\/v2\/categories?post=2381"},{"taxonomy":"post_tag","embeddable":true,"href":"https:\/\/www.cantabriarallye.net\/newcantabriarallye\/wp-json\/wp\/v2\/tags?post=2381"}],"curies":[{"name":"wp","href":"https:\/\/api.w.org\/{rel}","templated":true}]}}