{"id":2409,"date":"2016-03-10T01:15:57","date_gmt":"2016-03-09T23:15:57","guid":{"rendered":"http:\/\/www.cantabriarallye.net\/newcantabriarallye\/?p=2409"},"modified":"2016-03-10T01:18:55","modified_gmt":"2016-03-09T23:18:55","slug":"kiko-liano-miguel-penilla-campeones-copa-corsa-de-cantabria-2015","status":"publish","type":"post","link":"https:\/\/www.cantabriarallye.net\/newcantabriarallye\/kiko-liano-miguel-penilla-campeones-copa-corsa-de-cantabria-2015\/","title":{"rendered":"Kiko Lia\u00f1o &#8211; Miguel Penilla, Campeones Copa Corsa de Cantabria 2015"},"content":{"rendered":"<p>Siguiendo con nuestras Video-Impresiones, en esta ocasi\u00f3n finalizamos con nuestra \u00abronda de entrevistados\u00bb con los Campeones de la Copa Corsa de Cantabria. Comenzabamos esta ronda de entrevistados, cuando casi termin\u00e1bamos la temporada y ahora con las pruebas automovil\u00edsticas, llamando a la puerta volveremos de nuevo a las pruebas de motor, como venimos realizando en los \u00faltimos 15 a\u00f1os. Hemos intentado entrevistar a los principales CAMPEONES de Cantabria, si bien no est\u00e1n todos ellos, hemos tratado de realizarlo de la mejor manera posible.<br \/>\nEn esta ocasi\u00f3n nos desplaz\u00e1bamos a Solares para realizar nuestras VIDEO-IMPRESIONES a los Campeones de la Copa Corsa de Cantabria. De nuevo todo fueron facilidades por parte de Kiko y Miguel y pasamos unos momentos muy agradables, dando un repaso a toda la temporada 2015, as\u00ed como los planes de futuro para la temporada 2016.<\/p>\n<table border=\"0\" align=\"center\">\n<tbody>\n<tr>\n<td>\n<div align=\"center\"><img decoding=\"async\" src=\"https:\/\/www.cantabriarallye.net\/newcantabriarallye\/wp-content\/uploads\/2016\/noticias\/varios\/kiko.jpg\" alt=\"\" \/><\/div>\n<\/td>\n<\/tr>\n<tr>\n<td>\n<div align=\"center\"><span style=\"font-size: small;\">Foto: Cantabriarallye.net<\/span><\/div>\n<\/td>\n<\/tr>\n<\/tbody>\n<\/table>\n<p><!--more--><\/p>\n<p>Kiko Lia\u00f1o y Miguel Penilla nos citaban en Solares. Concretamente en el Bar \u00abEl cuevanuco\u00bb, regentado por el propio Kiko. R\u00e1pidamente preparamos la grabaci\u00f3n y \u00abmont\u00e1bamos\u00bb \u00abset\u00bb en el Bar, para hablar de lo que mas nos gusta. !!!de motor\u00a1\u00a1\u00a1<\/p>\n<p>Nuevamente el tiempo pasaba volando y la entrevista quedaba realizada. Con esta entrevista finalizamos nuestra \u00abronda\u00bb que comenzaba con la entrevista a Roberto L\u00f3pez Cagigal. Esta secci\u00f3n quedara \u00abaparcada\u00bb pero no olvidada, pues varias novedades en torno a las entrevistas se suceder\u00e1n en breve.<br \/>\nDe nuevo disfruten como hemos disfrutado nosotros, realizando la entrevista a los Campeones de la copa corsa de Cantabria.<\/p>\n<h1 style=\"text-align: center;\"><strong>VIDEO-IMPRESIONES<br \/>\n<\/strong><\/h1>\n<table border=\"0\" width=\"57%\" align=\"center\">\n<tbody>\n<tr>\n<td>\n<div align=\"center\">Kiko Lia\u00f1o &#8211; Miguel Penilla<br \/>\nCampeones Copa Corsa de Cantabria<\/div>\n<\/td>\n<\/tr>\n<tr>\n<td><iframe loading=\"lazy\" src=\"https:\/\/www.youtube.com\/embed\/Wtjbk6zhHyg?rel=0\" width=\"560\" height=\"315\" frameborder=\"0\" allowfullscreen=\"allowfullscreen\"><\/iframe><\/td>\n<\/tr>\n<tr>\n<td>\n<hr align=\"center\" \/>\n<\/td>\n<\/tr>\n<tr>\n<td>\n<div align=\"center\"><script src=\"\/\/pagead2.googlesyndication.com\/pagead\/js\/adsbygoogle.js\" async=\"\"><\/script><!-- scrip coogle 336x280 --> <ins class=\"adsbygoogle\" style=\"display: inline-block; width: 336px; height: 280px;\" data-ad-client=\"ca-pub-8210995772042445\" data-ad-slot=\"6565883459\"><\/ins><script>\/\/ <![CDATA[\n(adsbygoogle = window.adsbygoogle || []).push({});\n\/\/ ]]><\/script><\/div>\n<\/td>\n<\/tr>\n<\/tbody>\n<\/table>\n<!-- AddThis Advanced Settings generic via filter on the_content --><!-- AddThis Share Buttons generic via filter on the_content -->","protected":false},"excerpt":{"rendered":"<p>Siguiendo con nuestras Video-Impresiones, en esta ocasi\u00f3n finalizamos con nuestra \u00abronda de entrevistados\u00bb con los Campeones de la Copa Corsa de Cantabria. Comenzabamos esta ronda de entrevistados, cuando casi termin\u00e1bamos la temporada y ahora con las pruebas automovil\u00edsticas, llamando a la puerta volveremos de nuevo a las pruebas de motor, como venimos realizando en los [&hellip;]<!-- AddThis Advanced Settings generic via filter on wp_trim_excerpt --><!-- AddThis Share Buttons generic via filter on wp_trim_excerpt --><\/p>\n","protected":false},"author":2,"featured_media":0,"comment_status":"closed","ping_status":"open","sticky":false,"template":"","format":"standard","meta":{"_exactmetrics_skip_tracking":false,"_exactmetrics_sitenote_active":false,"_exactmetrics_sitenote_note":"","_exactmetrics_sitenote_category":0,"footnotes":""},"categories":[47],"tags":[],"class_list":["post-2409","post","type-post","status-publish","format-standard","hentry","category-video-impresiones"],"_links":{"self":[{"href":"https:\/\/www.cantabriarallye.net\/newcantabriarallye\/wp-json\/wp\/v2\/posts\/2409","targetHints":{"allow":["GET"]}}],"collection":[{"href":"https:\/\/www.cantabriarallye.net\/newcantabriarallye\/wp-json\/wp\/v2\/posts"}],"about":[{"href":"https:\/\/www.cantabriarallye.net\/newcantabriarallye\/wp-json\/wp\/v2\/types\/post"}],"author":[{"embeddable":true,"href":"https:\/\/www.cantabriarallye.net\/newcantabriarallye\/wp-json\/wp\/v2\/users\/2"}],"replies":[{"embeddable":true,"href":"https:\/\/www.cantabriarallye.net\/newcantabriarallye\/wp-json\/wp\/v2\/comments?post=2409"}],"version-history":[{"count":2,"href":"https:\/\/www.cantabriarallye.net\/newcantabriarallye\/wp-json\/wp\/v2\/posts\/2409\/revisions"}],"predecessor-version":[{"id":2412,"href":"https:\/\/www.cantabriarallye.net\/newcantabriarallye\/wp-json\/wp\/v2\/posts\/2409\/revisions\/2412"}],"wp:attachment":[{"href":"https:\/\/www.cantabriarallye.net\/newcantabriarallye\/wp-json\/wp\/v2\/media?parent=2409"}],"wp:term":[{"taxonomy":"category","embeddable":true,"href":"https:\/\/www.cantabriarallye.net\/newcantabriarallye\/wp-json\/wp\/v2\/categories?post=2409"},{"taxonomy":"post_tag","embeddable":true,"href":"https:\/\/www.cantabriarallye.net\/newcantabriarallye\/wp-json\/wp\/v2\/tags?post=2409"}],"curies":[{"name":"wp","href":"https:\/\/api.w.org\/{rel}","templated":true}]}}