{"id":2434,"date":"2016-03-20T23:25:15","date_gmt":"2016-03-20T21:25:15","guid":{"rendered":"http:\/\/www.cantabriarallye.net\/newcantabriarallye\/?p=2434"},"modified":"2016-04-15T15:16:45","modified_gmt":"2016-04-15T13:16:45","slug":"retro-competi-ya-esta-aqui","status":"publish","type":"post","link":"https:\/\/www.cantabriarallye.net\/newcantabriarallye\/retro-competi-ya-esta-aqui\/","title":{"rendered":"!!! Retro-Competi ya esta aqu\u00ed\u00a1\u00a1\u00a1"},"content":{"rendered":"<p>Queda muy poco para poder disfrutar de Retro-Competi, la feria del veh\u00edculo cl\u00e1sico de Competici\u00f3n, organizada por Juan Ma L\u00f3pez Cagigal. Una apuesta personal, por el veh\u00edculo cl\u00e1sico, que despu\u00e9s de mucho trabajo, por fin vera la luz, el fin de semana de Semana Santa.<br \/>\nUna gran exposici\u00f3n de mas de cincuenta coches cl\u00e1sicos de competici\u00f3n, llenaran el Pabell\u00f3n de Latas, cerca de Somo.<br \/>\nEn esta ocasi\u00f3n nos desplaz\u00e1bamos hasta el mismo Pabell\u00f3n, donde Juan Ma L\u00f3pez, nos explicaba todos los pormenores de la Feria, realizando el v\u00eddeo que acompa\u00f1a el articulo. Seguros estamos que ser\u00e1 un gran \u00e9xito de participaci\u00f3n y de publico en general. No lo olvides, del viernes al domingo, la cita ser\u00e1 en el Pabell\u00f3n, de Latas, cerca de Somo, con el Retro-competi.<\/p>\n<table border=\"0\" align=\"center\">\n<tbody>\n<tr>\n<td>\n<div align=\"center\"><img decoding=\"async\" src=\"https:\/\/www.cantabriarallye.net\/newcantabriarallye\/wp-content\/uploads\/2016\/noticias\/varios\/juanma.jpg\" alt=\"\" \/><\/div>\n<\/td>\n<\/tr>\n<tr>\n<td>\n<div align=\"center\"><span style=\"font-size: small;\">Foto: Cantabriarallye.net<\/span><\/div>\n<\/td>\n<\/tr>\n<\/tbody>\n<\/table>\n<p><!--more--><\/p>\n<p>Nuevamente mont\u00e1bamos nuestro \u00abestudio express\u00bb en las misma gradas del Pabell\u00f3n, para que Juan Ma nos contara todos los pormenores de la Feria.<\/p>\n<p>Nuevamente el tiempo pasaba volando y la entrevista quedaba realizada. De nuevo disfruten como hemos disfrutado nosotros, realizando la entrevista a el organizador de Retro-Competi, una apuesta del piloto de Suesa.<\/p>\n<h1 style=\"text-align: center;\"><strong>VIDEO-IMPRESIONES<br \/>\n<\/strong><\/h1>\n<table border=\"0\" width=\"57%\" align=\"center\">\n<tbody>\n<tr>\n<td>\n<div align=\"center\">Juan Ma L\u00f3pez Cagigal<br \/>\nOrganizador, Retro-Competi.<\/div>\n<\/td>\n<\/tr>\n<tr>\n<td><iframe loading=\"lazy\" src=\"https:\/\/www.youtube.com\/embed\/tfU068FcGGA?rel=0\" width=\"560\" height=\"315\" frameborder=\"0\" allowfullscreen=\"allowfullscreen\"><\/iframe><\/td>\n<\/tr>\n<tr>\n<td>\n<hr align=\"center\" \/>\n<\/td>\n<\/tr>\n<tr>\n<td>\n<div align=\"center\"><script src=\"\/\/pagead2.googlesyndication.com\/pagead\/js\/adsbygoogle.js\" async=\"\"><\/script><!-- scrip coogle 336x280 --> <ins class=\"adsbygoogle\" style=\"display: inline-block; width: 336px; height: 280px;\" data-ad-client=\"ca-pub-8210995772042445\" data-ad-slot=\"6565883459\"><\/ins><script>\/\/ <![CDATA[\n(adsbygoogle = window.adsbygoogle || []).push({});\n\/\/ ]]><\/script><\/div>\n<\/td>\n<\/tr>\n<\/tbody>\n<\/table>\n<!-- AddThis Advanced Settings generic via filter on the_content --><!-- AddThis Share Buttons generic via filter on the_content -->","protected":false},"excerpt":{"rendered":"<p>Queda muy poco para poder disfrutar de Retro-Competi, la feria del veh\u00edculo cl\u00e1sico de Competici\u00f3n, organizada por Juan Ma L\u00f3pez Cagigal. Una apuesta personal, por el veh\u00edculo cl\u00e1sico, que despu\u00e9s de mucho trabajo, por fin vera la luz, el fin de semana de Semana Santa. Una gran exposici\u00f3n de mas de cincuenta coches cl\u00e1sicos de [&hellip;]<!-- AddThis Advanced Settings generic via filter on wp_trim_excerpt --><!-- AddThis Share Buttons generic via filter on wp_trim_excerpt --><\/p>\n","protected":false},"author":2,"featured_media":0,"comment_status":"closed","ping_status":"open","sticky":false,"template":"","format":"standard","meta":{"_exactmetrics_skip_tracking":false,"_exactmetrics_sitenote_active":false,"_exactmetrics_sitenote_note":"","_exactmetrics_sitenote_category":0,"footnotes":""},"categories":[37,47],"tags":[],"class_list":["post-2434","post","type-post","status-publish","format-standard","hentry","category-c58-ultimas-nocicias","category-video-impresiones"],"_links":{"self":[{"href":"https:\/\/www.cantabriarallye.net\/newcantabriarallye\/wp-json\/wp\/v2\/posts\/2434","targetHints":{"allow":["GET"]}}],"collection":[{"href":"https:\/\/www.cantabriarallye.net\/newcantabriarallye\/wp-json\/wp\/v2\/posts"}],"about":[{"href":"https:\/\/www.cantabriarallye.net\/newcantabriarallye\/wp-json\/wp\/v2\/types\/post"}],"author":[{"embeddable":true,"href":"https:\/\/www.cantabriarallye.net\/newcantabriarallye\/wp-json\/wp\/v2\/users\/2"}],"replies":[{"embeddable":true,"href":"https:\/\/www.cantabriarallye.net\/newcantabriarallye\/wp-json\/wp\/v2\/comments?post=2434"}],"version-history":[{"count":3,"href":"https:\/\/www.cantabriarallye.net\/newcantabriarallye\/wp-json\/wp\/v2\/posts\/2434\/revisions"}],"predecessor-version":[{"id":2438,"href":"https:\/\/www.cantabriarallye.net\/newcantabriarallye\/wp-json\/wp\/v2\/posts\/2434\/revisions\/2438"}],"wp:attachment":[{"href":"https:\/\/www.cantabriarallye.net\/newcantabriarallye\/wp-json\/wp\/v2\/media?parent=2434"}],"wp:term":[{"taxonomy":"category","embeddable":true,"href":"https:\/\/www.cantabriarallye.net\/newcantabriarallye\/wp-json\/wp\/v2\/categories?post=2434"},{"taxonomy":"post_tag","embeddable":true,"href":"https:\/\/www.cantabriarallye.net\/newcantabriarallye\/wp-json\/wp\/v2\/tags?post=2434"}],"curies":[{"name":"wp","href":"https:\/\/api.w.org\/{rel}","templated":true}]}}