{"id":2440,"date":"2016-03-22T08:04:49","date_gmt":"2016-03-22T06:04:49","guid":{"rendered":"http:\/\/www.cantabriarallye.net\/newcantabriarallye\/?p=2440"},"modified":"2016-03-22T08:05:39","modified_gmt":"2016-03-22T06:05:39","slug":"buena-actuacion-de-pernia-garcia-en-el-rally-villa-de-adeje","status":"publish","type":"post","link":"https:\/\/www.cantabriarallye.net\/newcantabriarallye\/buena-actuacion-de-pernia-garcia-en-el-rally-villa-de-adeje\/","title":{"rendered":"Buena actuaci\u00f3n de Pern\u00eda &#8211; Garc\u00eda en el Rally Villa de Adeje."},"content":{"rendered":"<p>Surhayen Pern\u00eda afrontaba en el Rally Villa de Adeje, su segunda carrera del a\u00f1o. El objetivo no era otro que continuar con su adaptaci\u00f3n con el Renault Clio R3T, aprovechando su estancia en el archipi\u00e9lago canario, y puntuar de esta manera para los campeonatos de 2RM, R3T y Copa de Espa\u00f1a de Veh\u00edculos FIA.<br \/>\nPern\u00eda iniciaba el rally con seis tramos cronometrados, en donde se situaba noveno clasificado general, cuarto 2RM, segundo en clase 3 y l\u00edder en R3T. El c\u00e1ntabro ve\u00eda en el local Victor Delgado a su m\u00e1ximo rival, llegando a final de d\u00eda con una desventaja de casi 30 segundos.<br \/>\nEl objetivo para la jornada del s\u00e1bado no era otro que adelantar a Delgado y hacerse as\u00ed con un podio en 2RM.<\/p>\n<table border=\"0\" align=\"center\">\n<tbody>\n<tr>\n<td>\n<div align=\"center\"><img decoding=\"async\" src=\"https:\/\/www.cantabriarallye.net\/newcantabriarallye\/wp-content\/uploads\/2016\/noticias\/varios\/perni.jpg\" alt=\"\" \/><\/div>\n<\/td>\n<\/tr>\n<tr>\n<td>\n<div align=\"center\"><span style=\"font-size: small;\">Foto:Prensa Shura Pernia<\/span><\/div>\n<\/td>\n<\/tr>\n<\/tbody>\n<\/table>\n<p><!--more--><\/p>\n<p>El piloto de C\u00f3breces sal\u00eda con todo por la ma\u00f1ana y pese a adolecer algunos problemas de embrague, recortaba en 15 segundos la ventaja que Delgado hab\u00eda obtenido el d\u00eda anterior. Se presentaba entonces un \u00faltimo bucle entretenido, en el que finalmente, Surhayen y Juan Luis adelantaban al 208 del canario, y sub\u00edan al tercer caj\u00f3n de 2 ruedas motrices por tan solo 8 d\u00e9cimas. Adem\u00e1s, Pern\u00eda era vencedor en clase 3 y R3T.<\/p>\n<p>Texto:<span style=\"font-size: medium;\">Prensa Shura Pernia<\/span><\/p>\n<p>&nbsp;<\/p>\n<div align=\"center\"><script src=\"\/\/pagead2.googlesyndication.com\/pagead\/js\/adsbygoogle.js\" async=\"\"><\/script><!-- script_google_rectangular_336X280 --> <ins class=\"adsbygoogle\" style=\"display: inline-block; width: 336px; height: 280px;\" data-ad-client=\"ca-pub-8210995772042445\" data-ad-slot=\"5950103458\"><\/ins><script>\/\/ <![CDATA[\n(adsbygoogle = window.adsbygoogle || []).push({});\n\/\/ ]]><\/script><\/div>\n<!-- AddThis Advanced Settings generic via filter on the_content --><!-- AddThis Share Buttons generic via filter on the_content -->","protected":false},"excerpt":{"rendered":"<p>Surhayen Pern\u00eda afrontaba en el Rally Villa de Adeje, su segunda carrera del a\u00f1o. El objetivo no era otro que continuar con su adaptaci\u00f3n con el Renault Clio R3T, aprovechando su estancia en el archipi\u00e9lago canario, y puntuar de esta manera para los campeonatos de 2RM, R3T y Copa de Espa\u00f1a de Veh\u00edculos FIA. Pern\u00eda [&hellip;]<!-- AddThis Advanced Settings generic via filter on wp_trim_excerpt --><!-- AddThis Share Buttons generic via filter on wp_trim_excerpt --><\/p>\n","protected":false},"author":2,"featured_media":0,"comment_status":"closed","ping_status":"open","sticky":false,"template":"","format":"standard","meta":{"_exactmetrics_skip_tracking":false,"_exactmetrics_sitenote_active":false,"_exactmetrics_sitenote_note":"","_exactmetrics_sitenote_category":0,"footnotes":""},"categories":[33],"tags":[],"class_list":["post-2440","post","type-post","status-publish","format-standard","hentry","category-c52-noticias-nacional-rallyes"],"_links":{"self":[{"href":"https:\/\/www.cantabriarallye.net\/newcantabriarallye\/wp-json\/wp\/v2\/posts\/2440","targetHints":{"allow":["GET"]}}],"collection":[{"href":"https:\/\/www.cantabriarallye.net\/newcantabriarallye\/wp-json\/wp\/v2\/posts"}],"about":[{"href":"https:\/\/www.cantabriarallye.net\/newcantabriarallye\/wp-json\/wp\/v2\/types\/post"}],"author":[{"embeddable":true,"href":"https:\/\/www.cantabriarallye.net\/newcantabriarallye\/wp-json\/wp\/v2\/users\/2"}],"replies":[{"embeddable":true,"href":"https:\/\/www.cantabriarallye.net\/newcantabriarallye\/wp-json\/wp\/v2\/comments?post=2440"}],"version-history":[{"count":3,"href":"https:\/\/www.cantabriarallye.net\/newcantabriarallye\/wp-json\/wp\/v2\/posts\/2440\/revisions"}],"predecessor-version":[{"id":2443,"href":"https:\/\/www.cantabriarallye.net\/newcantabriarallye\/wp-json\/wp\/v2\/posts\/2440\/revisions\/2443"}],"wp:attachment":[{"href":"https:\/\/www.cantabriarallye.net\/newcantabriarallye\/wp-json\/wp\/v2\/media?parent=2440"}],"wp:term":[{"taxonomy":"category","embeddable":true,"href":"https:\/\/www.cantabriarallye.net\/newcantabriarallye\/wp-json\/wp\/v2\/categories?post=2440"},{"taxonomy":"post_tag","embeddable":true,"href":"https:\/\/www.cantabriarallye.net\/newcantabriarallye\/wp-json\/wp\/v2\/tags?post=2440"}],"curies":[{"name":"wp","href":"https:\/\/api.w.org\/{rel}","templated":true}]}}