{"id":255,"date":"2013-03-13T13:29:11","date_gmt":"2013-03-13T13:29:11","guid":{"rendered":"http:\/\/www.cantabriarallye.net\/2015\/quique-ojeda-disputara-el-campeonato-de-espana-de-rallyes-con-el-ds3-de-auto-gomas\/"},"modified":"2015-02-22T19:52:34","modified_gmt":"2015-02-22T19:52:34","slug":"quique-ojeda-disputara-el-campeonato-de-espana-de-rallyes-con-el-ds3-de-auto-gomas","status":"publish","type":"post","link":"https:\/\/www.cantabriarallye.net\/newcantabriarallye\/quique-ojeda-disputara-el-campeonato-de-espana-de-rallyes-con-el-ds3-de-auto-gomas\/","title":{"rendered":"Quique Ojeda disputara el campeonato de Espa\u00f1a de rallyes con el DS3 de Auto Gomas"},"content":{"rendered":"<p>Finalmente se ha podido confirmar la participaci\u00f3n de Quique Garc\u00eda Ojeda con el Citro\u00ebn DS3 R3 del equipo Autogomas Cantabria en el Nacional de Rallyes 2013, con el objetivo de disputar el nuevo Campeonato de Espa\u00f1a de conductores de Rallyes de asfalto (Categor\u00edas 2,3 y 4), y despu\u00e9s de resultar vencedor del Trofeo de Espa\u00f1a R3 en 2012. La primera prueba que correr\u00e1 ser\u00e1 el rallye Islas Canarias los pr\u00f3ximos d\u00edas 22 y 23 de marzo.<br \/>\nEn Canarias su copiloto ser\u00e1 Pablo Marcos, con el que ya ha participado en numerosas ocasiones.<br \/>\nEl equipo estar\u00e1 de nuevo compuesto por: Quique Ojeda, Campe\u00f3n de la IRC (Intercontinental Rally Challenge) y Campe\u00f3n de Espa\u00f1a de Asfalto y de Tierra, piloto con sobrada y reconocida experiencia en todo tipo de terrenos.<\/p>\n<table border=\"0\" align=\"center\">\n<tbody>\n<tr>\n<td>\n<div align=\"center\"><img decoding=\"async\" src=\"https:\/\/www.cantabriarallye.net\/newcantabriarallye\/wp-content\/uploads\/2013\/noticias\/ojeda\/foto.jpg\" alt=\"\" \/><\/div>\n<\/td>\n<\/tr>\n<tr>\n<td>\n<div align=\"center\"><span style=\"font-size: small;\">Foto: Prensa Auto Gomas sport<\/span><\/div>\n<\/td>\n<\/tr>\n<\/tbody>\n<\/table>\n<p><!--more--> Autogomas Sport con una larga trayectoria en el mundo de la competici\u00f3n ser\u00e1 el encargado de la direcci\u00f3n deportiva del equipo.<br \/>\nKRS Rallyes es una empresa con una larga trayectoria en el mundo de los Rallyes, que cuenta con los conocimientos y los medios necesarios para hacerse cargo de la explotaci\u00f3n t\u00e9cnica y log\u00edstica que implica un proyecto de estas caracter\u00edsticas. KRS cuenta con una superficie total entre taller, oficinas y almac\u00e9n de 635 m2 y<br \/>\nequipadas con todo el tipo de maquinaria, incluyendo dino test. Se encargar\u00e1 de la infraestructura t\u00e9cnica y log\u00edstica.<\/p>\n<p>Quique comentaba esta misma ma\u00f1ana:<br \/>\n\u201ctodo el equipo CITROEN-AUTOGOMAS estamos muy ilusionado con esta temporada. Nuestro objetivo es disputar el<br \/>\nCampeonato de Espa\u00f1a de conductores de las categorias 2, 3 y 4. Poder disputar esta temporada con el equipo CITROEN-AUTOGOMAS es para m\u00ed un privilegio y espero dar el 120% para lograr el titulo. El CITROEN DS3 R3 es un coche fant\u00e1stico que nos ha dado muchas satisfacciones, adem\u00e1s de r\u00e1pido el Citro\u00ebn DS3 ha demostrado un fiabilidad incre\u00edble. Tenemos muchos datos acumulados de la temporada pasada que pondremos en pr\u00e1ctica este a\u00f1o, lo cual nos da una confianza extra para afrontar este ilusionante proyecto&#8230; \u201d<\/p>\n<p>Inicialmente, aunque podremos ir descartando alguna prueba, realizaremos todas los rallyes del campeonato de Espa\u00f1a 2013 y que ser\u00e1n:<br \/>\n1-RALLYE ISLAS CANARIAS -TROFEO CORTE INGLES 22-23 MARZO<br \/>\n2-RALLYE CANTABRIA INTERNACIONAL 17-18 MAYO<br \/>\n3-RALLYE RIAS BAJAS 31 MAYO<br \/>\n4-RALLYE OURENSE 14-15 JUNIO<br \/>\n5-RALLYE CIUDAD DE FERROL 23-24 AGOSTO<br \/>\n6-RALLYE PRINCIPE DE ASTURIAS 13-14 SEPTIEMBRE<br \/>\n7-RALLYE VILLA DE LLANES 27-28 SEPTIEMBRE<br \/>\n8-RALLYE SIERRA MORENA 18-19 OCTUBRE<br \/>\n9-RALLYE COMUNIDAD DE MADRID-RACE 22-23 NOVIEMBRE<\/p>\n<p>Prensa Auto-Gomas Sport<\/p>\n<!-- AddThis Advanced Settings generic via filter on the_content --><!-- AddThis Share Buttons generic via filter on the_content -->","protected":false},"excerpt":{"rendered":"<p>Finalmente se ha podido confirmar la participaci\u00f3n de Quique Garc\u00eda Ojeda con el Citro\u00ebn DS3 R3 del equipo Autogomas Cantabria en el Nacional de Rallyes 2013, con el objetivo de disputar el nuevo Campeonato de Espa\u00f1a de conductores de Rallyes de asfalto (Categor\u00edas 2,3 y 4), y despu\u00e9s de resultar vencedor del Trofeo de Espa\u00f1a [&hellip;]<!-- AddThis Advanced Settings generic via filter on wp_trim_excerpt --><!-- AddThis Share Buttons generic via filter on wp_trim_excerpt --><\/p>\n","protected":false},"author":2,"featured_media":0,"comment_status":"closed","ping_status":"closed","sticky":false,"template":"","format":"standard","meta":{"_exactmetrics_skip_tracking":false,"_exactmetrics_sitenote_active":false,"_exactmetrics_sitenote_note":"","_exactmetrics_sitenote_category":0,"footnotes":""},"categories":[33],"tags":[],"class_list":["post-255","post","type-post","status-publish","format-standard","hentry","category-c52-noticias-nacional-rallyes"],"_links":{"self":[{"href":"https:\/\/www.cantabriarallye.net\/newcantabriarallye\/wp-json\/wp\/v2\/posts\/255","targetHints":{"allow":["GET"]}}],"collection":[{"href":"https:\/\/www.cantabriarallye.net\/newcantabriarallye\/wp-json\/wp\/v2\/posts"}],"about":[{"href":"https:\/\/www.cantabriarallye.net\/newcantabriarallye\/wp-json\/wp\/v2\/types\/post"}],"author":[{"embeddable":true,"href":"https:\/\/www.cantabriarallye.net\/newcantabriarallye\/wp-json\/wp\/v2\/users\/2"}],"replies":[{"embeddable":true,"href":"https:\/\/www.cantabriarallye.net\/newcantabriarallye\/wp-json\/wp\/v2\/comments?post=255"}],"version-history":[{"count":2,"href":"https:\/\/www.cantabriarallye.net\/newcantabriarallye\/wp-json\/wp\/v2\/posts\/255\/revisions"}],"predecessor-version":[{"id":825,"href":"https:\/\/www.cantabriarallye.net\/newcantabriarallye\/wp-json\/wp\/v2\/posts\/255\/revisions\/825"}],"wp:attachment":[{"href":"https:\/\/www.cantabriarallye.net\/newcantabriarallye\/wp-json\/wp\/v2\/media?parent=255"}],"wp:term":[{"taxonomy":"category","embeddable":true,"href":"https:\/\/www.cantabriarallye.net\/newcantabriarallye\/wp-json\/wp\/v2\/categories?post=255"},{"taxonomy":"post_tag","embeddable":true,"href":"https:\/\/www.cantabriarallye.net\/newcantabriarallye\/wp-json\/wp\/v2\/tags?post=255"}],"curies":[{"name":"wp","href":"https:\/\/api.w.org\/{rel}","templated":true}]}}