{"id":2735,"date":"2016-08-31T08:07:26","date_gmt":"2016-08-31T06:07:26","guid":{"rendered":"http:\/\/www.cantabriarallye.net\/newcantabriarallye\/?p=2735"},"modified":"2016-08-31T13:48:08","modified_gmt":"2016-08-31T11:48:08","slug":"en-busca-del-nuevo-presidente","status":"publish","type":"post","link":"https:\/\/www.cantabriarallye.net\/newcantabriarallye\/en-busca-del-nuevo-presidente\/","title":{"rendered":"En busca del NUEVO Presidente"},"content":{"rendered":"<p>Seguimos Igual. Despu\u00e9s de en la jornada del martes, se celebrarsen las elecciones de clubes, parece ser que hay un \u00abempate t\u00e9cnico\u00bb y el nuevo presidente se podr\u00e1 saber en la pr\u00f3xima asamblea que, no tiene fecha estipulada, pues coincid\u00eda con el Rallye de Llanes.<br \/>\nDe los 16 clubes llamados a las urnas, tan solo se presentaron 15 de ellos, con lo que las cosas quedaban aun m\u00e1s \u00aben el aire\u00bb. Finalmente en cuanto se cumpl\u00eda el plazo estipulado y la \u00abseguridad\u00bb nos dejaba entrar, se proced\u00eda al recuento de votos.<br \/>\nSeguimos pendientes de las negociaciones de ultima hora, para nombrar al nuevo presidente de la Federaci\u00f3n C\u00e1ntabra de automovilismo.<br \/>\nAhora todo son hip\u00f3tesis y como reza en nuestra foto de portada,\u00bb La FCTA, en busca del Presidente\u00bb.<\/p>\n<table border=\"0\" align=\"center\">\n<tbody>\n<tr>\n<td>\n<div align=\"center\"><img decoding=\"async\" src=\"https:\/\/www.cantabriarallye.net\/newcantabriarallye\/wp-content\/uploads\/2016\/noticias\/varios\/presi.jpg\" alt=\"\" \/><\/div>\n<\/td>\n<\/tr>\n<tr>\n<td>\n<div align=\"center\"><span style=\"font-size: small;\">Foto:internet<\/span><\/div>\n<\/td>\n<\/tr>\n<\/tbody>\n<\/table>\n<p><!--more--><\/p>\n<div align=\"center\"><script src=\"\/\/pagead2.googlesyndication.com\/pagead\/js\/adsbygoogle.js\" async=\"\"><\/script><!-- script_google_rectangular_336X280 --> <ins class=\"adsbygoogle\" style=\"display: inline-block; width: 336px; height: 280px;\" data-ad-client=\"ca-pub-8210995772042445\" data-ad-slot=\"5950103458\"><\/ins><script>\/\/ <![CDATA[\n(adsbygoogle = window.adsbygoogle || []).push({});\n\/\/ ]]><\/script><\/div>\n<!-- AddThis Advanced Settings generic via filter on the_content --><!-- AddThis Share Buttons generic via filter on the_content -->","protected":false},"excerpt":{"rendered":"<p>Seguimos Igual. Despu\u00e9s de en la jornada del martes, se celebrarsen las elecciones de clubes, parece ser que hay un \u00abempate t\u00e9cnico\u00bb y el nuevo presidente se podr\u00e1 saber en la pr\u00f3xima asamblea que, no tiene fecha estipulada, pues coincid\u00eda con el Rallye de Llanes. De los 16 clubes llamados a las urnas, tan solo [&hellip;]<!-- AddThis Advanced Settings generic via filter on wp_trim_excerpt --><!-- AddThis Share Buttons generic via filter on wp_trim_excerpt --><\/p>\n","protected":false},"author":2,"featured_media":0,"comment_status":"closed","ping_status":"open","sticky":false,"template":"","format":"standard","meta":{"_exactmetrics_skip_tracking":false,"_exactmetrics_sitenote_active":false,"_exactmetrics_sitenote_note":"","_exactmetrics_sitenote_category":0,"footnotes":""},"categories":[37],"tags":[],"class_list":["post-2735","post","type-post","status-publish","format-standard","hentry","category-c58-ultimas-nocicias"],"_links":{"self":[{"href":"https:\/\/www.cantabriarallye.net\/newcantabriarallye\/wp-json\/wp\/v2\/posts\/2735","targetHints":{"allow":["GET"]}}],"collection":[{"href":"https:\/\/www.cantabriarallye.net\/newcantabriarallye\/wp-json\/wp\/v2\/posts"}],"about":[{"href":"https:\/\/www.cantabriarallye.net\/newcantabriarallye\/wp-json\/wp\/v2\/types\/post"}],"author":[{"embeddable":true,"href":"https:\/\/www.cantabriarallye.net\/newcantabriarallye\/wp-json\/wp\/v2\/users\/2"}],"replies":[{"embeddable":true,"href":"https:\/\/www.cantabriarallye.net\/newcantabriarallye\/wp-json\/wp\/v2\/comments?post=2735"}],"version-history":[{"count":3,"href":"https:\/\/www.cantabriarallye.net\/newcantabriarallye\/wp-json\/wp\/v2\/posts\/2735\/revisions"}],"predecessor-version":[{"id":2739,"href":"https:\/\/www.cantabriarallye.net\/newcantabriarallye\/wp-json\/wp\/v2\/posts\/2735\/revisions\/2739"}],"wp:attachment":[{"href":"https:\/\/www.cantabriarallye.net\/newcantabriarallye\/wp-json\/wp\/v2\/media?parent=2735"}],"wp:term":[{"taxonomy":"category","embeddable":true,"href":"https:\/\/www.cantabriarallye.net\/newcantabriarallye\/wp-json\/wp\/v2\/categories?post=2735"},{"taxonomy":"post_tag","embeddable":true,"href":"https:\/\/www.cantabriarallye.net\/newcantabriarallye\/wp-json\/wp\/v2\/tags?post=2735"}],"curies":[{"name":"wp","href":"https:\/\/api.w.org\/{rel}","templated":true}]}}