{"id":2751,"date":"2016-09-11T18:52:03","date_gmt":"2016-09-11T16:52:03","guid":{"rendered":"http:\/\/www.cantabriarallye.net\/newcantabriarallye\/?p=2751"},"modified":"2016-09-11T18:56:30","modified_gmt":"2016-09-11T16:56:30","slug":"raul-lopez-cagigal-siempre-con-proyectos","status":"publish","type":"post","link":"https:\/\/www.cantabriarallye.net\/newcantabriarallye\/raul-lopez-cagigal-siempre-con-proyectos\/","title":{"rendered":"Ra\u00fal L\u00f3pez Cagigal &#8211; Siempre con Proyectos."},"content":{"rendered":"<p>Volvemos de nuevo con nuestras \u00abVideo Impresiones &#8211; on line\u00bb. Finalmente y despu\u00e9s de mucho trabajo, termin\u00e1bamos nuestro \u00abMini Studio\u00bb en el Alto de Malia\u00f1o. Un lugar donde poder hacer las \u00abvideo-entrevistas\u00bb que tan buena acogida han tenido. Para esta ocasi\u00f3n, quer\u00edamos inaugurar el Studio, con uno de los pilotos que \u00abse nos quedo en el tintero\u00bb en la pasada temporada. Nos referimos a Ra\u00fal L\u00f3pez Cagigal, con el que estuvimos charlando de sus coches y sus proyectos.<\/p>\n<table border=\"0\" align=\"center\">\n<tbody>\n<tr>\n<td>\n<div align=\"center\"><img decoding=\"async\" src=\"https:\/\/www.cantabriarallye.net\/newcantabriarallye\/wp-content\/uploads\/2016\/noticias\/varios\/raullc.jpg\" alt=\"\" \/><\/div>\n<\/td>\n<\/tr>\n<tr>\n<td>\n<div align=\"center\"><span style=\"font-size: small;\">Foto: Cantabriarallye.net<\/span><\/div>\n<\/td>\n<\/tr>\n<\/tbody>\n<\/table>\n<p><!--more--><\/p>\n<p>En esta ocasi\u00f3n, nuestro entrevistado es Ra\u00fal L\u00f3pez Cagigal. Ya en la pasada temporada entrevist\u00e1bamos a sus hermanos Juan Ma y To\u00f1o, pero nos faltaba el benjam\u00edn de la familia. (En aquella ocasi\u00f3n, no ten\u00edamos camaras para todos).<br \/>\nDespu\u00e9s de los \u00faltimos \u00abretoques\u00bb en nuestro \u00abStudio\u00bb y aprovechando \u00abque no hay carreras en Cantabria\u00bb , invitamos a Ra\u00fal para realizarle la entrevista. De nuevo espero disfruten como lo hemos echo nosotros, hablando con este JOVEN piloto pero a la vez MUY VETERANO en las carreras de Cantabria.<\/p>\n<p>&nbsp;<\/p>\n<h1 style=\"text-align: center;\"><strong>VIDEO-IMPRESIONES<br \/>\n<\/strong><\/h1>\n<table border=\"0\" width=\"57%\" align=\"center\">\n<tbody>\n<tr>\n<td>\n<div align=\"center\">Ra\u00fal L\u00f3pez Cagigal<br \/>\nSiempre con Proyectos<\/div>\n<\/td>\n<\/tr>\n<tr>\n<td>\n<div align=\"center\"><iframe loading=\"lazy\" src=\"https:\/\/www.youtube.com\/embed\/Izb5KEgP0ek?rel=0\" width=\"560\" height=\"315\" frameborder=\"0\" allowfullscreen=\"allowfullscreen\"><\/iframe><\/div>\n<\/td>\n<\/tr>\n<tr>\n<td>\n<hr align=\"center\" \/>\n<\/td>\n<\/tr>\n<tr>\n<td>\n<div align=\"center\"><script src=\"\/\/pagead2.googlesyndication.com\/pagead\/js\/adsbygoogle.js\" async=\"\"><\/script><!-- scrip coogle 336x280 --> <ins class=\"adsbygoogle\" style=\"display: inline-block; width: 336px; height: 280px;\" data-ad-client=\"ca-pub-8210995772042445\" data-ad-slot=\"6565883459\"><\/ins><script>\/\/ <![CDATA[\n(adsbygoogle = window.adsbygoogle || []).push({});\n\/\/ ]]><\/script><\/div>\n<\/td>\n<\/tr>\n<\/tbody>\n<\/table>\n<!-- AddThis Advanced Settings generic via filter on the_content --><!-- AddThis Share Buttons generic via filter on the_content -->","protected":false},"excerpt":{"rendered":"<p>Volvemos de nuevo con nuestras \u00abVideo Impresiones &#8211; on line\u00bb. Finalmente y despu\u00e9s de mucho trabajo, termin\u00e1bamos nuestro \u00abMini Studio\u00bb en el Alto de Malia\u00f1o. Un lugar donde poder hacer las \u00abvideo-entrevistas\u00bb que tan buena acogida han tenido. Para esta ocasi\u00f3n, quer\u00edamos inaugurar el Studio, con uno de los pilotos que \u00abse nos quedo en [&hellip;]<!-- AddThis Advanced Settings generic via filter on wp_trim_excerpt --><!-- AddThis Share Buttons generic via filter on wp_trim_excerpt --><\/p>\n","protected":false},"author":2,"featured_media":0,"comment_status":"closed","ping_status":"open","sticky":false,"template":"","format":"standard","meta":{"_exactmetrics_skip_tracking":false,"_exactmetrics_sitenote_active":false,"_exactmetrics_sitenote_note":"","_exactmetrics_sitenote_category":0,"footnotes":""},"categories":[47],"tags":[],"class_list":["post-2751","post","type-post","status-publish","format-standard","hentry","category-video-impresiones"],"_links":{"self":[{"href":"https:\/\/www.cantabriarallye.net\/newcantabriarallye\/wp-json\/wp\/v2\/posts\/2751","targetHints":{"allow":["GET"]}}],"collection":[{"href":"https:\/\/www.cantabriarallye.net\/newcantabriarallye\/wp-json\/wp\/v2\/posts"}],"about":[{"href":"https:\/\/www.cantabriarallye.net\/newcantabriarallye\/wp-json\/wp\/v2\/types\/post"}],"author":[{"embeddable":true,"href":"https:\/\/www.cantabriarallye.net\/newcantabriarallye\/wp-json\/wp\/v2\/users\/2"}],"replies":[{"embeddable":true,"href":"https:\/\/www.cantabriarallye.net\/newcantabriarallye\/wp-json\/wp\/v2\/comments?post=2751"}],"version-history":[{"count":1,"href":"https:\/\/www.cantabriarallye.net\/newcantabriarallye\/wp-json\/wp\/v2\/posts\/2751\/revisions"}],"predecessor-version":[{"id":2752,"href":"https:\/\/www.cantabriarallye.net\/newcantabriarallye\/wp-json\/wp\/v2\/posts\/2751\/revisions\/2752"}],"wp:attachment":[{"href":"https:\/\/www.cantabriarallye.net\/newcantabriarallye\/wp-json\/wp\/v2\/media?parent=2751"}],"wp:term":[{"taxonomy":"category","embeddable":true,"href":"https:\/\/www.cantabriarallye.net\/newcantabriarallye\/wp-json\/wp\/v2\/categories?post=2751"},{"taxonomy":"post_tag","embeddable":true,"href":"https:\/\/www.cantabriarallye.net\/newcantabriarallye\/wp-json\/wp\/v2\/tags?post=2751"}],"curies":[{"name":"wp","href":"https:\/\/api.w.org\/{rel}","templated":true}]}}