{"id":3056,"date":"2017-03-05T12:57:37","date_gmt":"2017-03-05T10:57:37","guid":{"rendered":"http:\/\/www.cantabriarallye.net\/newcantabriarallye\/?p=3056"},"modified":"2017-03-05T12:57:37","modified_gmt":"2017-03-05T10:57:37","slug":"belokimugica-consiguen-la-victoria-en-guriezo","status":"publish","type":"post","link":"https:\/\/www.cantabriarallye.net\/newcantabriarallye\/belokimugica-consiguen-la-victoria-en-guriezo\/","title":{"rendered":"Beloki\/Mugica consiguen la Victoria en Guriezo"},"content":{"rendered":"<p>Endika Beloki y Paloma Mugica consegu\u00edan la victoria en el 15 Rallye de Guriezo, primera prueba del campeonato c\u00e1ntabro de velocidad. La segunda posici\u00f3n en el podium final era para Marcos Diego e Ivan Bartolom\u00e9, siendo Dani Pe\u00f1a y David Fern\u00e1ndez quienes consegu\u00edan la tercera posici\u00f3n.<br \/>\nEl trofeo Neum\u00e1ticos Hoznayo era para Marcos Diego al igual que el trofeo de propulsi\u00f3n. El grupo N era para Fredi Tames, siendo Miguel Guti\u00e9rrez, quienes se impon\u00eda entre los cl\u00e1sicos de regularidad.<br \/>\nPrimera prueba de la temporada organizada por la C.D.E. La Fundaci\u00f3n con una inscripci\u00f3n muy normalita, tirando a baja y que una vez mas, aumentaba gracias a los cl\u00e1sicos de regularidad.<\/p>\n<table border=\"0\" align=\"center\">\n<tbody>\n<tr>\n<td>\n<div align=\"center\"><img decoding=\"async\" src=\"https:\/\/www.cantabriarallye.net\/newcantabriarallye\/wp-content\/uploads\/2017\/pruebas2017\/guriezo\/beloki.jpg\"><\/div>\n<\/td>\n<\/tr>\n<tr>\n<td>\n<div align=\"center\"><span style=\"font-family: Verdana,Arial,Helvetica,sans-serif;\">Beloki\/Mugica consegu\u00edan la<br \/>\nvictoria en Guriezo.<br \/>\nFoto :CantabriaRallye.net<\/span><\/div>\n<\/td>\n<\/tr>\n<\/tbody>\n<\/table>\n<p><!--more--><\/p>\n<table border=\"0\" align=\"right\">\n<tbody>\n<tr>\n<td>\n<div align=\"center\"><img decoding=\"async\" src=\"https:\/\/www.cantabriarallye.net\/newcantabriarallye\/wp-content\/uploads\/2017\/pruebas2017\/guriezo\/beloki.jpg\"><\/div>\n<\/td>\n<\/tr>\n<tr>\n<td>\n<div align=\"center\"><span style=\"font-family: Verdana,Arial,Helvetica,sans-serif;\">Beloki\/Mugica consegu\u00edan la<br \/>\nvictoria en Guriezo.<br \/>\nFoto :CantabriaRallye.net<\/span><\/div>\n<\/td>\n<\/tr>\n<tr>\n<td>\n<div align=\"center\"><img decoding=\"async\" src=\"https:\/\/www.cantabriarallye.net\/newcantabriarallye\/wp-content\/uploads\/2017\/pruebas2017\/guriezo\/marcos.jpg\"><\/div>\n<\/td>\n<\/tr>\n<tr>\n<td>\n<div align=\"center\"><span style=\"font-family: Verdana,Arial,Helvetica,sans-serif;\">Marcos Diego era el<br \/>\nsegundo clasificado, ademas<br \/>\nde conseguir la propulsi\u00f3n<br \/>\ny la Neum\u00e1ticos Hoznayo.<br \/>\nFoto :CantabriaRallye.net<\/span><\/div>\n<\/td>\n<\/tr>\n<tr>\n<td>\n<div align=\"center\"><img decoding=\"async\" src=\"https:\/\/www.cantabriarallye.net\/newcantabriarallye\/wp-content\/uploads\/2017\/pruebas2017\/guriezo\/dani.jpg\"><\/div>\n<\/td>\n<\/tr>\n<tr>\n<td>\n<div align=\"center\"><span style=\"font-family: Verdana,Arial,Helvetica,sans-serif;\">Dani Pe\u00f1a se tenia que<br \/>\nconformar con la tercera<br \/>\nposici\u00f3n.<br \/>\nFoto :CantabriaRallye.net<\/span><\/div>\n<\/td>\n<\/tr>\n<\/tbody>\n<\/table>\n<p>Llegaba la primera prueba de la temporada, Los aficionado estabamos esperando pruebas de motor, como \u00abagua de mayo\u00bb. Con los cambios que ha habido en el calendario, en esta ocasi\u00f3n la primera de las pruebas era el Rallye de Guriezo, que en la pasada temporada no se realizaba por falta de presupuesto. Esta prueba siempre sol\u00eda ser la que \u00abhabr\u00eda\u00bb la competici\u00f3n de Rallyes en Cantabria.<br \/>\nEn esta ocasi\u00f3n, una \u00abnueva\u00bb organizaci\u00f3n s\u00e9 hacia cargo de la prueba, de reciente creaci\u00f3n, siendo el C.D.E. La Fundaci\u00f3n, la que se pon\u00eda manos a la obra.<br \/>\nDecir que bajo un nombre \u00abNUEVO\u00bb ten\u00edamos a oficiales veteranos, con muchos Rallyes a sus espaldas, con lo que el \u00e9xito estaba asegurado.<br \/>\nLa primera de las sorpresas es el nuevo formato que tiene este Rallye de Guriezo, con tan solo dos tramos y TRES pasadas en cada uno, dos en un sentido y otra en el contrario.<br \/>\nA los m\u00e1s veteranos nos recuerda aquel Rallye de San Vicente, que se realizaba en formato Rallysprint LARGO. (se recuerdan ustedes, temporada 2009 y que repet\u00eda en la temporada 2010, ambos con victoria de Matador)<br \/>\n<a href=\"https:\/\/www.cantabriarallye.net\/newcantabriarallye\/matador-vence-en-san-vicente\">Temporada 2009: <\/a><br \/>\n<a href=\"https:\/\/www.cantabriarallye.net\/newcantabriarallye\/rallye-de-san-vicente-matador-de-principio-a-fin\">Temporada 2010:<\/a><\/p>\n<p>Pues este formato, que ya cre\u00edamos \u00abdesterrado\u00bb de nuestro regional se repet\u00eda en el \u00abnuevo\u00bb Rallye de Guriezo, con el m\u00edtico tramo de Samano-Guriezo y el de Guriezo-Ampuero.<\/p>\n<p>Decir que este tipo de Rallyes ya no se va a repetir, pues la Nueva Federaci\u00f3n entiende, que estos formatos no tienen cabida en nuestro regional, aunque den el kilometraje. La nueva asamblea lo dejo claro.<\/p>\n<p>Antes de entrar en materia deportiva quer\u00eda hablar tambien de la inscripci\u00f3n, que para nuestro gusto fue baja, aunque con calidad, tomando salida aproximadamente 25 coches, siendo una vez MAS, los clasificas de regularidad, quienes salvan las inscripciones del Rallye.<br \/>\nLos horarios tambien estaban pensados para un Rallye \u00abmultitudinario\u00bb pero que si bien en los tramos de la ma\u00f1ana, el tema se realizaba \u00abfluido\u00bb en los tramos de la tarde, \u00abnos cogi\u00f3 la noche\u00bb y por poco nos comen los lobos (alguno se hubiera alegrado).<\/p>\n<p>La ilusi\u00f3n con que empez\u00e1bamos la temporada los aficionados, se \u00abtrunco\u00bb con esta prueba, que para 32 coches, con cl\u00e1sicos incluidos hemos estado unas doce horas, para DOS tramos en seis pasadas.<\/p>\n<p>Comenzaba la prueba con la disputa del tramo de Samano a Guriezo. Bonito tramo, coronando el alto de La Granja, para luego una Bajada hacia Guriezo \u00abcon coraz\u00f3n\u00bb y que si te descuidas, te pueden \u00abmeter la del pulpo\u00bb. En esta primera pasada el mejor de los cronos era para Marcos Diego e Ivan Bartolom\u00e9. . El piloto de Adelma competici\u00f3n comenzaba muy fuerte y consegu\u00eda un crono de 7:05,00, siendo la segunda posici\u00f3n para Dani Pe\u00f1a que consegu\u00eda EL MISMO CRONO, tan solo diferenciado en unas cent\u00e9simas de segundo.<br \/>\nRoberto Blanch con su Peugeot 208 R2 era el tercer clasificado a DOCE segundos del l\u00edder, siendo la cuarta posici\u00f3n para Pablo Fern\u00e1ndez con su Renal Clio. Endika Beloki era el quinto clasificado con un crono de 7:24,20.<br \/>\nEn poco mas de media hora se realizaba toda la pasada con cl\u00e1sicos incluidos.<\/p>\n<p>El segundo tramo en disputarse era EL MISMO en sentido contrario, de Guriezo hasta Samano.<br \/>\nEn esta segunda pasada el mejor de los cronos era para Dani Pe\u00f1a. El flamante y vigente campe\u00f3n de Cantabria, consegu\u00eda el mejor de los registros, siendo este de 7:24,60, siendo en esta ocasi\u00f3n la segunda posici\u00f3n para Beloki, que consegu\u00eda EL MISMO crono\u00bb, tan solo diferenciado por unas cent\u00e9simas de segundo. La prueba comenzaba a ponerse interesante.<br \/>\nPablo Fern\u00e1ndez con su afinado Renault Clio, se colocaba en la tercera posici\u00f3n a DIECINUEVE segundos del actual l\u00edder del tramo, siendo la cuarta posici\u00f3n para Roberto Blanch a VEINTIUN segundos del l\u00edder.<br \/>\nLa quinta posici\u00f3n era para Marcos Diego que consegu\u00eda un crono de 7:47,80 con su impresionante BMW Compact.<br \/>\nEl tercer tramo era ESTE MISMO, repetido. De nuevo Guriezo-Samano. En esta pasada la cosa cambiaba dr\u00e1sticamente, con Beloki tomando la delantera. El piloto vasco consegu\u00eda liderar el tramo holgadamente, con un crono de 7:20,70.<br \/>\nPor detr\u00e1s ten\u00edamos a Dani Pe\u00f1a que realizaba un trompo y perd\u00eda un tiempo precioso. El piloto de Auto gomas, consegu\u00eda colocar s\u00e9 a QUINCE segundos del actual l\u00edder del tramo. Roberto Blanch era el tercer clasificado, con UN segundo MAS que Pe\u00f1a, siendo la cuarta posici\u00f3n para Pablo Fern\u00e1ndez a DIECIOCHO segundos. El quito clasificado era Jes\u00fas P\u00e9rez con su Peugeot 208 R2 con un crono de 7:41,40. As\u00ed finalizaban las tres pasadas al Primer tramo de la ma\u00f1ana<br \/>\nProvisionalmente Dani Pe\u00f1a lideraba la prueba, siendo Beloki quien se colocaba en la segunda posici\u00f3n a casi CUATRO segundos. Marcos Diego era el tercer clasificado provisional.<br \/>\nAhora un reagrupamiento en Guriezo, para retomar la prueba con el tramo de la tarde, que tambien se le realizaban, TRES pasadas.<\/p>\n<p>&nbsp;<\/p>\n<div align=\"center\"><script async=\"\" src=\"\/\/pagead2.googlesyndication.com\/pagead\/js\/adsbygoogle.js\"><\/script> <!-- script_google_rectangular_336X280 --> <ins class=\"adsbygoogle\" style=\"display: inline-block; width: 336px; height: 280px;\" data-ad-client=\"ca-pub-8210995772042445\" data-ad-slot=\"5950103458\"><\/ins> <script>\n(adsbygoogle = window.adsbygoogle || []).push({});\n<\/script><\/div>\n<p><!--nextpage--><\/p>\n<table border=\"0\" align=\"right\">\n<tbody>\n<tr>\n<td>\n<div align=\"center\"><img decoding=\"async\" src=\"https:\/\/www.cantabriarallye.net\/newcantabriarallye\/wp-content\/uploads\/2017\/pruebas2017\/guriezo\/fredi.jpg\"><\/div>\n<\/td>\n<\/tr>\n<tr>\n<td>\n<div align=\"center\"><span style=\"font-family: Verdana,Arial,Helvetica,sans-serif;\">El grupo N era para Fredi Tames.<br \/>\nFoto :CantabriaRallye.net<\/span><\/div>\n<\/td>\n<\/tr>\n<tr>\n<td>\n<div align=\"center\"><img decoding=\"async\" src=\"https:\/\/www.cantabriarallye.net\/newcantabriarallye\/wp-content\/uploads\/2017\/pruebas2017\/guriezo\/urquijo.jpg\"><\/div>\n<\/td>\n<\/tr>\n<tr>\n<td>\n<div align=\"center\"><span style=\"font-family: Verdana,Arial,Helvetica,sans-serif;\">Urquijo era lider entre los<br \/>\nclasicos de Velocidad<br \/>\nFoto :CantabriaRallye.net<\/span><\/div>\n<\/td>\n<\/tr>\n<\/tbody>\n<\/table>\n<p>Y llegaban las pasadas al tramo de la tarde. El famoso tramo de Guriezo-Ampuero, que se volv\u00eda a repetir en dos ocasiones y Ampuero Guriezo en una ocasi\u00f3n.<br \/>\nNi que decir tiene que el tramo esta perfecto, con un piso espectacular, mas parecido a una autov\u00eda, pero&#8230;es lo que hay.<\/p>\n<p>Despu\u00e9s de algo de agua y una granizada, comenzaban los tramos de la tarde. Quedaban unos 21 coches de velocidad m\u00e1s los cl\u00e1sicos. La pasada comenzaba a su hora y los aficionados disfrut\u00e1bamos de nuestro deporte. La monta de neum\u00e1ticos fue predominante y el mejor de los cronos era para Beloki. El piloto vasco con su Mitsubishi, consegu\u00eda el mejor de los registros. 7:58,70 era el crono de Beloki.<br \/>\nLa segunda posici\u00f3n era para Pablo Fern\u00e1ndez con su Renault Clio, que rodaba muy bien y se colocaba a ONCE segundos del actual l\u00edder del tramo, siendo la tercera posici\u00f3n para Gerardo Gonz\u00e1lez, con su Ford Fiesta, que consegu\u00eda un crono de 8:15,40.<br \/>\nMarcos Diego con su BMW Compact era el cuarto clasificado con el MISMO crono que Gerardo Gonz\u00e1lez, tan solo diferenciado por unas cent\u00e9simas de segundo.<br \/>\nIoritz Odiaga nos sorprend\u00eda a todos con su Renault Megane consiguiendo la quinta posici\u00f3n con un crono de 8:22,40.<\/p>\n<p>As\u00ed terminaba esta pasada, para luego, disputarse las otras DOS en sentido contrario sobre el MISMO tramo.<br \/>\nCambiaban las ambulancias de lugar y los equipos de cronometraje y comenzaba la siguiente pasada.<br \/>\nDe Guriezo a Ampuero, el mejor de los cronos en esta pasada era para Pe\u00f1a, que intentaba defender sus cronos, como gato panza arriba. Aun as\u00ed el de Auto Gomas consegu\u00eda un registro de 7:44,70, siendo Marcos Diego, quien le plantaba cara y se colocaba a UN solo segundo del actual l\u00edder del tramo. Volv\u00eda un \u00abpoquito\u00bb la emoci\u00f3n al Rallye de Guriezo.<br \/>\nPablo Fern\u00e1ndez era el tercer clasificado con su Afinado Renault Clio. El piloto de Pe Flax, hacia vibrar a los pocos aficionados que pobl\u00e1bamos la carretera.<br \/>\nMartxell Coteron y su BMW M5 eran quienes consegu\u00edan la cuarta posici\u00f3n a OCHO segundos del l\u00edder, siendo el quinto clasificado Endika Beloki a TRECE segundos del l\u00edder.<\/p>\n<p>Terminaba esta pasada y nos cogi\u00f3 LA NOCHE, antes de comenzar la siguiente pasada.<br \/>\nComenzaba la siguiente pasada en el mismo sentido, en donde Marcos Diego, consegu\u00eda el mejor registro en un tramo \u00abdesierto\u00bb de aficionados que marchaban aburridos hacia sus coches.<br \/>\n7:51,50 era el crono de Diego, siendo la segunda posici\u00f3n para Dani Pe\u00f1a a CUATRO segundos del l\u00edder.<br \/>\nPablo Fern\u00e1ndez con su Clio era el tercer clasificado a SIETE segundos del l\u00edder, siendo Coteron el cuarto clasificado con su M5, a QUINCE segundos del l\u00edder. Miguel Guti\u00e9rrez era el quinto clasificado con BMW 316 E30.<br \/>\nFinalmente con los cronos en la mano, el l\u00edder de la prueba era Endika Beloki, seguido de Marcos Diego y Dani Pe\u00f1a.<br \/>\nEl grupo N era para Fredi Tames, seguido de Alberto Caracuel<br \/>\nEl trofeo Neum\u00e1ticos Hoznayo era para Marcos Diego, seguido de Pablo Fern\u00e1ndez y Gerardo Gonz\u00e1lez.<br \/>\nLa propulsi\u00f3n era para Marcos Diego, seguido de Martxell Coteron y Javier Urquijo.<br \/>\nLos cl\u00e1sicos de Velocidad, eran para Javier Urquijo, seguido de Ram\u00f3n Mart\u00ednez y Miguel Guti\u00e9rrez.<br \/>\nAs\u00ed terminaba una nueva edicion de Guriezo, primera prueba del campeonato c\u00e1ntabro de velocidad.<\/p>\n<p>&nbsp;<\/p>\n<p>&nbsp;<\/p>\n<p>&nbsp;<\/p>\n<table width=\"294\" border=\"0\" align=\"center\">\n<tbody>\n<tr>\n<td>\n<div align=\"center\"><span style=\"font-size: x-large;\"><b>!!! LA FOTO \u00a1\u00a1\u00a1<\/b><\/span><\/div>\n<\/td>\n<\/tr>\n<tr>\n<td>\n<div align=\"center\"><img decoding=\"async\" src=\"https:\/\/www.cantabriarallye.net\/newcantabriarallye\/wp-content\/uploads\/2017\/pruebas2017\/guriezo\/lafoto.jpg\"><\/div>\n<\/td>\n<\/tr>\n<tr>\n<td>\n<div align=\"center\">\n<p><span style=\"font-family: Verdana,Arial,Helvetica,sans-serif;\">En esta ocasi\u00f3n, LA FOTO de la primera prueba de la temporada, es para Jairo Ruiz y Tili.<br \/>\nNos hablaron de nuevos proyectos, como un Car Cross, ademas de realizar alguna que otra subida, ahora que este tipo de veh\u00edculo pueden realizarlas.<br \/>\nCuneteros, grandes aficionados y tambi\u00e9n excelentes pilotos y mejor amigos ambos.<\/span><span style=\"font-family: Verdana,Arial,Helvetica,sans-serif;\"><br \/>\nFoto :CantabriaRallye.net<\/span><\/p>\n<\/div>\n<\/td>\n<\/tr>\n<\/tbody>\n<\/table>\n<p>&nbsp;<\/p>\n<div align=\"center\"><script async=\"\" src=\"\/\/pagead2.googlesyndication.com\/pagead\/js\/adsbygoogle.js\"><\/script> <!-- script_google_rectangular_336X280 --> <ins class=\"adsbygoogle\" style=\"display: inline-block; width: 336px; height: 280px;\" data-ad-client=\"ca-pub-8210995772042445\" data-ad-slot=\"5950103458\"><\/ins> <script>\n(adsbygoogle = window.adsbygoogle || []).push({});\n<\/script><\/div>\n<!-- AddThis Advanced Settings generic via filter on the_content --><!-- AddThis Share Buttons generic via filter on the_content -->","protected":false},"excerpt":{"rendered":"<p>Endika Beloki y Paloma Mugica consegu\u00edan la victoria en el 15 Rallye de Guriezo, primera prueba del campeonato c\u00e1ntabro de velocidad. La segunda posici\u00f3n en el podium final era para Marcos Diego e Ivan Bartolom\u00e9, siendo Dani Pe\u00f1a y David Fern\u00e1ndez quienes consegu\u00edan la tercera posici\u00f3n. El trofeo Neum\u00e1ticos Hoznayo era para Marcos Diego al [&hellip;]<!-- AddThis Advanced Settings generic via filter on wp_trim_excerpt --><!-- AddThis Share Buttons generic via filter on wp_trim_excerpt --><\/p>\n","protected":false},"author":2,"featured_media":0,"comment_status":"closed","ping_status":"open","sticky":false,"template":"","format":"standard","meta":{"_exactmetrics_skip_tracking":false,"_exactmetrics_sitenote_active":false,"_exactmetrics_sitenote_note":"","_exactmetrics_sitenote_category":0,"footnotes":""},"categories":[18],"tags":[],"class_list":["post-3056","post","type-post","status-publish","format-standard","hentry","category-c31-rallyes"],"_links":{"self":[{"href":"https:\/\/www.cantabriarallye.net\/newcantabriarallye\/wp-json\/wp\/v2\/posts\/3056","targetHints":{"allow":["GET"]}}],"collection":[{"href":"https:\/\/www.cantabriarallye.net\/newcantabriarallye\/wp-json\/wp\/v2\/posts"}],"about":[{"href":"https:\/\/www.cantabriarallye.net\/newcantabriarallye\/wp-json\/wp\/v2\/types\/post"}],"author":[{"embeddable":true,"href":"https:\/\/www.cantabriarallye.net\/newcantabriarallye\/wp-json\/wp\/v2\/users\/2"}],"replies":[{"embeddable":true,"href":"https:\/\/www.cantabriarallye.net\/newcantabriarallye\/wp-json\/wp\/v2\/comments?post=3056"}],"version-history":[{"count":1,"href":"https:\/\/www.cantabriarallye.net\/newcantabriarallye\/wp-json\/wp\/v2\/posts\/3056\/revisions"}],"predecessor-version":[{"id":3057,"href":"https:\/\/www.cantabriarallye.net\/newcantabriarallye\/wp-json\/wp\/v2\/posts\/3056\/revisions\/3057"}],"wp:attachment":[{"href":"https:\/\/www.cantabriarallye.net\/newcantabriarallye\/wp-json\/wp\/v2\/media?parent=3056"}],"wp:term":[{"taxonomy":"category","embeddable":true,"href":"https:\/\/www.cantabriarallye.net\/newcantabriarallye\/wp-json\/wp\/v2\/categories?post=3056"},{"taxonomy":"post_tag","embeddable":true,"href":"https:\/\/www.cantabriarallye.net\/newcantabriarallye\/wp-json\/wp\/v2\/tags?post=3056"}],"curies":[{"name":"wp","href":"https:\/\/api.w.org\/{rel}","templated":true}]}}