{"id":3229,"date":"2017-05-28T12:57:05","date_gmt":"2017-05-28T10:57:05","guid":{"rendered":"http:\/\/www.cantabriarallye.net\/newcantabriarallye\/?p=3229"},"modified":"2017-05-28T13:10:49","modified_gmt":"2017-05-28T11:10:49","slug":"video-impresiones-la-retroclasica-marina-de-cudeyo-ya-esta-en-marcha","status":"publish","type":"post","link":"https:\/\/www.cantabriarallye.net\/newcantabriarallye\/video-impresiones-la-retroclasica-marina-de-cudeyo-ya-esta-en-marcha\/","title":{"rendered":"Video-Impresiones &#8211; La Retroclasica Marina de Cudeyo, ya esta en Marcha"},"content":{"rendered":"<p>Ya tenemos en breve, otra edici\u00f3n mas de la Retro-clasica Marina de Cudeyo, concretamente la IV edici\u00f3n. Fidel Sierra y todo su equipo de colaboradores, nos tienen preparado en el Ferial de Orejo, la Feria-Mercadillo de ocasi\u00f3n del Veh\u00edculo cl\u00e1sico y antiguo.<br \/>\nDespu\u00e9s del gran \u00e9xito de temporadas anteriores, en esta ocasi\u00f3n Fidel Sierra, nos trae varias novedades a la feria, realizandose en dos d\u00edas, habiendo tambi\u00e9n un rallye de regularidad, siendo de la modalidad de \u00abcalcar\u00bb. La cita ser\u00e1 los pr\u00f3ximos d\u00edas 3 y 4 de Junio.<br \/>\nEn esta ocasi\u00f3n, Fidel Sierra nos visitaba en nuestro Estudio del Alto de Malia\u00f1o y nos explicaba todos los entresijos de esta nueva edici\u00f3n.<\/p>\n<table align=\"center\" border=\"0\">\n<tbody>\n<tr>\n<td>\n<p align=\"center\"><img decoding=\"async\" src=\"https:\/\/www.cantabriarallye.net\/newcantabriarallye\/wp-content\/uploads\/2017\/noticias\/videoimpresiones\/retroclasica\/portada.jpg\"><\/p>\n<\/td>\n<\/tr>\n<tr>\n<td>\n<p align=\"center\"><span style=\"font-size: small;\">Foto: Cantabriarallye.net<\/span><\/p>\n<\/td>\n<\/tr>\n<\/tbody>\n<\/table>\n<p><!--more--><\/p>\n<p>Queda muy poco para poder disfrutar de la Retro-Clasica Marina de Cudeyo, mercadillo de ocasi\u00f3n del veh\u00edculo cl\u00e1sico y antiguo.<br \/>\nEl Ferial de Orejo, es el lugar elegido, para la celebraci\u00f3n de la feria, del veh\u00edculo cl\u00e1sico y antiguo.<\/p>\n<p>Una vez mas, nos pusimos manos a la obra y Fidel Sierra, nos realizaba un hueco en su dilatada Agenda, pues \u00absaltaba\u00bb de medio de comunicaci\u00f3n en medio de comunicaci\u00f3n&nbsp; y nos visitaba en nuestro Estudio del Alto de Malia\u00f1o.<\/p>\n<p>Nuevamente el tiempo pasaba volando y la entrevista quedaba realizada.<br \/>\nDe nuevo disfruten como hemos disfrutado nosotros, realizando la entrevista a el organizador de la Retroclasica Marina de Cudeyo.<br \/>\nPara mas informacion, <span style=\"font-family: Verdana,Arial,Helvetica,sans-serif;\"><a href=\"http:\/\/www.briefingsport.com\/\"><span style=\"font-size: small;\">Briefingsport.com<\/span><\/a><\/span><\/p>\n<h1 style=\"text-align: center;\"><strong>VIDEO-IMPRESIONES<br \/>\n<\/strong><\/h1>\n<table align=\"center\" border=\"0\" width=\"57%\">\n<tbody>\n<tr>\n<td>\n<p align=\"center\">Fidel Sierra<br \/>\nLa Retro-Clasica Marina de Cudeyo<\/p>\n<\/td>\n<\/tr>\n<tr>\n<td>\n<p align=\"center\"><iframe loading=\"lazy\" src=\"https:\/\/www.youtube.com\/embed\/vuhNL3yAe4s?rel=0\" allowfullscreen=\"allowfullscreen\" frameborder=\"0\" height=\"315\" width=\"560\"><\/iframe><\/p>\n<\/td>\n<\/tr>\n<tr>\n<td>\n<hr align=\"center\">\n<\/td>\n<\/tr>\n<tr>\n<td>\n<p align=\"center\"><a href=\"http:\/\/carpinteriabenjamin.com\/carpinteria.htm\"><img decoding=\"async\" src=\"https:\/\/www.cantabriarallye.net\/newcantabriarallye\/wp-content\/uploads\/2017\/noticias\/varios\/benjamin.jpg\" border=\"0\"><\/a><\/p>\n<\/td>\n<\/tr>\n<tr>\n<td>\n<p align=\"center\"><script async=\"\" src=\"\/\/pagead2.googlesyndication.com\/pagead\/js\/adsbygoogle.js\"><\/script> <!-- scrip coogle 336x280 --> <ins class=\"adsbygoogle\" style=\"display: inline-block; width: 336px; height: 280px;\" data-ad-client=\"ca-pub-8210995772042445\" data-ad-slot=\"6565883459\"><\/ins> <script>\n(adsbygoogle = window.adsbygoogle || []).push({});\n<\/script><\/p>\n<\/td>\n<\/tr>\n<\/tbody>\n<\/table>\n<!-- AddThis Advanced Settings generic via filter on the_content --><!-- AddThis Share Buttons generic via filter on the_content -->","protected":false},"excerpt":{"rendered":"<p>Ya tenemos en breve, otra edici\u00f3n mas de la Retro-clasica Marina de Cudeyo, concretamente la IV edici\u00f3n. Fidel Sierra y todo su equipo de colaboradores, nos tienen preparado en el Ferial de Orejo, la Feria-Mercadillo de ocasi\u00f3n del Veh\u00edculo cl\u00e1sico y antiguo. Despu\u00e9s del gran \u00e9xito de temporadas anteriores, en esta ocasi\u00f3n Fidel Sierra, nos [&hellip;]<!-- AddThis Advanced Settings generic via filter on wp_trim_excerpt --><!-- AddThis Share Buttons generic via filter on wp_trim_excerpt --><\/p>\n","protected":false},"author":2,"featured_media":0,"comment_status":"closed","ping_status":"open","sticky":false,"template":"","format":"standard","meta":{"_exactmetrics_skip_tracking":false,"_exactmetrics_sitenote_active":false,"_exactmetrics_sitenote_note":"","_exactmetrics_sitenote_category":0,"footnotes":""},"categories":[47],"tags":[],"class_list":["post-3229","post","type-post","status-publish","format-standard","hentry","category-video-impresiones"],"_links":{"self":[{"href":"https:\/\/www.cantabriarallye.net\/newcantabriarallye\/wp-json\/wp\/v2\/posts\/3229","targetHints":{"allow":["GET"]}}],"collection":[{"href":"https:\/\/www.cantabriarallye.net\/newcantabriarallye\/wp-json\/wp\/v2\/posts"}],"about":[{"href":"https:\/\/www.cantabriarallye.net\/newcantabriarallye\/wp-json\/wp\/v2\/types\/post"}],"author":[{"embeddable":true,"href":"https:\/\/www.cantabriarallye.net\/newcantabriarallye\/wp-json\/wp\/v2\/users\/2"}],"replies":[{"embeddable":true,"href":"https:\/\/www.cantabriarallye.net\/newcantabriarallye\/wp-json\/wp\/v2\/comments?post=3229"}],"version-history":[{"count":4,"href":"https:\/\/www.cantabriarallye.net\/newcantabriarallye\/wp-json\/wp\/v2\/posts\/3229\/revisions"}],"predecessor-version":[{"id":3234,"href":"https:\/\/www.cantabriarallye.net\/newcantabriarallye\/wp-json\/wp\/v2\/posts\/3229\/revisions\/3234"}],"wp:attachment":[{"href":"https:\/\/www.cantabriarallye.net\/newcantabriarallye\/wp-json\/wp\/v2\/media?parent=3229"}],"wp:term":[{"taxonomy":"category","embeddable":true,"href":"https:\/\/www.cantabriarallye.net\/newcantabriarallye\/wp-json\/wp\/v2\/categories?post=3229"},{"taxonomy":"post_tag","embeddable":true,"href":"https:\/\/www.cantabriarallye.net\/newcantabriarallye\/wp-json\/wp\/v2\/tags?post=3229"}],"curies":[{"name":"wp","href":"https:\/\/api.w.org\/{rel}","templated":true}]}}