{"id":4291,"date":"2019-05-06T20:59:42","date_gmt":"2019-05-06T18:59:42","guid":{"rendered":"http:\/\/www.cantabriarallye.net\/newcantabriarallye\/?p=4291"},"modified":"2019-05-06T21:49:08","modified_gmt":"2019-05-06T19:49:08","slug":"chus-puras-y-el-citroen-c3-r5-en-el-trasmiera","status":"publish","type":"post","link":"https:\/\/www.cantabriarallye.net\/newcantabriarallye\/chus-puras-y-el-citroen-c3-r5-en-el-trasmiera\/","title":{"rendered":"Chus Puras y el Citroen C3 R5 en el Trasmiera"},"content":{"rendered":"<p>El dos veces campe\u00f3n del Mundo y nueve veces campe\u00f3n de Espa\u00f1a, retorna a la competici\u00f3n en una prueba m\u00edtica: El Rallye Festival Trasmiera, prueba de exhibici\u00f3n sin tiempos cronometrados, que se disputar\u00e1, en las carreteras c\u00e1ntabras, el pr\u00f3ximo fin de semana. Hemos tenido que esperar pero \u00abPOR FIN\u00bb se ha confirmado.<br \/>\nNo tenemos que olvidarnos TAMPOCO de Dani Sordo, piloto mundialista que TAMBI\u00c9N estar\u00e1 en el Trasmiera con el BMW M3.<br \/>\nLa prueba comenzar\u00e1 el jueves d\u00eda 9 con la celebraci\u00f3n del Shakedown \u201cMemorial Capi Saiz\u201d, en recuerdo del piloto c\u00e1ntabro recientemente fallecido, en el espectacular tramo de Hermosa, donde se ver\u00e1 rodar a los participantes de esta edici\u00f3n 2.019.<\/p>\n<table align=\"center\" border=\"0\">\n<tbody>\n<tr>\n<td width=\"130\">\n<div align=\"center\"><img decoding=\"async\" src=\"https:\/\/www.cantabriarallye.net\/newcantabriarallye\/wp-content\/uploads\/2019\/noticias\/varios\/blendio\/chus.jpg\" border=\"0\"><\/div>\n<\/td>\n<\/tr>\n<tr>\n<td width=\"130\">\n<div align=\"center\"><span style=\"font-size: small;\">Foto:Prensa Blendio<\/span><\/div>\n<\/td>\n<\/tr>\n<\/tbody>\n<\/table>\n<p><!--more--><\/p>\n<p>Como no pod\u00eda ser de otra manera Puras vuelve a la competici\u00f3n de la mano de Citro\u00ebn, su marca talism\u00e1n, y gracias al apoyo del concesionario Auto Gomas, podremos disfrutar de la participaci\u00f3n de Chus a los mandos de un Citro\u00ebn C3 R5 del preparador Sports&amp;you.<br \/>\nEl piloto santanderino y Jos\u00e9 Emilio Criado, han decidido participar en apoyo del Rallye Festival Trasmiera que ha pasado por momentos de incertidumbre, en cuanto a su realizaci\u00f3n.<br \/>\nChus Puras quiere, en su vuelta a la competici\u00f3n, dedicar un homenaje a la afici\u00f3n que siempre le apoy\u00f3 durante tantos a\u00f1os, con la marca que le brind\u00f3 tantos \u00e9xitos, nacionales e internacionales y en las carreteras de Cantabria ante los aficionados de toda Espa\u00f1a.<br \/>\n\u201cCreo que va a ser una vuelta a las carreras muy especial. Quiero participar en el Rallye Festival Trasmiera y dedic\u00e1rselo a toda la afici\u00f3n que siempre me ha apoyado. Agradezco enormemente el esfuerzo de Jos\u00e9 Emilio Criado y todo el equipo Citro\u00ebn Auto Gomas para poder estar aqu\u00ed \u201c.<\/p>\n<p>No tenemos que olvidarnos de Dani Sordo. El piloto mundialista tambien estara en el Rallye Festival Trasmiera, con el BMW M3.<br \/>\nEl espectaculo promete ser BESTIAL, con dos pilotos Mundialistas y CANTABROS, en liza.<\/p>\n<p>Como parte de este homenaje a los aficionados, se realizar\u00e1n diversas actividades para que todos puedan disfrutar del reencuentro de nuestro piloto con la competici\u00f3n: una presentaci\u00f3n del equipo, una firma de posters de Chus, y un sorteo, en redes sociales, para copilotar a Chus en el Shakedown de Hermosa y ganar una cazadora oficial del equipo.<br \/>\nCalendario de Actividades:<\/p>\n<p>Mi\u00e9rcoles 19,00 Presentaci\u00f3n oficial del Rallye en el Karting La Roca.<br \/>\nJueves 16,00 Copilotaje a Chus Puras en el Shakedown de Hermosa.<br \/>\nViernes 12,30 Sesi\u00f3n firma aut\u00f3grafos en el parque cerrado Adelma.<br \/>\nS\u00e1bado Al finalizar la prueba brindis con la afici\u00f3n en la carpa Citro\u00ebn.<\/p>\n<p>Texto: Extracto Comunicado Blendio<\/p>\n<p>&nbsp;<\/p>\n<!-- AddThis Advanced Settings generic via filter on the_content --><!-- AddThis Share Buttons generic via filter on the_content -->","protected":false},"excerpt":{"rendered":"<p>El dos veces campe\u00f3n del Mundo y nueve veces campe\u00f3n de Espa\u00f1a, retorna a la competici\u00f3n en una prueba m\u00edtica: El Rallye Festival Trasmiera, prueba de exhibici\u00f3n sin tiempos cronometrados, que se disputar\u00e1, en las carreteras c\u00e1ntabras, el pr\u00f3ximo fin de semana. Hemos tenido que esperar pero \u00abPOR FIN\u00bb se ha confirmado. No tenemos que [&hellip;]<!-- AddThis Advanced Settings generic via filter on wp_trim_excerpt --><!-- AddThis Share Buttons generic via filter on wp_trim_excerpt --><\/p>\n","protected":false},"author":2,"featured_media":0,"comment_status":"closed","ping_status":"closed","sticky":false,"template":"","format":"standard","meta":{"_exactmetrics_skip_tracking":false,"_exactmetrics_sitenote_active":false,"_exactmetrics_sitenote_note":"","_exactmetrics_sitenote_category":0,"footnotes":""},"categories":[37],"tags":[],"class_list":["post-4291","post","type-post","status-publish","format-standard","hentry","category-c58-ultimas-nocicias"],"_links":{"self":[{"href":"https:\/\/www.cantabriarallye.net\/newcantabriarallye\/wp-json\/wp\/v2\/posts\/4291","targetHints":{"allow":["GET"]}}],"collection":[{"href":"https:\/\/www.cantabriarallye.net\/newcantabriarallye\/wp-json\/wp\/v2\/posts"}],"about":[{"href":"https:\/\/www.cantabriarallye.net\/newcantabriarallye\/wp-json\/wp\/v2\/types\/post"}],"author":[{"embeddable":true,"href":"https:\/\/www.cantabriarallye.net\/newcantabriarallye\/wp-json\/wp\/v2\/users\/2"}],"replies":[{"embeddable":true,"href":"https:\/\/www.cantabriarallye.net\/newcantabriarallye\/wp-json\/wp\/v2\/comments?post=4291"}],"version-history":[{"count":3,"href":"https:\/\/www.cantabriarallye.net\/newcantabriarallye\/wp-json\/wp\/v2\/posts\/4291\/revisions"}],"predecessor-version":[{"id":4295,"href":"https:\/\/www.cantabriarallye.net\/newcantabriarallye\/wp-json\/wp\/v2\/posts\/4291\/revisions\/4295"}],"wp:attachment":[{"href":"https:\/\/www.cantabriarallye.net\/newcantabriarallye\/wp-json\/wp\/v2\/media?parent=4291"}],"wp:term":[{"taxonomy":"category","embeddable":true,"href":"https:\/\/www.cantabriarallye.net\/newcantabriarallye\/wp-json\/wp\/v2\/categories?post=4291"},{"taxonomy":"post_tag","embeddable":true,"href":"https:\/\/www.cantabriarallye.net\/newcantabriarallye\/wp-json\/wp\/v2\/tags?post=4291"}],"curies":[{"name":"wp","href":"https:\/\/api.w.org\/{rel}","templated":true}]}}