{"id":4345,"date":"2019-06-10T10:32:18","date_gmt":"2019-06-10T08:32:18","guid":{"rendered":"http:\/\/www.cantabriarallye.net\/newcantabriarallye\/?p=4345"},"modified":"2019-06-10T13:10:56","modified_gmt":"2019-06-10T11:10:56","slug":"sarabia-y-dertiano-lo-hacen-otra-vez","status":"publish","type":"post","link":"https:\/\/www.cantabriarallye.net\/newcantabriarallye\/sarabia-y-dertiano-lo-hacen-otra-vez\/","title":{"rendered":"Sarabia y Dertiano, \u201cvencen\u201d otra vez."},"content":{"rendered":"<p>Oscar Sarabia y To\u00f1o Dertiano, consegu\u00edan de nuevo, liderar la copa Suzuky en el pasado Rallye de Orense. . El equipo que comenzaba ganando en el Rallye de \u00abla tierruca\u00bb en la pasada temporada, para despu\u00e9s volver a sorprender a propios y extra\u00f1os en el Rallye de Madrid en la temporada pasada, en esta ocasi\u00f3n en la primera cita, de este pasado fin de semana, el Rallye de Orense, \u00abvolv\u00eda a hacerlo\u00bb, liderando c\u00f3modamente la categor\u00eda.<\/p>\n<table align=\"center\" border=\"0\">\n<tbody>\n<tr>\n<td width=\"130\">\n<div align=\"center\"><img decoding=\"async\" src=\"https:\/\/www.cantabriarallye.net\/newcantabriarallye\/wp-content\/uploads\/2019\/noticias\/varios\/sarabia\/orenseportada.jpg\" border=\"0\"><\/div>\n<\/td>\n<\/tr>\n<tr>\n<td width=\"130\">\n<div align=\"center\"><span style=\"font-size: small;\">Foto:Prensa<\/span><\/div>\n<\/td>\n<\/tr>\n<\/tbody>\n<\/table>\n<p><!--more--><\/p>\n<p>Ourense Termal se presentaba at\u00edpico en lo meteorol\u00f3gico, cambiando el habitual calor sofocante por la lluvia y temperaturas incluso bajas. Las previsiones anunciaban que esta remitiese a mediod\u00eda del viernes, pero las horas pasaban y los chaparrones se intercalaban con grandes claros y un sol de junio que secaba la carretera en pocos minutos.<br \/>\nCon este panorama la elecci\u00f3n de ruedas se convert\u00eda en un rompedero de cabeza. \u00d3scar y To\u00f1o se enfrentaban a la primera secci\u00f3n encontrando el tramo seco en zonas abiertas, pero h\u00famedo y muy sucio y delicado por el paso de los primeros coches en las zonas sombr\u00edas.<br \/>\nEl resultado dos segundos scratch por detr\u00e1s de David Cort\u00e9s que era quien marcaba el ritmo de cabeza.<br \/>\nPara la segunda secci\u00f3n, y ya con la noche acechando al paso por Ca\u00f1\u00f3n do Sil, los tramos secaban y los tiempos tambi\u00e9n. As\u00ed consegu\u00edan dos scratch y ponerse en cabeza tras el abandono de Cort\u00e9s.<br \/>\nYa en la jornada del s\u00e1bado las condiciones se presentaban m\u00e1s claras con tramos secos, aunque muy complicados y con dos bucles de 55km cronometrados.<br \/>\nTramo a tramo consegu\u00edan mantener la primera posici\u00f3n incluso marcando los seis scratch en los seis tramos disputados en el d\u00eda.<br \/>\nEn definitiva un resultado fabuloso con un primer puesto y ocho scratch que permiten salir al equipo cantabro de la primera prueba como l\u00edderes con una ventaja de 10 puntos sobre el segundo clasificado.<\/p>\n<p>Tambi\u00e9n no tenemos que olvidarnos de Aaron Zorrilla, que debutaba en la copa suzuky, consiguiendo la segunda posici\u00f3n en el trofeo Junior y la quinta posici\u00f3n en la general.<br \/>\nParece que volvemos a tener varios pilotos j\u00f3venes que volver\u00e1n a traer, las mieles del triunfo a Cantabria.<\/p>\n<table align=\"center\" border=\"0\">\n<tbody>\n<tr>\n<td width=\"130\">\n<div align=\"center\"><img decoding=\"async\" src=\"https:\/\/www.cantabriarallye.net\/newcantabriarallye\/wp-content\/uploads\/2019\/noticias\/varios\/sarabia\/orense2.jpg\" border=\"0\"><\/div>\n<\/td>\n<\/tr>\n<tr>\n<td width=\"130\">\n<div align=\"center\"><span style=\"font-size: small;\">Foto:Prensa<\/span><\/div>\n<\/td>\n<\/tr>\n<\/tbody>\n<\/table>\n<p>&nbsp;<\/p>\n<!-- AddThis Advanced Settings generic via filter on the_content --><!-- AddThis Share Buttons generic via filter on the_content -->","protected":false},"excerpt":{"rendered":"<p>Oscar Sarabia y To\u00f1o Dertiano, consegu\u00edan de nuevo, liderar la copa Suzuky en el pasado Rallye de Orense. . El equipo que comenzaba ganando en el Rallye de \u00abla tierruca\u00bb en la pasada temporada, para despu\u00e9s volver a sorprender a propios y extra\u00f1os en el Rallye de Madrid en la temporada pasada, en esta ocasi\u00f3n [&hellip;]<!-- AddThis Advanced Settings generic via filter on wp_trim_excerpt --><!-- AddThis Share Buttons generic via filter on wp_trim_excerpt --><\/p>\n","protected":false},"author":2,"featured_media":0,"comment_status":"closed","ping_status":"closed","sticky":false,"template":"","format":"standard","meta":{"_exactmetrics_skip_tracking":false,"_exactmetrics_sitenote_active":false,"_exactmetrics_sitenote_note":"","_exactmetrics_sitenote_category":0,"footnotes":""},"categories":[37],"tags":[],"class_list":["post-4345","post","type-post","status-publish","format-standard","hentry","category-c58-ultimas-nocicias"],"_links":{"self":[{"href":"https:\/\/www.cantabriarallye.net\/newcantabriarallye\/wp-json\/wp\/v2\/posts\/4345","targetHints":{"allow":["GET"]}}],"collection":[{"href":"https:\/\/www.cantabriarallye.net\/newcantabriarallye\/wp-json\/wp\/v2\/posts"}],"about":[{"href":"https:\/\/www.cantabriarallye.net\/newcantabriarallye\/wp-json\/wp\/v2\/types\/post"}],"author":[{"embeddable":true,"href":"https:\/\/www.cantabriarallye.net\/newcantabriarallye\/wp-json\/wp\/v2\/users\/2"}],"replies":[{"embeddable":true,"href":"https:\/\/www.cantabriarallye.net\/newcantabriarallye\/wp-json\/wp\/v2\/comments?post=4345"}],"version-history":[{"count":4,"href":"https:\/\/www.cantabriarallye.net\/newcantabriarallye\/wp-json\/wp\/v2\/posts\/4345\/revisions"}],"predecessor-version":[{"id":4350,"href":"https:\/\/www.cantabriarallye.net\/newcantabriarallye\/wp-json\/wp\/v2\/posts\/4345\/revisions\/4350"}],"wp:attachment":[{"href":"https:\/\/www.cantabriarallye.net\/newcantabriarallye\/wp-json\/wp\/v2\/media?parent=4345"}],"wp:term":[{"taxonomy":"category","embeddable":true,"href":"https:\/\/www.cantabriarallye.net\/newcantabriarallye\/wp-json\/wp\/v2\/categories?post=4345"},{"taxonomy":"post_tag","embeddable":true,"href":"https:\/\/www.cantabriarallye.net\/newcantabriarallye\/wp-json\/wp\/v2\/tags?post=4345"}],"curies":[{"name":"wp","href":"https:\/\/api.w.org\/{rel}","templated":true}]}}