{"id":4351,"date":"2019-06-11T12:00:32","date_gmt":"2019-06-11T10:00:32","guid":{"rendered":"http:\/\/www.cantabriarallye.net\/newcantabriarallye\/?p=4351"},"modified":"2019-06-10T21:33:25","modified_gmt":"2019-06-10T19:33:25","slug":"domingo-estrada-se-sube-al-cajon-en-canarias","status":"publish","type":"post","link":"https:\/\/www.cantabriarallye.net\/newcantabriarallye\/domingo-estrada-se-sube-al-cajon-en-canarias\/","title":{"rendered":"Domingo estrada, se sube al \u00abcaj\u00f3n\u00bb en Canarias"},"content":{"rendered":"<p>Para Canarias se marchaba todo el equipo de la Escuder\u00eda Estrada, consiguiendo una excelentes resultados. La Subida a Gu\u00eda de Isora, era la prueba a disputar, con puntos DOBLES, con lo que era una gran oportunidad para despu\u00e9s rodar m\u00e1s tranquilo en el resto de pruebas.<br \/>\nDomingo Estrada consegu\u00eda la tercera posici\u00f3n en la general de la prueba, siendo su compa\u00f1ero de equipo Mario Asenjo, quien consegu\u00eda la quinta posici\u00f3n en la general.<\/p>\n<table align=\"center\" border=\"0\">\n<tbody>\n<tr>\n<td width=\"130\">\n<div align=\"center\"><img decoding=\"async\" src=\"https:\/\/www.cantabriarallye.net\/newcantabriarallye\/wp-content\/uploads\/2019\/noticias\/varios\/estrada\/canarias.jpg\" border=\"0\"><\/div>\n<\/td>\n<\/tr>\n<tr>\n<td width=\"130\">\n<div align=\"center\"><span style=\"font-size: small;\">Foto:Pi\u00f1a Press<\/span><\/div>\n<\/td>\n<\/tr>\n<\/tbody>\n<\/table>\n<p><!--more--><\/p>\n<p>Por una parte Domingo, consegu\u00eda un ritmo optimo en la primera ascensi\u00f3n, para en la siguiente ascensi\u00f3n, con \u00e9l ultimo kilometro sobre mojado, conseguir la tercera posici\u00f3n en su categor\u00eda.<br \/>\nFinalmente s\u00e9 tenia que conformar con esta posici\u00f3n, pues no pod\u00eda alcanzar al segundo clasificado.<\/p>\n<p>Asenjo volv\u00eda a realizar una gran carrera, consiguiendo esta gran posici\u00f3n, aunque sin opciones de Podium final, aunque con unos magn\u00edficos puntos en su casillero.<br \/>\nJovenes pilotos de Monta\u00f1a que cose\u00f1an exitos para la \u00abtierruca\u00bb. !!!Que mas se puede pedir\u00a1\u00a1\u00a1<\/p>\n<!-- AddThis Advanced Settings generic via filter on the_content --><!-- AddThis Share Buttons generic via filter on the_content -->","protected":false},"excerpt":{"rendered":"<p>Para Canarias se marchaba todo el equipo de la Escuder\u00eda Estrada, consiguiendo una excelentes resultados. La Subida a Gu\u00eda de Isora, era la prueba a disputar, con puntos DOBLES, con lo que era una gran oportunidad para despu\u00e9s rodar m\u00e1s tranquilo en el resto de pruebas. Domingo Estrada consegu\u00eda la tercera posici\u00f3n en la general [&hellip;]<!-- AddThis Advanced Settings generic via filter on wp_trim_excerpt --><!-- AddThis Share Buttons generic via filter on wp_trim_excerpt --><\/p>\n","protected":false},"author":2,"featured_media":0,"comment_status":"closed","ping_status":"closed","sticky":false,"template":"","format":"standard","meta":{"_exactmetrics_skip_tracking":false,"_exactmetrics_sitenote_active":false,"_exactmetrics_sitenote_note":"","_exactmetrics_sitenote_category":0,"footnotes":""},"categories":[37],"tags":[],"class_list":["post-4351","post","type-post","status-publish","format-standard","hentry","category-c58-ultimas-nocicias"],"_links":{"self":[{"href":"https:\/\/www.cantabriarallye.net\/newcantabriarallye\/wp-json\/wp\/v2\/posts\/4351","targetHints":{"allow":["GET"]}}],"collection":[{"href":"https:\/\/www.cantabriarallye.net\/newcantabriarallye\/wp-json\/wp\/v2\/posts"}],"about":[{"href":"https:\/\/www.cantabriarallye.net\/newcantabriarallye\/wp-json\/wp\/v2\/types\/post"}],"author":[{"embeddable":true,"href":"https:\/\/www.cantabriarallye.net\/newcantabriarallye\/wp-json\/wp\/v2\/users\/2"}],"replies":[{"embeddable":true,"href":"https:\/\/www.cantabriarallye.net\/newcantabriarallye\/wp-json\/wp\/v2\/comments?post=4351"}],"version-history":[{"count":1,"href":"https:\/\/www.cantabriarallye.net\/newcantabriarallye\/wp-json\/wp\/v2\/posts\/4351\/revisions"}],"predecessor-version":[{"id":4353,"href":"https:\/\/www.cantabriarallye.net\/newcantabriarallye\/wp-json\/wp\/v2\/posts\/4351\/revisions\/4353"}],"wp:attachment":[{"href":"https:\/\/www.cantabriarallye.net\/newcantabriarallye\/wp-json\/wp\/v2\/media?parent=4351"}],"wp:term":[{"taxonomy":"category","embeddable":true,"href":"https:\/\/www.cantabriarallye.net\/newcantabriarallye\/wp-json\/wp\/v2\/categories?post=4351"},{"taxonomy":"post_tag","embeddable":true,"href":"https:\/\/www.cantabriarallye.net\/newcantabriarallye\/wp-json\/wp\/v2\/tags?post=4351"}],"curies":[{"name":"wp","href":"https:\/\/api.w.org\/{rel}","templated":true}]}}