{"id":4524,"date":"2019-09-30T08:17:40","date_gmt":"2019-09-30T06:17:40","guid":{"rendered":"http:\/\/www.cantabriarallye.net\/newcantabriarallye\/?p=4524"},"modified":"2019-09-30T08:17:40","modified_gmt":"2019-09-30T06:17:40","slug":"exito-en-los-clasicos-reocin-2019","status":"publish","type":"post","link":"https:\/\/www.cantabriarallye.net\/newcantabriarallye\/exito-en-los-clasicos-reocin-2019\/","title":{"rendered":"\u00c9xito en los Cl\u00e1sicos Reocin 2019"},"content":{"rendered":"<p>El Sol calent\u00f3 en la cabeza de casi la mitad de los participantes de la Concentracion de Clasicos y Deportivos Reocin 2019, pues casi la mitad de ellos llevaban un vehiculo descapotable.<br \/>\nMazda MX 5, Golf MK 1 cabrio, BMW 330 i cabrio, o Toyota Supra Targa son algunos ejemplos de lo que os estamos hablando. BMW 645 CI o Mercedes C 32 AMG son otros de los que completaban la lista de deportivos de m\u00e1s de 300 caballos.<br \/>\nUna concentraci\u00f3n que se alejaba de las habituales, y a\u00f1ad\u00eda en su programa una salida en barco o la visita de la Cueva de Altamira, am\u00e9n de m\u00e1s de 150 Km. de ruta recorridos en dos etapas.<\/p>\n<table align=\"center\" border=\"0\">\n<tbody>\n<tr>\n<td>\n<div align=\"center\"><img decoding=\"async\" src=\"https:\/\/www.cantabriarallye.net\/newcantabriarallye\/wp-content\/uploads\/2019\/clasicos\/reocin\/portada.jpg\"><\/div>\n<\/td>\n<\/tr>\n<tr>\n<td>\n<div align=\"center\"><span style=\"font-size: small;\">Foto:Prensa<\/span><\/div>\n<\/td>\n<\/tr>\n<\/tbody>\n<\/table>\n<p><!--more--><\/p>\n<p>Existieron tres categor\u00edas, \u00abClasicos\u00bb, para veh\u00edculos anteriores a 1989, \u00abPreclasicos\u00bb, para veh\u00edculos entre 1989 y 1999, y \u00abSuperdeportivos\u00bb, para veh\u00edculos de cualquier a\u00f1o pero con m\u00e4s de 250 Cv.<br \/>\nParticipantes venidos desde Orense, Soria o Gij\u00f3n disfrutaron de un fin de semana de motor, ruedas, y fiestas patronales en Puente San Miguel. Destacar la gran \u00abcalidad\u00bb, tanto por los veh\u00edculos como por el ambiente y las ganas de divertirse que reinaron durante las dos jornadas.<br \/>\nOtro nuevo exito de Emilio Pe\u00f1a y todos sus colaboradores, que retoma de nuevo la organizaci\u00f3n de eventos del motor, despu\u00e9s de unos a\u00f1os de \u00abparada t\u00e9cnica\u00bb, y con ganas de seguir adelante con novedosos proyectos que sigan llenando nuestras carreteras de armon\u00eda, participaci\u00f3n, diversi\u00f3n y, c\u00f3mo no, algo de adrenalina.<\/p>\n<table align=\"center\" border=\"0\">\n<tbody>\n<tr>\n<td>\n<div align=\"center\"><img decoding=\"async\" src=\"https:\/\/www.cantabriarallye.net\/newcantabriarallye\/wp-content\/uploads\/2019\/clasicos\/reocin\/1.jpg\"><\/div>\n<\/td>\n<\/tr>\n<tr>\n<td>\n<div align=\"center\"><span style=\"font-size: small;\">Foto:Prensa<\/span><\/div>\n<\/td>\n<\/tr>\n<\/tbody>\n<\/table>\n<p>&nbsp;<\/p>\n<table align=\"center\" border=\"0\">\n<tbody>\n<tr>\n<td>\n<div align=\"center\"><img decoding=\"async\" src=\"https:\/\/www.cantabriarallye.net\/newcantabriarallye\/wp-content\/uploads\/2019\/clasicos\/reocin\/2.jpg\"><\/div>\n<\/td>\n<\/tr>\n<tr>\n<td>\n<div align=\"center\"><span style=\"font-size: small;\">Foto:Prensa<\/span><\/div>\n<\/td>\n<\/tr>\n<\/tbody>\n<\/table>\n<p>&nbsp;<\/p>\n<table align=\"center\" border=\"0\">\n<tbody>\n<tr>\n<td>\n<div align=\"center\"><img decoding=\"async\" src=\"https:\/\/www.cantabriarallye.net\/newcantabriarallye\/wp-content\/uploads\/2019\/clasicos\/reocin\/3.jpg\"><\/div>\n<\/td>\n<\/tr>\n<tr>\n<td>\n<div align=\"center\"><span style=\"font-size: small;\">Foto:Prensa<\/span><\/div>\n<\/td>\n<\/tr>\n<\/tbody>\n<\/table>\n<p>&nbsp;<\/p>\n<table align=\"center\" border=\"0\">\n<tbody>\n<tr>\n<td>\n<div align=\"center\"><img decoding=\"async\" src=\"https:\/\/www.cantabriarallye.net\/newcantabriarallye\/wp-content\/uploads\/2019\/clasicos\/reocin\/4.jpg\"><\/div>\n<\/td>\n<\/tr>\n<tr>\n<td>\n<div align=\"center\"><span style=\"font-size: small;\">Foto:Prensa<\/span><\/div>\n<\/td>\n<\/tr>\n<\/tbody>\n<\/table>\n<p>&nbsp;<\/p>\n<p>Texto:Prensa<\/p>\n<!-- AddThis Advanced Settings generic via filter on the_content --><!-- AddThis Share Buttons generic via filter on the_content -->","protected":false},"excerpt":{"rendered":"<p>El Sol calent\u00f3 en la cabeza de casi la mitad de los participantes de la Concentracion de Clasicos y Deportivos Reocin 2019, pues casi la mitad de ellos llevaban un vehiculo descapotable. Mazda MX 5, Golf MK 1 cabrio, BMW 330 i cabrio, o Toyota Supra Targa son algunos ejemplos de lo que os estamos [&hellip;]<!-- AddThis Advanced Settings generic via filter on wp_trim_excerpt --><!-- AddThis Share Buttons generic via filter on wp_trim_excerpt --><\/p>\n","protected":false},"author":2,"featured_media":0,"comment_status":"closed","ping_status":"closed","sticky":false,"template":"","format":"standard","meta":{"_exactmetrics_skip_tracking":false,"_exactmetrics_sitenote_active":false,"_exactmetrics_sitenote_note":"","_exactmetrics_sitenote_category":0,"footnotes":""},"categories":[25],"tags":[],"class_list":["post-4524","post","type-post","status-publish","format-standard","hentry","category-c44-clasicos"],"_links":{"self":[{"href":"https:\/\/www.cantabriarallye.net\/newcantabriarallye\/wp-json\/wp\/v2\/posts\/4524","targetHints":{"allow":["GET"]}}],"collection":[{"href":"https:\/\/www.cantabriarallye.net\/newcantabriarallye\/wp-json\/wp\/v2\/posts"}],"about":[{"href":"https:\/\/www.cantabriarallye.net\/newcantabriarallye\/wp-json\/wp\/v2\/types\/post"}],"author":[{"embeddable":true,"href":"https:\/\/www.cantabriarallye.net\/newcantabriarallye\/wp-json\/wp\/v2\/users\/2"}],"replies":[{"embeddable":true,"href":"https:\/\/www.cantabriarallye.net\/newcantabriarallye\/wp-json\/wp\/v2\/comments?post=4524"}],"version-history":[{"count":1,"href":"https:\/\/www.cantabriarallye.net\/newcantabriarallye\/wp-json\/wp\/v2\/posts\/4524\/revisions"}],"predecessor-version":[{"id":4526,"href":"https:\/\/www.cantabriarallye.net\/newcantabriarallye\/wp-json\/wp\/v2\/posts\/4524\/revisions\/4526"}],"wp:attachment":[{"href":"https:\/\/www.cantabriarallye.net\/newcantabriarallye\/wp-json\/wp\/v2\/media?parent=4524"}],"wp:term":[{"taxonomy":"category","embeddable":true,"href":"https:\/\/www.cantabriarallye.net\/newcantabriarallye\/wp-json\/wp\/v2\/categories?post=4524"},{"taxonomy":"post_tag","embeddable":true,"href":"https:\/\/www.cantabriarallye.net\/newcantabriarallye\/wp-json\/wp\/v2\/tags?post=4524"}],"curies":[{"name":"wp","href":"https:\/\/api.w.org\/{rel}","templated":true}]}}