{"id":4527,"date":"2019-09-30T14:30:32","date_gmt":"2019-09-30T12:30:32","guid":{"rendered":"http:\/\/www.cantabriarallye.net\/newcantabriarallye\/?p=4527"},"modified":"2019-09-30T14:35:13","modified_gmt":"2019-09-30T12:35:13","slug":"domingo-estrada-gomez-virtual-campeon-de-espana","status":"publish","type":"post","link":"https:\/\/www.cantabriarallye.net\/newcantabriarallye\/domingo-estrada-gomez-virtual-campeon-de-espana\/","title":{"rendered":"Domingo Estrada G\u00f3mez, \u00abVirtual\u00bb Campe\u00f3n de Espa\u00f1a"},"content":{"rendered":"<p>Domingo Estrada G\u00f3mez, \u00abVirtual\u00bb Campe\u00f3n de Espa\u00f1a<br \/>\nDomingo Estrada G\u00f3mez, consegu\u00eda en la subida a la santa 2019, el liderato en su clase, consiguiendo ser el \u00abvirtual\u00bb campe\u00f3n de Espa\u00f1a de la Categor\u00eda 2. El joven piloto fue \u00e9l m\u00e1s r\u00e1pido en todas las mangas sin dar opci\u00f3n a sus adversarios, as\u00ed como en las anteriores pruebas disputadas. El joven piloto del Silver Car S3, cuenta sus participaciones, con victorias en su categor\u00eda. Destacar tambi\u00e9n el tercer puesto absoluto del piloto del Alto de Malia\u00f1o de la general scratch.<\/p>\n<table align=\"center\" border=\"0\">\n<tbody>\n<tr>\n<td width=\"130\">\n<div align=\"center\"><img decoding=\"async\" src=\"https:\/\/www.cantabriarallye.net\/newcantabriarallye\/wp-content\/uploads\/2019\/noticias\/varios\/estrada\/domingoportada.jpg\" border=\"0\"><\/div>\n<\/td>\n<\/tr>\n<tr>\n<td width=\"130\">\n<div align=\"center\"><span style=\"font-size: small;\">Foto:Cantabriarallye.net<\/span><\/div>\n<\/td>\n<\/tr>\n<\/tbody>\n<\/table>\n<p><!--more--><\/p>\n<p>Por otra parte, su rival Garikoitz Flores, que hab\u00eda sido tercero en la manga de carrera del s\u00e1bado, sufri\u00f3 un toque en los entrenamientos del domingo que le impidi\u00f3 tomar parte en las restantes subidas oficiales y le dej\u00f3 sin opci\u00f3n a puntuar.<\/p>\n<p>No tenemos que olvidarnos de Mario Asenjo, compa\u00f1ero de la escuder\u00eda Estrada y que consegu\u00eda tambi\u00e9n la segunda posici\u00f3n en la categor\u00eda 2, justo por detr\u00e1s de Estrada. Asenjo con su BRC B49, consegu\u00eda la sexta posici\u00f3n en la general, rodando muy cerca de Estrada sin dar opci\u00f3n a sus adversarios.<\/p>\n<p>De este modo, y como apunt\u00e1bamos anteriormente Domingo Estrada G\u00f3mez es el virtual campe\u00f3n de la categor\u00eda 2.<br \/>\nDecir que se precintaron los motores de Estrada y de Asenjo, que ser\u00e1n revisados en los pr\u00f3ximos d\u00edas.<\/p>\n<table align=\"center\" border=\"0\">\n<tbody>\n<tr>\n<td width=\"130\">\n<div align=\"center\"><img decoding=\"async\" src=\"https:\/\/www.cantabriarallye.net\/newcantabriarallye\/wp-content\/uploads\/2019\/noticias\/varios\/estrada\/domingototana.jpg\" border=\"0\"><\/div>\n<\/td>\n<\/tr>\n<tr>\n<td width=\"130\">\n<div align=\"center\"><span style=\"font-size: small;\">Foto:Cantabriarallye.net<\/span><\/div>\n<\/td>\n<\/tr>\n<\/tbody>\n<\/table>\n<p>&nbsp;<\/p>\n<table align=\"center\" border=\"0\">\n<tbody>\n<tr>\n<td width=\"130\">\n<div align=\"center\"><img decoding=\"async\" src=\"https:\/\/www.cantabriarallye.net\/newcantabriarallye\/wp-content\/uploads\/2019\/noticias\/varios\/estrada\/asenjototana.jpg\" border=\"0\"><\/div>\n<\/td>\n<\/tr>\n<tr>\n<td width=\"130\">\n<div align=\"center\"><span style=\"font-size: small;\">Foto:Cantabriarallye.net<\/span><\/div>\n<\/td>\n<\/tr>\n<\/tbody>\n<\/table>\n<!-- AddThis Advanced Settings generic via filter on the_content --><!-- AddThis Share Buttons generic via filter on the_content -->","protected":false},"excerpt":{"rendered":"<p>Domingo Estrada G\u00f3mez, \u00abVirtual\u00bb Campe\u00f3n de Espa\u00f1a Domingo Estrada G\u00f3mez, consegu\u00eda en la subida a la santa 2019, el liderato en su clase, consiguiendo ser el \u00abvirtual\u00bb campe\u00f3n de Espa\u00f1a de la Categor\u00eda 2. El joven piloto fue \u00e9l m\u00e1s r\u00e1pido en todas las mangas sin dar opci\u00f3n a sus adversarios, as\u00ed como en las [&hellip;]<!-- AddThis Advanced Settings generic via filter on wp_trim_excerpt --><!-- AddThis Share Buttons generic via filter on wp_trim_excerpt --><\/p>\n","protected":false},"author":2,"featured_media":0,"comment_status":"closed","ping_status":"closed","sticky":false,"template":"","format":"standard","meta":{"_exactmetrics_skip_tracking":false,"_exactmetrics_sitenote_active":false,"_exactmetrics_sitenote_note":"","_exactmetrics_sitenote_category":0,"footnotes":""},"categories":[32],"tags":[],"class_list":["post-4527","post","type-post","status-publish","format-standard","hentry","category-c51-otras-pruebas-nacional"],"_links":{"self":[{"href":"https:\/\/www.cantabriarallye.net\/newcantabriarallye\/wp-json\/wp\/v2\/posts\/4527","targetHints":{"allow":["GET"]}}],"collection":[{"href":"https:\/\/www.cantabriarallye.net\/newcantabriarallye\/wp-json\/wp\/v2\/posts"}],"about":[{"href":"https:\/\/www.cantabriarallye.net\/newcantabriarallye\/wp-json\/wp\/v2\/types\/post"}],"author":[{"embeddable":true,"href":"https:\/\/www.cantabriarallye.net\/newcantabriarallye\/wp-json\/wp\/v2\/users\/2"}],"replies":[{"embeddable":true,"href":"https:\/\/www.cantabriarallye.net\/newcantabriarallye\/wp-json\/wp\/v2\/comments?post=4527"}],"version-history":[{"count":4,"href":"https:\/\/www.cantabriarallye.net\/newcantabriarallye\/wp-json\/wp\/v2\/posts\/4527\/revisions"}],"predecessor-version":[{"id":4533,"href":"https:\/\/www.cantabriarallye.net\/newcantabriarallye\/wp-json\/wp\/v2\/posts\/4527\/revisions\/4533"}],"wp:attachment":[{"href":"https:\/\/www.cantabriarallye.net\/newcantabriarallye\/wp-json\/wp\/v2\/media?parent=4527"}],"wp:term":[{"taxonomy":"category","embeddable":true,"href":"https:\/\/www.cantabriarallye.net\/newcantabriarallye\/wp-json\/wp\/v2\/categories?post=4527"},{"taxonomy":"post_tag","embeddable":true,"href":"https:\/\/www.cantabriarallye.net\/newcantabriarallye\/wp-json\/wp\/v2\/tags?post=4527"}],"curies":[{"name":"wp","href":"https:\/\/api.w.org\/{rel}","templated":true}]}}