{"id":4535,"date":"2019-09-30T21:11:51","date_gmt":"2019-09-30T19:11:51","guid":{"rendered":"http:\/\/www.cantabriarallye.net\/newcantabriarallye\/?p=4535"},"modified":"2019-09-30T21:12:02","modified_gmt":"2019-09-30T19:12:02","slug":"sarabia-y-dertiano-mas-lideres-que-nunca-en-la-suzuky","status":"publish","type":"post","link":"https:\/\/www.cantabriarallye.net\/newcantabriarallye\/sarabia-y-dertiano-mas-lideres-que-nunca-en-la-suzuky\/","title":{"rendered":"Sarabia y Dertiano, mas l\u00edderes que nunca en la suzuky"},"content":{"rendered":"<p>La villa llanisca preparaba una nueva edici\u00f3n de su rallye con un gran ambiente en el centro de la misma, echando el resto con una retransmisi\u00f3n en directo por radio y televisi\u00f3n, el podium en el mismo puerto y un tramo nocturno desde Cu\u00e9 a Llanes. El rallye se abr\u00eda en la jornada del viernes noche con una pasada sobre los 1,78km de Cue a Llanes y donde \u00d3scar y To\u00f1o lograban su primer scratch.Aunque el rallye de verdad comenzaba el s\u00e1bado donde la ma\u00f1ana se completaba con dos pasadas a Torre-F\u00edos y Labra-Nueva marcando el scratch en los cuatro.<\/p>\n<table align=\"center\" border=\"0\">\n<tbody>\n<tr>\n<td width=\"130\">\n<div align=\"center\"><img decoding=\"async\" src=\"https:\/\/www.cantabriarallye.net\/newcantabriarallye\/wp-content\/uploads\/2019\/noticias\/varios\/sarabia\/sarabiallanesp.jpg\" border=\"0\"><\/div>\n<\/td>\n<\/tr>\n<tr>\n<td width=\"130\">\n<div align=\"center\"><span style=\"font-size: small;\">Foto:Prensa<\/span><\/div>\n<\/td>\n<\/tr>\n<\/tbody>\n<\/table>\n<p><!--more--> Una vez mas el equipo \u00abconservando\u00bb se llevaba todos los scratch posibles, sin dar opci\u00f3n a sus adversarios.<\/p>\n<p>La t\u00f3nica en todos ellos fue la dureza para las ruedas y en cuanto a \u00aban\u00e9cdota\u00bb el tener que realizar los 20km de Torre-F\u00edos tocando la bocina al quedarse bloqueada en el enlace hacia el tramo.<br \/>\nYa por la tarde y con una renta de 39s tocaba asegurar la plaza y cosechar los valiosos puntos. As\u00ed se afrontaba Riu Cabra y la Torner\u00eda a doble pasada y una \u00faltima por el tramo de Llanes consiguiendo tres de los cinco scratch.<br \/>\nCon esta nueva victoria la clasificaci\u00f3n queda encabezada por \u00d3scar con 119 puntos seguido de Rico con 62 y Garc\u00eda con 56.<br \/>\nToca descansar un mes hasta la ante\u00faltima cita de la copa, el 25 Rallye Mediterr\u00e1neo-La Nuc\u00eda los pr\u00f3ximos 9 y 10 de noviembre.<\/p>\n<table align=\"center\" border=\"0\">\n<tbody>\n<tr>\n<td width=\"130\">\n<div align=\"center\"><img decoding=\"async\" src=\"https:\/\/www.cantabriarallye.net\/newcantabriarallye\/wp-content\/uploads\/2019\/noticias\/varios\/sarabia\/sarabiallanes.jpg\" border=\"0\"><\/div>\n<\/td>\n<\/tr>\n<tr>\n<td width=\"130\">\n<div align=\"center\"><span style=\"font-size: small;\">Foto:Prensa<\/span><\/div>\n<\/td>\n<\/tr>\n<\/tbody>\n<\/table>\n<!-- AddThis Advanced Settings generic via filter on the_content --><!-- AddThis Share Buttons generic via filter on the_content -->","protected":false},"excerpt":{"rendered":"<p>La villa llanisca preparaba una nueva edici\u00f3n de su rallye con un gran ambiente en el centro de la misma, echando el resto con una retransmisi\u00f3n en directo por radio y televisi\u00f3n, el podium en el mismo puerto y un tramo nocturno desde Cu\u00e9 a Llanes. El rallye se abr\u00eda en la jornada del viernes [&hellip;]<!-- AddThis Advanced Settings generic via filter on wp_trim_excerpt --><!-- AddThis Share Buttons generic via filter on wp_trim_excerpt --><\/p>\n","protected":false},"author":2,"featured_media":0,"comment_status":"closed","ping_status":"closed","sticky":false,"template":"","format":"standard","meta":{"_exactmetrics_skip_tracking":false,"_exactmetrics_sitenote_active":false,"_exactmetrics_sitenote_note":"","_exactmetrics_sitenote_category":0,"footnotes":""},"categories":[37],"tags":[],"class_list":["post-4535","post","type-post","status-publish","format-standard","hentry","category-c58-ultimas-nocicias"],"_links":{"self":[{"href":"https:\/\/www.cantabriarallye.net\/newcantabriarallye\/wp-json\/wp\/v2\/posts\/4535","targetHints":{"allow":["GET"]}}],"collection":[{"href":"https:\/\/www.cantabriarallye.net\/newcantabriarallye\/wp-json\/wp\/v2\/posts"}],"about":[{"href":"https:\/\/www.cantabriarallye.net\/newcantabriarallye\/wp-json\/wp\/v2\/types\/post"}],"author":[{"embeddable":true,"href":"https:\/\/www.cantabriarallye.net\/newcantabriarallye\/wp-json\/wp\/v2\/users\/2"}],"replies":[{"embeddable":true,"href":"https:\/\/www.cantabriarallye.net\/newcantabriarallye\/wp-json\/wp\/v2\/comments?post=4535"}],"version-history":[{"count":1,"href":"https:\/\/www.cantabriarallye.net\/newcantabriarallye\/wp-json\/wp\/v2\/posts\/4535\/revisions"}],"predecessor-version":[{"id":4537,"href":"https:\/\/www.cantabriarallye.net\/newcantabriarallye\/wp-json\/wp\/v2\/posts\/4535\/revisions\/4537"}],"wp:attachment":[{"href":"https:\/\/www.cantabriarallye.net\/newcantabriarallye\/wp-json\/wp\/v2\/media?parent=4535"}],"wp:term":[{"taxonomy":"category","embeddable":true,"href":"https:\/\/www.cantabriarallye.net\/newcantabriarallye\/wp-json\/wp\/v2\/categories?post=4535"},{"taxonomy":"post_tag","embeddable":true,"href":"https:\/\/www.cantabriarallye.net\/newcantabriarallye\/wp-json\/wp\/v2\/tags?post=4535"}],"curies":[{"name":"wp","href":"https:\/\/api.w.org\/{rel}","templated":true}]}}