{"id":4667,"date":"2020-01-27T15:12:32","date_gmt":"2020-01-27T13:12:32","guid":{"rendered":"http:\/\/www.cantabriarallye.net\/newcantabriarallye\/?p=4667"},"modified":"2020-01-27T15:12:32","modified_gmt":"2020-01-27T13:12:32","slug":"video-entrevistas-gonzalo-perez-presidente-fcta","status":"publish","type":"post","link":"https:\/\/www.cantabriarallye.net\/newcantabriarallye\/video-entrevistas-gonzalo-perez-presidente-fcta\/","title":{"rendered":"Video-Entrevistas &#8211; Gonzalo P\u00e9rez &#8211; Presidente FCTA"},"content":{"rendered":"<p>Aprovechando el \u00abpar\u00f3n\u00bb de rallyes que tendremos hasta Marzo, volvemos de nuevo con nuestras Video-Entrevistas. Nos visitaba el Presidente de la Federaci\u00f3n C\u00e1ntabra de Automovilismo, Gonzalo P\u00e9rez que por fin, despu\u00e9s de varias intentonas hacia un hueco en su dilatada agenda y nos visitaba.<br \/>\nEsta es la segunda vez que Gonzalo P\u00e9rez, visita nuestros estudios del alto de Malia\u00f1o, pues cuando \u00abcog\u00eda\u00bb las riendas de la Federaci\u00f3n C\u00e1ntabra y coincidiendo con el \u00abtraspaso\u00bb de poderes, tambi\u00e9n nos visitaba.<\/p>\n<table align=\"center\" border=\"0\">\n<tbody>\n<tr>\n<td>\n<p align=\"center\"><img decoding=\"async\" src=\"\/fotos20\/noticias\/videoimpresiones\/fcta\/portada.jpg\"><\/p>\n<\/td>\n<\/tr>\n<tr>\n<td>\n<p align=\"center\"><span style=\"font-size: small;\">Foto: Cantabriarallye.net<\/span><\/p>\n<\/td>\n<\/tr>\n<\/tbody>\n<\/table>\n<p><!--more--><\/p>\n<p>Casi tres a\u00f1os hemos tenido que esperar, para que el presidente de la Federaci\u00f3n C\u00e1ntabra de Automovilismo, nos concediera una entrevista. Coincidiendo con el termino de la temporada 2019 y el comienzo de la 2020 y cuando ya tenemos un calendario aprobado Gonzalo P\u00e9rez, nos visitaba en nuestros estudios del alto de Malia\u00f1o.<\/p>\n<p>Nuevamente el tiempo pasaba volando y la entrevista quedaba realizada. En esta ocasi\u00f3n, la entrevista era fluida y sin cortes, llegando a estar casi una hora hablando de nuestra afici\u00f3n.<\/p>\n<p>Una vez realizada la entrevista y las fotos de rigor, segu\u00edamos charlando, pasando una excelente tarde<\/p>\n<p>De nuevo disfruten como hemos disfrutado nosotros, realizando la entrevista a Gonzalo P\u00e9rez, Presidente de la Federaci\u00f3n C\u00e1ntabra de Automovilismo.<\/p>\n<h1 style=\"text-align: center;\"><strong>VIDEO-ENTREVISTAS<br \/>\n<\/strong><\/h1>\n<table align=\"center\" border=\"0\" width=\"57%\">\n<tbody>\n<tr>\n<td>\n<p align=\"center\">Gonzalo P\u00e9rez, Presidente Federaci\u00f3n C\u00e1ntabra de Automovilismo<\/p>\n<\/td>\n<\/tr>\n<tr>\n<td>\n<p align=\"center\"><iframe loading=\"lazy\" src=\"https:\/\/www.youtube.com\/embed\/fKalkC497ig\" allowfullscreen=\"allowfullscreen\" frameborder=\"0\" height=\"315\" width=\"560\"><\/iframe><\/p>\n<\/td>\n<\/tr>\n<tr>\n<td>\n<hr align=\"center\">\n<\/td>\n<\/tr>\n<tr>\n<td>\n<p align=\"center\"><a href=\"http:\/\/carpinteriabenjamin.com\/carpinteria.htm\"><img decoding=\"async\" src=\"https:\/\/www.cantabriarallye.net\/newcantabriarallye\/wp-content\/uploads\/2017\/noticias\/varios\/benjamin.jpg\" border=\"0\"><\/a><\/p>\n<\/td>\n<\/tr>\n<tr>\n<td>\n<p align=\"center\">&nbsp;<\/p>\n<\/td>\n<\/tr>\n<\/tbody>\n<\/table>\n<p>&nbsp;<\/p>\n<!-- AddThis Advanced Settings generic via filter on the_content --><!-- AddThis Share Buttons generic via filter on the_content -->","protected":false},"excerpt":{"rendered":"<p>Aprovechando el \u00abpar\u00f3n\u00bb de rallyes que tendremos hasta Marzo, volvemos de nuevo con nuestras Video-Entrevistas. Nos visitaba el Presidente de la Federaci\u00f3n C\u00e1ntabra de Automovilismo, Gonzalo P\u00e9rez que por fin, despu\u00e9s de varias intentonas hacia un hueco en su dilatada agenda y nos visitaba. Esta es la segunda vez que Gonzalo P\u00e9rez, visita nuestros estudios [&hellip;]<!-- AddThis Advanced Settings generic via filter on wp_trim_excerpt --><!-- AddThis Share Buttons generic via filter on wp_trim_excerpt --><\/p>\n","protected":false},"author":2,"featured_media":0,"comment_status":"closed","ping_status":"closed","sticky":false,"template":"","format":"standard","meta":{"_exactmetrics_skip_tracking":false,"_exactmetrics_sitenote_active":false,"_exactmetrics_sitenote_note":"","_exactmetrics_sitenote_category":0,"footnotes":""},"categories":[47],"tags":[],"class_list":["post-4667","post","type-post","status-publish","format-standard","hentry","category-video-impresiones"],"_links":{"self":[{"href":"https:\/\/www.cantabriarallye.net\/newcantabriarallye\/wp-json\/wp\/v2\/posts\/4667","targetHints":{"allow":["GET"]}}],"collection":[{"href":"https:\/\/www.cantabriarallye.net\/newcantabriarallye\/wp-json\/wp\/v2\/posts"}],"about":[{"href":"https:\/\/www.cantabriarallye.net\/newcantabriarallye\/wp-json\/wp\/v2\/types\/post"}],"author":[{"embeddable":true,"href":"https:\/\/www.cantabriarallye.net\/newcantabriarallye\/wp-json\/wp\/v2\/users\/2"}],"replies":[{"embeddable":true,"href":"https:\/\/www.cantabriarallye.net\/newcantabriarallye\/wp-json\/wp\/v2\/comments?post=4667"}],"version-history":[{"count":1,"href":"https:\/\/www.cantabriarallye.net\/newcantabriarallye\/wp-json\/wp\/v2\/posts\/4667\/revisions"}],"predecessor-version":[{"id":4669,"href":"https:\/\/www.cantabriarallye.net\/newcantabriarallye\/wp-json\/wp\/v2\/posts\/4667\/revisions\/4669"}],"wp:attachment":[{"href":"https:\/\/www.cantabriarallye.net\/newcantabriarallye\/wp-json\/wp\/v2\/media?parent=4667"}],"wp:term":[{"taxonomy":"category","embeddable":true,"href":"https:\/\/www.cantabriarallye.net\/newcantabriarallye\/wp-json\/wp\/v2\/categories?post=4667"},{"taxonomy":"post_tag","embeddable":true,"href":"https:\/\/www.cantabriarallye.net\/newcantabriarallye\/wp-json\/wp\/v2\/tags?post=4667"}],"curies":[{"name":"wp","href":"https:\/\/api.w.org\/{rel}","templated":true}]}}