{"id":4670,"date":"2020-02-02T11:51:48","date_gmt":"2020-02-02T09:51:48","guid":{"rendered":"http:\/\/www.cantabriarallye.net\/newcantabriarallye\/?p=4670"},"modified":"2020-02-02T11:53:32","modified_gmt":"2020-02-02T09:53:32","slug":"gala-del-motor","status":"publish","type":"post","link":"https:\/\/www.cantabriarallye.net\/newcantabriarallye\/gala-del-motor\/","title":{"rendered":"Gala del Motor 2019"},"content":{"rendered":"<p>La sala Pereda del Palacio de Festivales de Santander, fue el lugar elegido por la Federaci\u00f3n C\u00e1ntabra de automovilismo, para entregar los premios de la temporada 2019.<br \/>\nCon un aforo completamente lleno, comenzaba la celebraci\u00f3n, conducida por Felix Ortiz.<br \/>\nRallyes, Rallysprint, Monta\u00f1a, Cl\u00e1sicos, Propulsi\u00f3n Karting, etc.<br \/>\nFinalmente eran alrededor de 64 categor\u00edas, de competici\u00f3n mas 22 menciones a deportistas, as\u00ed como los diplomas de la escuela de Karting de la Federaci\u00f3n.<br \/>\nMarco incomparable, con una GALA abierta a todos los deportistas, en donde todos los premiados recog\u00edan sus premios.<\/p>\n<table align=\"center\" border=\"0\">\n<tbody>\n<tr>\n<td width=\"130\">\n<div align=\"center\"><img decoding=\"async\" src=\"\/fotos20\/noticias\/varios\/gala\/galaportada.jpg\" border=\"0\"><\/div>\n<\/td>\n<\/tr>\n<tr>\n<td width=\"130\">\n<div align=\"center\"><span style=\"font-size: small;\">Foto:Cantabriarallye.net<\/span><\/div>\n<\/td>\n<\/tr>\n<\/tbody>\n<\/table>\n<p><!--more--><\/p>\n<p>&nbsp;<\/p>\n<table align=\"center\" border=\"0\">\n<tbody>\n<tr>\n<td width=\"130\">\n<div align=\"center\"><img decoding=\"async\" src=\"\/fotos20\/noticias\/varios\/gala\/gala.jpg\" border=\"0\"><\/div>\n<\/td>\n<\/tr>\n<tr>\n<td width=\"130\">\n<div align=\"center\"><span style=\"font-size: small;\">Foto:Cantabriarallye.net<\/span><\/div>\n<\/td>\n<\/tr>\n<\/tbody>\n<\/table>\n<a href=\"https:\/\/www.cantabriarallye.net\/newcantabriarallye\/wp-content\/uploads\/2020\/02\/galardonados_2019.pdf\" class=\"pdfemb-viewer\" style=\"\" data-width=\"max\" data-height=\"max\" data-toolbar=\"bottom\" data-toolbar-fixed=\"on\">galardonados_2019<\/a>\n<!-- AddThis Advanced Settings generic via filter on the_content --><!-- AddThis Share Buttons generic via filter on the_content -->","protected":false},"excerpt":{"rendered":"<p>La sala Pereda del Palacio de Festivales de Santander, fue el lugar elegido por la Federaci\u00f3n C\u00e1ntabra de automovilismo, para entregar los premios de la temporada 2019. Con un aforo completamente lleno, comenzaba la celebraci\u00f3n, conducida por Felix Ortiz. Rallyes, Rallysprint, Monta\u00f1a, Cl\u00e1sicos, Propulsi\u00f3n Karting, etc. Finalmente eran alrededor de 64 categor\u00edas, de competici\u00f3n mas [&hellip;]<!-- AddThis Advanced Settings generic via filter on wp_trim_excerpt --><!-- AddThis Share Buttons generic via filter on wp_trim_excerpt --><\/p>\n","protected":false},"author":2,"featured_media":0,"comment_status":"closed","ping_status":"closed","sticky":false,"template":"","format":"standard","meta":{"_exactmetrics_skip_tracking":false,"_exactmetrics_sitenote_active":false,"_exactmetrics_sitenote_note":"","_exactmetrics_sitenote_category":0,"footnotes":""},"categories":[37],"tags":[],"class_list":["post-4670","post","type-post","status-publish","format-standard","hentry","category-c58-ultimas-nocicias"],"_links":{"self":[{"href":"https:\/\/www.cantabriarallye.net\/newcantabriarallye\/wp-json\/wp\/v2\/posts\/4670","targetHints":{"allow":["GET"]}}],"collection":[{"href":"https:\/\/www.cantabriarallye.net\/newcantabriarallye\/wp-json\/wp\/v2\/posts"}],"about":[{"href":"https:\/\/www.cantabriarallye.net\/newcantabriarallye\/wp-json\/wp\/v2\/types\/post"}],"author":[{"embeddable":true,"href":"https:\/\/www.cantabriarallye.net\/newcantabriarallye\/wp-json\/wp\/v2\/users\/2"}],"replies":[{"embeddable":true,"href":"https:\/\/www.cantabriarallye.net\/newcantabriarallye\/wp-json\/wp\/v2\/comments?post=4670"}],"version-history":[{"count":4,"href":"https:\/\/www.cantabriarallye.net\/newcantabriarallye\/wp-json\/wp\/v2\/posts\/4670\/revisions"}],"predecessor-version":[{"id":4676,"href":"https:\/\/www.cantabriarallye.net\/newcantabriarallye\/wp-json\/wp\/v2\/posts\/4670\/revisions\/4676"}],"wp:attachment":[{"href":"https:\/\/www.cantabriarallye.net\/newcantabriarallye\/wp-json\/wp\/v2\/media?parent=4670"}],"wp:term":[{"taxonomy":"category","embeddable":true,"href":"https:\/\/www.cantabriarallye.net\/newcantabriarallye\/wp-json\/wp\/v2\/categories?post=4670"},{"taxonomy":"post_tag","embeddable":true,"href":"https:\/\/www.cantabriarallye.net\/newcantabriarallye\/wp-json\/wp\/v2\/tags?post=4670"}],"curies":[{"name":"wp","href":"https:\/\/api.w.org\/{rel}","templated":true}]}}