{"id":4690,"date":"2020-02-23T21:15:57","date_gmt":"2020-02-23T19:15:57","guid":{"rendered":"http:\/\/www.cantabriarallye.net\/newcantabriarallye\/?p=4690"},"modified":"2020-02-23T21:15:57","modified_gmt":"2020-02-23T19:15:57","slug":"video-entrevistas-domingo-estrada-gomez-doblete-en-la-montana","status":"publish","type":"post","link":"https:\/\/www.cantabriarallye.net\/newcantabriarallye\/video-entrevistas-domingo-estrada-gomez-doblete-en-la-montana\/","title":{"rendered":"Video-Entrevistas &#8211; Domingo Estrada G\u00f3mez. Doblete en la Monta\u00f1a"},"content":{"rendered":"<p>Seguimos con nuestras Video-Entrevistas. Para esta ocasi\u00f3n, nos visitaba todo un Campe\u00f3n de Espa\u00f1a de Monta\u00f1a en clase II, adem\u00e1s del vigente campe\u00f3n C\u00e1ntabro de la Especialidad.<br \/>\nDomingo Estrada G\u00f3mez, nos hacia una visita en nuestro Estudio del Alto de Malia\u00f1o. Le acompa\u00f1aba tambi\u00e9n el Team Manager del Equipo, Mingo Estrada.<br \/>\nEl benjam\u00edn de la familia Estrada, nos contaba todos los pormenores de su nuevo programa automovil\u00edstico, as\u00ed como las peripecias de la pasada temporada en el Nacional de Monta\u00f1a, en donde consegu\u00eda el Campeonato dentro de la categor\u00eda II.<\/p>\n<table align=\"center\" border=\"0\">\n<tbody>\n<tr>\n<td>\n<p align=\"center\"><img decoding=\"async\" src=\"\/fotos20\/noticias\/videoimpresiones\/estrada\/foto.jpg\"><\/p>\n<\/td>\n<\/tr>\n<tr>\n<td>\n<p align=\"center\"><span style=\"font-size: small;\">Foto: Cantabriarallye.net<\/span><\/p>\n<\/td>\n<\/tr>\n<\/tbody>\n<\/table>\n<p><!--more--><\/p>\n<p>Ten\u00edamos muchas ganas de que viniera a nuestros estudios, pues su padre y sus abuelos, han sido vecinos del Alto de Malia\u00f1o. Desde muy joven en el Karting, para despu\u00e9s en alguna prueba de Slalom dar todo un recital de conducci\u00f3n, con diferentes veh\u00edculos. Despu\u00e9s de varias tomas falsas, alg\u00fan que otro fallo \u00abt\u00e9cnico\u00bb y de muchas risas, que es lo importante, la entrevista quedaba realizada.<br \/>\nEn esta ocasi\u00f3n, la visita fue r\u00e1pida, pues andaban inmersos en nuevos proyectos automovil\u00edsticos y el tiempo apremia.<\/p>\n<p>De nuevo disfruten como hemos disfrutado nosotros, realizando la entrevista al actual Campe\u00f3n de Monta\u00f1a de Cantabria y tambi\u00e9n Campe\u00f3n de Espa\u00f1a de Monta\u00f1a en clase II, Domingo Estrada G\u00f3mez.<\/p>\n<p>&nbsp;<\/p>\n<h1 style=\"text-align: center;\"><strong>VIDEO-ENTREVISTAS<br \/>\n<\/strong><\/h1>\n<table align=\"center\" border=\"0\" width=\"57%\">\n<tbody>\n<tr>\n<td>\n<p align=\"center\">Domingo Estrada G\u00f3mez, Campe\u00f3n de Espa\u00f1a de Monta\u00f1a clase II \/ Campe\u00f3n de Monta\u00f1a de Cantabria<br \/>\nDomingo Estrada &#8211; Team Manager Equipo Estrada Competici\u00f3n.<\/p>\n<\/td>\n<\/tr>\n<tr>\n<td>\n<p align=\"center\"><iframe loading=\"lazy\" src=\"https:\/\/www.youtube.com\/embed\/hRIvcTf3_j4\" allowfullscreen=\"allowfullscreen\" frameborder=\"0\" height=\"315\" width=\"560\"><\/iframe><\/p>\n<\/td>\n<\/tr>\n<tr>\n<td>\n<hr align=\"center\">\n<\/td>\n<\/tr>\n<tr>\n<td>\n<p align=\"center\"><a href=\"http:\/\/carpinteriabenjamin.com\/carpinteria.htm\"><img decoding=\"async\" src=\"https:\/\/www.cantabriarallye.net\/newcantabriarallye\/wp-content\/uploads\/2017\/noticias\/varios\/benjamin.jpg\" border=\"0\"><\/a><\/p>\n<\/td>\n<\/tr>\n<tr>\n<td>\n<p align=\"center\">&nbsp;<\/p>\n<\/td>\n<\/tr>\n<\/tbody>\n<\/table>\n<p>&nbsp;<\/p>\n<!-- AddThis Advanced Settings generic via filter on the_content --><!-- AddThis Share Buttons generic via filter on the_content -->","protected":false},"excerpt":{"rendered":"<p>Seguimos con nuestras Video-Entrevistas. Para esta ocasi\u00f3n, nos visitaba todo un Campe\u00f3n de Espa\u00f1a de Monta\u00f1a en clase II, adem\u00e1s del vigente campe\u00f3n C\u00e1ntabro de la Especialidad. Domingo Estrada G\u00f3mez, nos hacia una visita en nuestro Estudio del Alto de Malia\u00f1o. Le acompa\u00f1aba tambi\u00e9n el Team Manager del Equipo, Mingo Estrada. El benjam\u00edn de la [&hellip;]<!-- AddThis Advanced Settings generic via filter on wp_trim_excerpt --><!-- AddThis Share Buttons generic via filter on wp_trim_excerpt --><\/p>\n","protected":false},"author":2,"featured_media":0,"comment_status":"closed","ping_status":"closed","sticky":false,"template":"","format":"standard","meta":{"_exactmetrics_skip_tracking":false,"_exactmetrics_sitenote_active":false,"_exactmetrics_sitenote_note":"","_exactmetrics_sitenote_category":0,"footnotes":""},"categories":[47],"tags":[],"class_list":["post-4690","post","type-post","status-publish","format-standard","hentry","category-video-impresiones"],"_links":{"self":[{"href":"https:\/\/www.cantabriarallye.net\/newcantabriarallye\/wp-json\/wp\/v2\/posts\/4690","targetHints":{"allow":["GET"]}}],"collection":[{"href":"https:\/\/www.cantabriarallye.net\/newcantabriarallye\/wp-json\/wp\/v2\/posts"}],"about":[{"href":"https:\/\/www.cantabriarallye.net\/newcantabriarallye\/wp-json\/wp\/v2\/types\/post"}],"author":[{"embeddable":true,"href":"https:\/\/www.cantabriarallye.net\/newcantabriarallye\/wp-json\/wp\/v2\/users\/2"}],"replies":[{"embeddable":true,"href":"https:\/\/www.cantabriarallye.net\/newcantabriarallye\/wp-json\/wp\/v2\/comments?post=4690"}],"version-history":[{"count":1,"href":"https:\/\/www.cantabriarallye.net\/newcantabriarallye\/wp-json\/wp\/v2\/posts\/4690\/revisions"}],"predecessor-version":[{"id":4692,"href":"https:\/\/www.cantabriarallye.net\/newcantabriarallye\/wp-json\/wp\/v2\/posts\/4690\/revisions\/4692"}],"wp:attachment":[{"href":"https:\/\/www.cantabriarallye.net\/newcantabriarallye\/wp-json\/wp\/v2\/media?parent=4690"}],"wp:term":[{"taxonomy":"category","embeddable":true,"href":"https:\/\/www.cantabriarallye.net\/newcantabriarallye\/wp-json\/wp\/v2\/categories?post=4690"},{"taxonomy":"post_tag","embeddable":true,"href":"https:\/\/www.cantabriarallye.net\/newcantabriarallye\/wp-json\/wp\/v2\/tags?post=4690"}],"curies":[{"name":"wp","href":"https:\/\/api.w.org\/{rel}","templated":true}]}}