{"id":4999,"date":"2020-11-18T22:13:25","date_gmt":"2020-11-18T20:13:25","guid":{"rendered":"http:\/\/www.cantabriarallye.net\/newcantabriarallye\/?p=4999"},"modified":"2020-11-19T08:50:08","modified_gmt":"2020-11-19T06:50:08","slug":"video-entrevistas-gonzalo-perez-presidente-de-la-fcta","status":"publish","type":"post","link":"https:\/\/www.cantabriarallye.net\/newcantabriarallye\/video-entrevistas-gonzalo-perez-presidente-de-la-fcta\/","title":{"rendered":"Video-Entrevistas, Gonzalo P\u00e9rez, Presidente de la FCTA."},"content":{"rendered":"<p>Recientemente se realizaban las votaciones para elegir nuevo presidente de la Federaci\u00f3n C\u00e1ntabra de Automovilismo, en donde Gonzalo P\u00e9rez, era reelegido por mayor\u00eda. Despu\u00e9s de cuatro a\u00f1os de trabajo por parte de todo su equipo, la Federaci\u00f3n C\u00e1ntabra de automovilismo, ha cambiado \u00abdr\u00e1sticamente\u00bb y parece ser que con su reeleccion, los pilotos, escuder\u00edas, y oficiales, quieren seguir bajo su direcci\u00f3n.<br \/>\nYa nos acompa\u00f1o a principios de temporada, donde se promet\u00eda un calendario muy bien estructurado, pero que la PANDEMIA, dio al traste con todas las aspiraciones de esta federaci\u00f3n.<\/p>\n<table align=\"center\" border=\"0\">\n<tbody>\n<tr>\n<td colspan=\"1\" rowspan=\"1\">\n<p align=\"center\"><img decoding=\"async\" src=\"\/fotos20\/noticias\/videoimpresiones\/presi\/presi.jpg\"><\/p>\n<\/td>\n<\/tr>\n<tr>\n<td colspan=\"1\" rowspan=\"1\">\n<p align=\"center\"><span style=\"font-size: small;\">Foto: Cantabriarallye.net<\/span><\/p>\n<\/td>\n<\/tr>\n<\/tbody>\n<\/table>\n<p><!--more--><\/p>\n<p>De nuevo nos visitaba en nuestros Estudios del Alto de Malia\u00f1o, el recientemente reelegido presidente de la Federaci\u00f3n C\u00e1ntabra de Automovilismo por amplia mayor\u00eda.<br \/>\nUna vez mas, el tiempo se pasaba \u00abvolando\u00bb y quedaba realizada la entrevista. Repasamos su reelecci\u00f3n, los planes de futuro para la temporada que viene y en general, charlamos con el nuevo mandatario de la Federaci\u00f3n.<\/p>\n<p>Realiz\u00e1bamos todo los protocolos de seguridad, frente al COVID como el Hidrogel y la distancia de seguridad, para realizar la entrevista, pues la seguridad es lo mas importante y m\u00e1s, con nuestro presidente.<\/p>\n<h1 style=\"text-align:center;\"><strong>VIDEO-ENTREVISTAS<\/strong><\/h1>\n<table align=\"center\" border=\"0\" width=\"57%\">\n<tbody>\n<tr>\n<td colspan=\"1\" rowspan=\"1\">\n<p align=\"center\">Gonzalo P\u00e9rez &#8211; Presidente Federaci\u00f3n C\u00e1ntabra de automovilismo<\/p>\n<\/td>\n<\/tr>\n<tr>\n<td colspan=\"1\" rowspan=\"1\">\n<p align=\"center\"><iframe loading=\"lazy\" frameborder=\"0\" src=\"https:\/\/www.youtube.com\/embed\/i3puXfyXYV4\" allowfullscreen height=\"315\" width=\"560\"><\/iframe><\/p>\n<\/td>\n<\/tr>\n<tr>\n<td colspan=\"1\" rowspan=\"1\">\n<hr align=\"center\"><\/td>\n<\/tr>\n<tr>\n<td colspan=\"1\" rowspan=\"1\">\n<p align=\"center\"><a href=\"http:\/\/carpinteriabenjamin.com\/carpinteria.htm\"><img decoding=\"async\" src=\"https:\/\/www.cantabriarallye.net\/newcantabriarallye\/wp-content\/uploads\/2017\/noticias\/varios\/benjamin.jpg\" border=\"0\"><\/a><\/p>\n<\/td>\n<\/tr>\n<tr>\n<td colspan=\"1\" rowspan=\"1\">\n<p align=\"center\">\n<\/td>\n<\/tr>\n<\/tbody>\n<\/table>\n<!-- AddThis Advanced Settings generic via filter on the_content --><!-- AddThis Share Buttons generic via filter on the_content -->","protected":false},"excerpt":{"rendered":"<p>Recientemente se realizaban las votaciones para elegir nuevo presidente de la Federaci\u00f3n C\u00e1ntabra de Automovilismo, en donde Gonzalo P\u00e9rez, era reelegido por mayor\u00eda. Despu\u00e9s de cuatro a\u00f1os de trabajo por parte de todo su equipo, la Federaci\u00f3n C\u00e1ntabra de automovilismo, ha cambiado \u00abdr\u00e1sticamente\u00bb y parece ser que con su reeleccion, los pilotos, escuder\u00edas, y oficiales, [&hellip;]<!-- AddThis Advanced Settings generic via filter on wp_trim_excerpt --><!-- AddThis Share Buttons generic via filter on wp_trim_excerpt --><\/p>\n","protected":false},"author":2,"featured_media":0,"comment_status":"closed","ping_status":"closed","sticky":false,"template":"","format":"standard","meta":{"_exactmetrics_skip_tracking":false,"_exactmetrics_sitenote_active":false,"_exactmetrics_sitenote_note":"","_exactmetrics_sitenote_category":0,"footnotes":""},"categories":[37,47],"tags":[],"class_list":["post-4999","post","type-post","status-publish","format-standard","hentry","category-c58-ultimas-nocicias","category-video-impresiones"],"_links":{"self":[{"href":"https:\/\/www.cantabriarallye.net\/newcantabriarallye\/wp-json\/wp\/v2\/posts\/4999","targetHints":{"allow":["GET"]}}],"collection":[{"href":"https:\/\/www.cantabriarallye.net\/newcantabriarallye\/wp-json\/wp\/v2\/posts"}],"about":[{"href":"https:\/\/www.cantabriarallye.net\/newcantabriarallye\/wp-json\/wp\/v2\/types\/post"}],"author":[{"embeddable":true,"href":"https:\/\/www.cantabriarallye.net\/newcantabriarallye\/wp-json\/wp\/v2\/users\/2"}],"replies":[{"embeddable":true,"href":"https:\/\/www.cantabriarallye.net\/newcantabriarallye\/wp-json\/wp\/v2\/comments?post=4999"}],"version-history":[{"count":3,"href":"https:\/\/www.cantabriarallye.net\/newcantabriarallye\/wp-json\/wp\/v2\/posts\/4999\/revisions"}],"predecessor-version":[{"id":5003,"href":"https:\/\/www.cantabriarallye.net\/newcantabriarallye\/wp-json\/wp\/v2\/posts\/4999\/revisions\/5003"}],"wp:attachment":[{"href":"https:\/\/www.cantabriarallye.net\/newcantabriarallye\/wp-json\/wp\/v2\/media?parent=4999"}],"wp:term":[{"taxonomy":"category","embeddable":true,"href":"https:\/\/www.cantabriarallye.net\/newcantabriarallye\/wp-json\/wp\/v2\/categories?post=4999"},{"taxonomy":"post_tag","embeddable":true,"href":"https:\/\/www.cantabriarallye.net\/newcantabriarallye\/wp-json\/wp\/v2\/tags?post=4999"}],"curies":[{"name":"wp","href":"https:\/\/api.w.org\/{rel}","templated":true}]}}