{"id":5165,"date":"2021-06-06T22:15:15","date_gmt":"2021-06-06T20:15:15","guid":{"rendered":"http:\/\/www.cantabriarallye.net\/newcantabriarallye\/?p=5165"},"modified":"2021-06-06T22:18:11","modified_gmt":"2021-06-06T20:18:11","slug":"ogier-se-anota-el-rallye-de-cerdena","status":"publish","type":"post","link":"https:\/\/www.cantabriarallye.net\/newcantabriarallye\/ogier-se-anota-el-rallye-de-cerdena\/","title":{"rendered":"Ogier, se anota el Rallye de Cerde\u00f1a"},"content":{"rendered":"<p>Sebastian Ogier, consiguen una nueva victoria, en esta ocasi\u00f3n el Rallye de Italia-Cerde\u00f1a. El piloto Franc\u00e9s, consegu\u00eda otra victoria m\u00e1s para su casillero, despu\u00e9s de que en la jornada del s\u00e1bado, Sordo, abandonaba, cuando estaba realizando una prueba espectacular. No tenemos que olvidarnos de Tanak, que tambi\u00e9n realizaba unos buenos scratch, hasta que se ve\u00eda obligado a abandonar, por un peque\u00f1o golpe, que en principio, no parec\u00eda problem\u00e1tico, pero que a la postre, le hacia abandonar.<\/p>\n<table align=\"center\" border=\"0\">\n<tbody>\n<tr>\n<td>\n<div align=\"center\"><img decoding=\"async\" src=\"https:\/\/www.cantabriarallye.net\/newcantabriarallye\/wp-content\/uploads\/2021\/pruebasmundial\/cerdena\/foto.jpg\"><\/div>\n<\/td>\n<\/tr>\n<tr>\n<td>\n<div align=\"center\"><span style=\"font-family: Verdana, Arial, Helvetica, sans-serif;\">Foto:Prensa<\/span><\/div>\n<\/td>\n<\/tr>\n<\/tbody>\n<\/table>\n<p><!--more--> Despu\u00e9s Sordo, que hab\u00eda tenido problemas con los neum\u00e1ticos y que estaba realizando un carrer\u00f3n, hasta que sufr\u00eda una salida de pista, pon\u00eda en bandeja de \u201cplata\u201d, el liderato para el piloto franc\u00e9s.<br \/>\nFinalmente el piloto C\u00e1ntabro, se reenganchaba en la prueba y consegu\u00eda hacer un buen papel en la Power Stage, consiguiendo una bonificaci\u00f3n extra puntos para su casillero y tambi\u00e9n para Hyundai.<\/p>\n<!-- AddThis Advanced Settings generic via filter on the_content --><!-- AddThis Share Buttons generic via filter on the_content -->","protected":false},"excerpt":{"rendered":"<p>Sebastian Ogier, consiguen una nueva victoria, en esta ocasi\u00f3n el Rallye de Italia-Cerde\u00f1a. El piloto Franc\u00e9s, consegu\u00eda otra victoria m\u00e1s para su casillero, despu\u00e9s de que en la jornada del s\u00e1bado, Sordo, abandonaba, cuando estaba realizando una prueba espectacular. No tenemos que olvidarnos de Tanak, que tambi\u00e9n realizaba unos buenos scratch, hasta que se ve\u00eda [&hellip;]<!-- AddThis Advanced Settings generic via filter on wp_trim_excerpt --><!-- AddThis Share Buttons generic via filter on wp_trim_excerpt --><\/p>\n","protected":false},"author":2,"featured_media":0,"comment_status":"closed","ping_status":"closed","sticky":false,"template":"","format":"standard","meta":{"_exactmetrics_skip_tracking":false,"_exactmetrics_sitenote_active":false,"_exactmetrics_sitenote_note":"","_exactmetrics_sitenote_category":0,"footnotes":""},"categories":[27],"tags":[],"class_list":["post-5165","post","type-post","status-publish","format-standard","hentry","category-c46-rallyes-mundial"],"_links":{"self":[{"href":"https:\/\/www.cantabriarallye.net\/newcantabriarallye\/wp-json\/wp\/v2\/posts\/5165","targetHints":{"allow":["GET"]}}],"collection":[{"href":"https:\/\/www.cantabriarallye.net\/newcantabriarallye\/wp-json\/wp\/v2\/posts"}],"about":[{"href":"https:\/\/www.cantabriarallye.net\/newcantabriarallye\/wp-json\/wp\/v2\/types\/post"}],"author":[{"embeddable":true,"href":"https:\/\/www.cantabriarallye.net\/newcantabriarallye\/wp-json\/wp\/v2\/users\/2"}],"replies":[{"embeddable":true,"href":"https:\/\/www.cantabriarallye.net\/newcantabriarallye\/wp-json\/wp\/v2\/comments?post=5165"}],"version-history":[{"count":1,"href":"https:\/\/www.cantabriarallye.net\/newcantabriarallye\/wp-json\/wp\/v2\/posts\/5165\/revisions"}],"predecessor-version":[{"id":5166,"href":"https:\/\/www.cantabriarallye.net\/newcantabriarallye\/wp-json\/wp\/v2\/posts\/5165\/revisions\/5166"}],"wp:attachment":[{"href":"https:\/\/www.cantabriarallye.net\/newcantabriarallye\/wp-json\/wp\/v2\/media?parent=5165"}],"wp:term":[{"taxonomy":"category","embeddable":true,"href":"https:\/\/www.cantabriarallye.net\/newcantabriarallye\/wp-json\/wp\/v2\/categories?post=5165"},{"taxonomy":"post_tag","embeddable":true,"href":"https:\/\/www.cantabriarallye.net\/newcantabriarallye\/wp-json\/wp\/v2\/tags?post=5165"}],"curies":[{"name":"wp","href":"https:\/\/api.w.org\/{rel}","templated":true}]}}