{"id":5168,"date":"2021-06-09T21:34:11","date_gmt":"2021-06-09T19:34:11","guid":{"rendered":"http:\/\/www.cantabriarallye.net\/newcantabriarallye\/?p=5168"},"modified":"2021-06-09T21:34:29","modified_gmt":"2021-06-09T19:34:29","slug":"video-entrevistas-i-e-s-nuestra-senora-de-los-remedios-vencedores-euskelec-2021","status":"publish","type":"post","link":"https:\/\/www.cantabriarallye.net\/newcantabriarallye\/video-entrevistas-i-e-s-nuestra-senora-de-los-remedios-vencedores-euskelec-2021\/","title":{"rendered":"V\u00eddeo Entrevistas, I.E.S. Nuestra Se\u00f1ora de los Remedios, vencedores EUSKELEC 2021."},"content":{"rendered":"<p>En la reciente competici\u00f3n EUSKELEC 2021, celebrada en el Pa\u00eds Vasco el I.E.S. Nuestra Se\u00f1ora de los Remedios de Guarnizo, consegu\u00eda la victoria absoluta. De Cantabria participaban tres equipos m\u00e1s, siendo dos de ellos los equipos alineados por el Instituto de Formaci\u00f3n Profesional Numero UNO de Santander y otro equipo era el del Colegio San Juan Bautista de los Corrales. Nos parec\u00eda interesante \u00e9l dedicarles una de nuestras Video-Entrevistas, as\u00ed que r\u00e1pidamente nos pusimos, manos a la obra.<\/p>\n<table align=\"center\" border=\"0\">\n<tbody>\n<tr>\n<td>\n<p align=\"center\"><img decoding=\"async\" src=\"https:\/\/www.cantabriarallye.net\/newcantabriarallye\/wp-content\/uploads\/2021\/noticias\/videoimpresiones\/ecocar\/portada.jpg\"><\/p>\n<\/td>\n<\/tr>\n<tr>\n<td>\n<p align=\"center\"><span style=\"font-size: small;\">Foto: Cantabriarallye.net<\/span><\/p>\n<\/td>\n<\/tr>\n<\/tbody>\n<\/table>\n<p><!--more--><\/p>\n<p>Los docentes responsables del Proyecto, David Fern\u00e1ndez y Juanjo Saiz de La Maza, nos hac\u00edan un hueco para realizarles la entrevista. Aun as\u00ed decir que los protagonistas, de todo esto, eran los chavales participantes, as\u00ed que se busco a tres de los chavales participantes, para que charlaran con nosotros.<\/p>\n<p>Por una parte ten\u00edamos a piloto suplente Pablo Cano y los mec\u00e1nicos V\u00edctor Jos\u00e9 Bedia y Gabriel Balb\u00e1s. Con ellos charlamos de sus experiencias en la competici\u00f3n, as\u00ed como de todo lo que tuvieron que trabajar, para tener el coche a punto. Decir que el d\u00eda antes de la competici\u00f3n, el coche esta \u00abMUERTO\u00bb, por la electr\u00f3nica \u00abdefectuosa\u00bb, pero que al cambiarla en el momento de la carrera, por una totalmente nueva, se pudo comprobar que todo funcionaba perfectamente, toda la parte mec\u00e1nica, consiguiendo la victoria finalmente.<\/p>\n<p>Nos lo pasamos muy bien, realizando la grabaci\u00f3n, muchas risas entre profesores, alumnos y quien les escribe. De nuevo, disfruten ustedes como hemos disfrutado nosotros, con el equipo vencedor en la EUSKELEC 2021, pertenecientes al I.E.S. Nuestra Se\u00f1ora de los Remedios de Guarnizo.<\/p>\n<p>&nbsp;<\/p>\n<h1 style=\"text-align: center;\"><strong>VIDEO-ENTREVISTAS<br \/>\n<\/strong><\/h1>\n<table align=\"center\" border=\"0\" width=\"57%\">\n<tbody>\n<tr>\n<td>\n<p align=\"center\">I.E.S. Nuestra Se\u00f1ora de los Remedios, vencedores EUSKELEC 2021.<\/p>\n<\/td>\n<\/tr>\n<tr>\n<td>\n<p align=\"center\"><iframe loading=\"lazy\" src=\"\/\/www.youtube.com\/embed\/YFanowfYOgE\" allowfullscreen=\"allowfullscreen\" height=\"314\" width=\"560\"><\/iframe><\/p>\n<\/td>\n<\/tr>\n<tr>\n<td>\n<hr align=\"center\">\n<\/td>\n<\/tr>\n<tr>\n<td>\n<p align=\"center\"><a href=\"http:\/\/carpinteriabenjamin.com\/carpinteria.htm\"><img decoding=\"async\" src=\"https:\/\/www.cantabriarallye.net\/newcantabriarallye\/wp-content\/uploads\/2017\/noticias\/varios\/benjamin.jpg\" border=\"0\"><\/a><\/p>\n<\/td>\n<\/tr>\n<tr>\n<td>\n<p align=\"center\">&nbsp;<\/p>\n<\/td>\n<\/tr>\n<\/tbody>\n<\/table>\n<p>&nbsp;<\/p>\n<!-- AddThis Advanced Settings generic via filter on the_content --><!-- AddThis Share Buttons generic via filter on the_content -->","protected":false},"excerpt":{"rendered":"<p>En la reciente competici\u00f3n EUSKELEC 2021, celebrada en el Pa\u00eds Vasco el I.E.S. Nuestra Se\u00f1ora de los Remedios de Guarnizo, consegu\u00eda la victoria absoluta. De Cantabria participaban tres equipos m\u00e1s, siendo dos de ellos los equipos alineados por el Instituto de Formaci\u00f3n Profesional Numero UNO de Santander y otro equipo era el del Colegio San [&hellip;]<!-- AddThis Advanced Settings generic via filter on wp_trim_excerpt --><!-- AddThis Share Buttons generic via filter on wp_trim_excerpt --><\/p>\n","protected":false},"author":2,"featured_media":0,"comment_status":"closed","ping_status":"closed","sticky":false,"template":"","format":"standard","meta":{"_exactmetrics_skip_tracking":false,"_exactmetrics_sitenote_active":false,"_exactmetrics_sitenote_note":"","_exactmetrics_sitenote_category":0,"footnotes":""},"categories":[47],"tags":[],"class_list":["post-5168","post","type-post","status-publish","format-standard","hentry","category-video-impresiones"],"_links":{"self":[{"href":"https:\/\/www.cantabriarallye.net\/newcantabriarallye\/wp-json\/wp\/v2\/posts\/5168","targetHints":{"allow":["GET"]}}],"collection":[{"href":"https:\/\/www.cantabriarallye.net\/newcantabriarallye\/wp-json\/wp\/v2\/posts"}],"about":[{"href":"https:\/\/www.cantabriarallye.net\/newcantabriarallye\/wp-json\/wp\/v2\/types\/post"}],"author":[{"embeddable":true,"href":"https:\/\/www.cantabriarallye.net\/newcantabriarallye\/wp-json\/wp\/v2\/users\/2"}],"replies":[{"embeddable":true,"href":"https:\/\/www.cantabriarallye.net\/newcantabriarallye\/wp-json\/wp\/v2\/comments?post=5168"}],"version-history":[{"count":2,"href":"https:\/\/www.cantabriarallye.net\/newcantabriarallye\/wp-json\/wp\/v2\/posts\/5168\/revisions"}],"predecessor-version":[{"id":5171,"href":"https:\/\/www.cantabriarallye.net\/newcantabriarallye\/wp-json\/wp\/v2\/posts\/5168\/revisions\/5171"}],"wp:attachment":[{"href":"https:\/\/www.cantabriarallye.net\/newcantabriarallye\/wp-json\/wp\/v2\/media?parent=5168"}],"wp:term":[{"taxonomy":"category","embeddable":true,"href":"https:\/\/www.cantabriarallye.net\/newcantabriarallye\/wp-json\/wp\/v2\/categories?post=5168"},{"taxonomy":"post_tag","embeddable":true,"href":"https:\/\/www.cantabriarallye.net\/newcantabriarallye\/wp-json\/wp\/v2\/tags?post=5168"}],"curies":[{"name":"wp","href":"https:\/\/api.w.org\/{rel}","templated":true}]}}