{"id":5176,"date":"2021-06-14T14:38:39","date_gmt":"2021-06-14T12:38:39","guid":{"rendered":"http:\/\/www.cantabriarallye.net\/newcantabriarallye\/?p=5176"},"modified":"2021-06-14T14:38:41","modified_gmt":"2021-06-14T12:38:41","slug":"iv-edicion-rallye-valles-pasiegos-videoentrevistas","status":"publish","type":"post","link":"https:\/\/www.cantabriarallye.net\/newcantabriarallye\/iv-edicion-rallye-valles-pasiegos-videoentrevistas\/","title":{"rendered":"IV Edici\u00f3n Rallye Valles Pasiegos &#8211; VideoEntrevistas"},"content":{"rendered":"<p>La IV Edici\u00f3n del Rallye Valles Pasiegos ya esta calentando motores. Otra nueva edici\u00f3n que la Escuder\u00eda Valles Pasiegos, pone en marcha, con una gran inscripcion y una estupenda organizaci\u00f3n..<br \/>\nEl espect\u00e1culo del motor esta servido, en la zona pasiega, de la mano de esta escuder\u00eda. Gente joven, con muchas ganas de hacer las cosas bien. No se pierdan la cita, que ser\u00e1 el pr\u00f3ximo 18 y 19 de Junio. El motor esta en los Valles Pasiegos.<\/p>\n<table align=\"center\" border=\"0\">\n<tbody>\n<tr>\n<td>\n<p align=\"center\"><img decoding=\"async\" src=\"https:\/\/www.cantabriarallye.net\/newcantabriarallye\/wp-content\/uploads\/2021\/noticias\/videoimpresiones\/vallespasiegos\/portada.jpg\"><\/p>\n<\/td>\n<\/tr>\n<tr>\n<td>\n<p align=\"center\"><span style=\"font-size: small;\">Foto: Cantabriarallye.net<\/span><\/p>\n<\/td>\n<\/tr>\n<\/tbody>\n<\/table>\n<p><!--more--><\/p>\n<p>Para esta ocasi\u00f3n, nuestro invitado era Jonathan Espa\u00f1a, uno de los integrantes de la escuder\u00eda Valles Pasiegos, que organiza la prueba del mismo nombre.<br \/>\nJonathan ya hab\u00eda estado en nuestros estudios, hablando de otras pruebas, pero en esta ocasi\u00f3n y como viene siendo habitual, la VIDEOLLAMADA, es el sistema para realizar nuestras t\u00edpicas VideoEntrevistas.<\/p>\n<p>Una vez mas, la entrevista quedaba realizada. Varias tomas falsas, algunos cortes y varias carcajadas, para realizar la entrevista.<br \/>\nDe nuevo, disfruten como hemos disfrutado nosotros, entrevistando a Jonathan Espa\u00f1a, uno de los integrantes de la Escuder\u00eda Valles Pasiegos.<\/p>\n<h1 style=\"text-align: center;\"><strong>VIDEO-ENTREVISTAS<br \/>\n<\/strong><\/h1>\n<table align=\"center\" border=\"0\" width=\"57%\">\n<tbody>\n<tr>\n<td>\n<p align=\"center\">IV Edici\u00f3n Rallye Valles Pasiegos &#8211; Jonathan Espa\u00f1a<\/p>\n<\/td>\n<\/tr>\n<tr>\n<td>\n<p align=\"center\"><iframe loading=\"lazy\" src=\"\/\/www.youtube.com\/embed\/nXYt6ToamxI\" allowfullscreen=\"allowfullscreen\" height=\"314\" width=\"560\"><\/iframe><\/p>\n<\/td>\n<\/tr>\n<tr>\n<td>\n<hr align=\"center\">\n<\/td>\n<\/tr>\n<tr>\n<td>\n<p align=\"center\"><a href=\"http:\/\/carpinteriabenjamin.com\/carpinteria.htm\"><img decoding=\"async\" src=\"https:\/\/www.cantabriarallye.net\/newcantabriarallye\/wp-content\/uploads\/2017\/noticias\/varios\/benjamin.jpg\" border=\"0\"><\/a><\/p>\n<\/td>\n<\/tr>\n<tr>\n<td>\n<p align=\"center\">&nbsp;<\/p>\n<\/td>\n<\/tr>\n<\/tbody>\n<\/table>\n<p>&nbsp;<\/p>\n<!-- AddThis Advanced Settings generic via filter on the_content --><!-- AddThis Share Buttons generic via filter on the_content -->","protected":false},"excerpt":{"rendered":"<p>La IV Edici\u00f3n del Rallye Valles Pasiegos ya esta calentando motores. Otra nueva edici\u00f3n que la Escuder\u00eda Valles Pasiegos, pone en marcha, con una gran inscripcion y una estupenda organizaci\u00f3n.. El espect\u00e1culo del motor esta servido, en la zona pasiega, de la mano de esta escuder\u00eda. Gente joven, con muchas ganas de hacer las cosas [&hellip;]<!-- AddThis Advanced Settings generic via filter on wp_trim_excerpt --><!-- AddThis Share Buttons generic via filter on wp_trim_excerpt --><\/p>\n","protected":false},"author":2,"featured_media":0,"comment_status":"closed","ping_status":"closed","sticky":false,"template":"","format":"standard","meta":{"_exactmetrics_skip_tracking":false,"_exactmetrics_sitenote_active":false,"_exactmetrics_sitenote_note":"","_exactmetrics_sitenote_category":0,"footnotes":""},"categories":[47],"tags":[],"class_list":["post-5176","post","type-post","status-publish","format-standard","hentry","category-video-impresiones"],"_links":{"self":[{"href":"https:\/\/www.cantabriarallye.net\/newcantabriarallye\/wp-json\/wp\/v2\/posts\/5176","targetHints":{"allow":["GET"]}}],"collection":[{"href":"https:\/\/www.cantabriarallye.net\/newcantabriarallye\/wp-json\/wp\/v2\/posts"}],"about":[{"href":"https:\/\/www.cantabriarallye.net\/newcantabriarallye\/wp-json\/wp\/v2\/types\/post"}],"author":[{"embeddable":true,"href":"https:\/\/www.cantabriarallye.net\/newcantabriarallye\/wp-json\/wp\/v2\/users\/2"}],"replies":[{"embeddable":true,"href":"https:\/\/www.cantabriarallye.net\/newcantabriarallye\/wp-json\/wp\/v2\/comments?post=5176"}],"version-history":[{"count":3,"href":"https:\/\/www.cantabriarallye.net\/newcantabriarallye\/wp-json\/wp\/v2\/posts\/5176\/revisions"}],"predecessor-version":[{"id":5180,"href":"https:\/\/www.cantabriarallye.net\/newcantabriarallye\/wp-json\/wp\/v2\/posts\/5176\/revisions\/5180"}],"wp:attachment":[{"href":"https:\/\/www.cantabriarallye.net\/newcantabriarallye\/wp-json\/wp\/v2\/media?parent=5176"}],"wp:term":[{"taxonomy":"category","embeddable":true,"href":"https:\/\/www.cantabriarallye.net\/newcantabriarallye\/wp-json\/wp\/v2\/categories?post=5176"},{"taxonomy":"post_tag","embeddable":true,"href":"https:\/\/www.cantabriarallye.net\/newcantabriarallye\/wp-json\/wp\/v2\/tags?post=5176"}],"curies":[{"name":"wp","href":"https:\/\/api.w.org\/{rel}","templated":true}]}}