{"id":5201,"date":"2021-06-23T16:12:12","date_gmt":"2021-06-23T14:12:12","guid":{"rendered":"http:\/\/www.cantabriarallye.net\/newcantabriarallye\/?p=5201"},"modified":"2021-06-23T16:12:14","modified_gmt":"2021-06-23T14:12:14","slug":"importante-acuerdo-de-colaboracion","status":"publish","type":"post","link":"https:\/\/www.cantabriarallye.net\/newcantabriarallye\/importante-acuerdo-de-colaboracion\/","title":{"rendered":"Importante acuerdo de colaboraci\u00f3n."},"content":{"rendered":"<p>En el d\u00eda de Hoy, los presidentes de la Federaci\u00f3n Vasca, la Federaci\u00f3n C\u00e1ntabra y la Federaci\u00f3n Asturiana de automovilismo, llegaban a un importante acuerdo.<br \/>\nEl vencedor del trofeo Junior de Rallyes 2021 de la Federaci\u00f3n Vasca y el vencedor de la copa Junior de Rallyes 2021 de Cantabria, disputaran el VolanFapa 2022, organizado por la Federaci\u00f3n Asturiana de Automovilismo.<\/p>\n<table align=\"center\" border=\"0\">\n<tbody>\n<tr>\n<td width=\"130\">\n<div align=\"center\"><img decoding=\"async\" src=\"https:\/\/www.cantabriarallye.net\/newcantabriarallye\/wp-content\/uploads\/2021\/noticias\/varios\/fcta\/foto.jpg\" border=\"0\"><\/div>\n<\/td>\n<\/tr>\n<tr>\n<td width=\"130\">\n<div align=\"center\"><span style=\"font-size: small;\">Foto:Prensa FCTA<\/span><\/div>\n<\/td>\n<\/tr>\n<\/tbody>\n<\/table>\n<p><!--more--><br \/>\nPor parte de la Federaci\u00f3n C\u00e1ntabra, ten\u00edamos a Don Gonzalo P\u00e9rez, por parte de la Federaci\u00f3n Vasca ten\u00edamos a Don Angel Gurrutxaga y por parte de la Federaci\u00f3n Asturiana ten\u00edamos a Don Carlos Marquez.<br \/>\nCon esto las tres Federaciones apuestan por los j\u00f3venes valores, pasando tanto la Federaci\u00f3n C\u00e1ntabra como la Federaci\u00f3n Vasca a formar parte de la importante lista de colaboradores del VolanFapa, que tan buenos resultados a obtenido, siendo una plataforma ideal para el lanzamiento de J\u00f3venes promesas del automovilismo deportivo.<\/p>\n<table align=\"center\" border=\"0\">\n<tbody>\n<tr>\n<td width=\"130\">\n<div align=\"center\"><img decoding=\"async\" src=\"https:\/\/www.cantabriarallye.net\/newcantabriarallye\/wp-content\/uploads\/2021\/noticias\/varios\/fcta\/fotog.jpg\" border=\"0\"><\/div>\n<\/td>\n<\/tr>\n<tr>\n<td width=\"130\">\n<div align=\"center\"><span style=\"font-size: small;\">Foto:Prensa FCTA<\/span><\/div>\n<\/td>\n<\/tr>\n<\/tbody>\n<\/table>\n<!-- AddThis Advanced Settings generic via filter on the_content --><!-- AddThis Share Buttons generic via filter on the_content -->","protected":false},"excerpt":{"rendered":"<p>En el d\u00eda de Hoy, los presidentes de la Federaci\u00f3n Vasca, la Federaci\u00f3n C\u00e1ntabra y la Federaci\u00f3n Asturiana de automovilismo, llegaban a un importante acuerdo. El vencedor del trofeo Junior de Rallyes 2021 de la Federaci\u00f3n Vasca y el vencedor de la copa Junior de Rallyes 2021 de Cantabria, disputaran el VolanFapa 2022, organizado por [&hellip;]<!-- AddThis Advanced Settings generic via filter on wp_trim_excerpt --><!-- AddThis Share Buttons generic via filter on wp_trim_excerpt --><\/p>\n","protected":false},"author":2,"featured_media":0,"comment_status":"closed","ping_status":"closed","sticky":false,"template":"","format":"standard","meta":{"_exactmetrics_skip_tracking":false,"_exactmetrics_sitenote_active":false,"_exactmetrics_sitenote_note":"","_exactmetrics_sitenote_category":0,"footnotes":""},"categories":[37],"tags":[],"class_list":["post-5201","post","type-post","status-publish","format-standard","hentry","category-c58-ultimas-nocicias"],"_links":{"self":[{"href":"https:\/\/www.cantabriarallye.net\/newcantabriarallye\/wp-json\/wp\/v2\/posts\/5201","targetHints":{"allow":["GET"]}}],"collection":[{"href":"https:\/\/www.cantabriarallye.net\/newcantabriarallye\/wp-json\/wp\/v2\/posts"}],"about":[{"href":"https:\/\/www.cantabriarallye.net\/newcantabriarallye\/wp-json\/wp\/v2\/types\/post"}],"author":[{"embeddable":true,"href":"https:\/\/www.cantabriarallye.net\/newcantabriarallye\/wp-json\/wp\/v2\/users\/2"}],"replies":[{"embeddable":true,"href":"https:\/\/www.cantabriarallye.net\/newcantabriarallye\/wp-json\/wp\/v2\/comments?post=5201"}],"version-history":[{"count":1,"href":"https:\/\/www.cantabriarallye.net\/newcantabriarallye\/wp-json\/wp\/v2\/posts\/5201\/revisions"}],"predecessor-version":[{"id":5202,"href":"https:\/\/www.cantabriarallye.net\/newcantabriarallye\/wp-json\/wp\/v2\/posts\/5201\/revisions\/5202"}],"wp:attachment":[{"href":"https:\/\/www.cantabriarallye.net\/newcantabriarallye\/wp-json\/wp\/v2\/media?parent=5201"}],"wp:term":[{"taxonomy":"category","embeddable":true,"href":"https:\/\/www.cantabriarallye.net\/newcantabriarallye\/wp-json\/wp\/v2\/categories?post=5201"},{"taxonomy":"post_tag","embeddable":true,"href":"https:\/\/www.cantabriarallye.net\/newcantabriarallye\/wp-json\/wp\/v2\/tags?post=5201"}],"curies":[{"name":"wp","href":"https:\/\/api.w.org\/{rel}","templated":true}]}}