{"id":5230,"date":"2021-06-27T14:15:24","date_gmt":"2021-06-27T12:15:24","guid":{"rendered":"http:\/\/www.cantabriarallye.net\/newcantabriarallye\/?p=5230"},"modified":"2021-06-27T14:15:25","modified_gmt":"2021-06-27T12:15:25","slug":"costas-y-muriedas-vencen-en-los-corrales-cieza","status":"publish","type":"post","link":"https:\/\/www.cantabriarallye.net\/newcantabriarallye\/costas-y-muriedas-vencen-en-los-corrales-cieza\/","title":{"rendered":"Costas y Muriedas, vencen en Los Corrales\/Cieza"},"content":{"rendered":"<p>Adri\u00e1n Costas y Angel Muriedas, consegu\u00edan la victoria en el pasado Rallysprint de Los Corrales\/Cieza, prueba organizada por la escuder\u00eda Ojeda Sport. La segunda posici\u00f3n era para Juan Castillo y Nerea Campos, siendo los terceros clasificados el espectacular Fernando Prada y Patricia Saiz.<br \/>\nEn las diferentes copas y clases de Cantabria, dentro de los cl\u00e1sicos de Velocidad, el L\u00edder era Domingo Estrada siendo Cristian Gonz\u00e1lez el l\u00edder en la Copa Turbo Dickens.<br \/>\nLa copa junior era para Pablo P\u00e9rez, siendo el trofeo de Propulsi\u00f3n para Fernando Prada<br \/>\nExcelente prueba, con una gran organizaci\u00f3n, como nos tiene acostumbrados la asociaci\u00f3n deportiva Ojeda Sport.<\/p>\n<table align=\"center\" border=\"0\">\n<tbody>\n<tr>\n<td>\n<div align=\"center\"><img decoding=\"async\" src=\"https:\/\/www.cantabriarallye.net\/newcantabriarallye\/wp-content\/uploads\/2021\/pruebas2021\/cieza\/costas.jpg\"><\/div>\n<\/td>\n<\/tr>\n<tr>\n<td>\n<div align=\"center\"><span style=\"font-family: Verdana, Arial, Helvetica, sans-serif;\">Adri\u00e1n Costas y \u00c1ngel Muriedas,<br \/>\nconsegu\u00edan la Victoria en el Rallysprint<br \/>\nde Los Corrales\/Cieza.<br \/>\nFoto :CantabriaRallye.net<\/span><\/div>\n<\/td>\n<\/tr>\n<\/tbody>\n<\/table>\n<p><!--more--><\/p>\n<table align=\"right\" border=\"0\">\n<tbody>\n<tr>\n<td>\n<div align=\"center\"><img decoding=\"async\" src=\"https:\/\/www.cantabriarallye.net\/newcantabriarallye\/wp-content\/uploads\/2021\/pruebas2021\/cieza\/costas.jpg\"><\/div>\n<\/td>\n<\/tr>\n<tr>\n<td>\n<div align=\"center\"><span style=\"font-family: Verdana, Arial, Helvetica, sans-serif;\">Adri\u00e1n Costas y \u00c1ngel Muriedas,<br \/>\nconsegu\u00edan la Victoria en el Rallysprint<br \/>\nde Los Corrales\/Cieza.<br \/>\nFoto :CantabriaRallye.net<\/span><\/div>\n<\/td>\n<\/tr>\n<tr>\n<td>\n<div align=\"center\"><img decoding=\"async\" src=\"https:\/\/www.cantabriarallye.net\/newcantabriarallye\/wp-content\/uploads\/2021\/pruebas2021\/cieza\/castillo.jpg\"><\/div>\n<\/td>\n<\/tr>\n<tr>\n<td>\n<div align=\"center\"><span style=\"font-family: Verdana, Arial, Helvetica, sans-serif;\">Juan Castillo y Nerea Campos, eran los<br \/>\nsegundos clasificados.<br \/>\nFoto :CantabriaRallye.net<\/span><\/div>\n<\/td>\n<\/tr>\n<tr>\n<td>\n<div align=\"center\"><img decoding=\"async\" src=\"https:\/\/www.cantabriarallye.net\/newcantabriarallye\/wp-content\/uploads\/2021\/pruebas2021\/cieza\/prada.jpg\"><\/div>\n<\/td>\n<\/tr>\n<tr>\n<td>\n<div align=\"center\"><span style=\"font-family: Verdana, Arial, Helvetica, sans-serif;\">Fernando Prada y Patricia Saiz eran los<br \/>\nterceros clasificados, consiguiendo<br \/>\ntambi\u00e9n la victoria en Propulsi\u00f3n.<br \/>\nFoto :CantabriaRallye.net<\/span><\/div>\n<\/td>\n<\/tr>\n<\/tbody>\n<\/table>\n<p>Otra nueva edici\u00f3n del Rallysprint de Los Corrales-Cieza y de NUEVO otro nuevo \u00e9xito para la escuder\u00eda Ojeda Sport de Los corrales.<br \/>\nGran trabajo el realizado por todos los miembros de la escuder\u00eda en la Primera prueba del Campeonato de Rallysprint MRF Tyres de Cantabria.<\/p>\n<p>Con una inscripci\u00f3n mas que buena, comenzaba la prueba de los corrales, siendo de 63 los inscritos a la misma. Adem\u00e1s de todo esto, podemos hablar de una bonita lucha por el podium final, si bien las salidas de pista y las aver\u00edas mec\u00e1nicas, eran la t\u00f3nica dominante, d\u00e1ndole AUN M\u00c1S EMOCION a la prueba.<\/p>\n<p>Victoria de Adri\u00e1n Costas y Angel Muriedas, con su Mitsubishi, que realizaban una estupenda carrera. Destacar tambi\u00e9n la segunda posici\u00f3n de Juan Castillo y Nerea Campos con su Ford Fiesta R5 del equipo BLENDIO, as\u00ed como la tercera posici\u00f3n del espectacular Fernando Prada y Patricia Saiz.<\/p>\n<p>La prueba comenzaba en la tarde del viernes, con las verificaciones, t\u00e9cnicas y administrativas, donde la zona de Los corrales, era un \u00abhervidero\u00bb. Coches, motor, aficionados y en general toda esta \u00abfamilia2 que mueve el motor en Cantabria.<\/p>\n<p>Ya en la jornada del s\u00e1bado, la prueba comenzaba muy pronto, comenzando desde los Corrales a Villasuso, con dos pasadas en el mismo sentido, para en la tarde, las otras dos pasadas en sentido contrario.<\/p>\n<p>Una vez dado el visto bueno por los equipos de seguridad, comenzaba la prueba. Decir que esta edici\u00f3n parece a sido una de las m\u00e1s emocionantes, por la igualdad en los cronos, si bien los pilotos cada vez se esforzaban un poco mas, para rebajar sus cronos. Ahora tan solo quedaban por delante los 6600 metros de esta pasada.<\/p>\n<p>En esta primera pasada el mejor de los cronos YA era para Adri\u00e1n Costas y Angel Muriedas. El equipo de Terratraining Motorsport, consegu\u00eda el mejor de los registros, siendo este de 4:06,13.<br \/>\nLa segunda posici\u00f3n era para Juan Castillo y Nerea Campos. Castillo con su Ford Fiesta R5 se colocaba a SEIS segundos del actual l\u00edder.<br \/>\nLa tercera posici\u00f3n era para Fernando Prada y Patricia Saiz. IMPRESIONANTE, como puede \u00abandar\u00bb Prada, con su nuevo veh\u00edculo.<br \/>\nIncre\u00edble tambi\u00e9n los cronos del piloto del BMW M3 E36. Prada consegu\u00eda colocarse a 542 cent\u00e9simas de segundo de Castillo y 6,928 segundos del actual l\u00edder del tramo.<br \/>\n(Prada, quer\u00eda quitarse la \u00abespinita\u00bb de la temporada pasada, cuando abandonaba por una importante salida de pista).<br \/>\nLa cuarta posici\u00f3n era para Nandi Zorrilla y Salus Pila. El Renault Clio Williams, \u00abrug\u00eda\u00bb como nunca y consegu\u00eda tambi\u00e9n unos importantes cronos, coloc\u00e1ndose en esta posici\u00f3n. 4:14,29 era el crono de Zorrilla.<br \/>\nLa quinta posici\u00f3n era para Ramiro G\u00f3mez y Lorenzo Fern\u00e1ndez, con su Peugeot 205 Rallye, que consegu\u00eda el MISMO CRONO que Zorrilla, tan solo diferenciado por unas cent\u00e9simas de segundo, siendo tan solo de 36.<\/p>\n<p>En esta pasada, abandonaba el actual Campe\u00f3n de Rallysprint, Pablo Fern\u00e1ndez y \u00c1lvaro Guti\u00e9rrez por aver\u00eda mec\u00e1nica.<\/p>\n<p>Comenzaba la segunda de las pasadas, en el mismo sentido. En esta pasada el mejor de los cronos era para Juan Castillo y Nerea Campos. 4:02,60 era el crono del equipo Blendio.<br \/>\nPor detr\u00e1s ten\u00edamos a Adrian costas y Angel Muriedas, que se colocaba a tan solo UN segundo, siendo la tercera posici\u00f3n para Zorrilla, a CINCO SEGUNDOS Y MEDIO.<br \/>\nComenzaba la lucha que antes mencion\u00e1bamos. Evolucionado Fiesta R5, el espectacular Mitsubishi, el Clio Williams, que es \u00abm\u00fasica\u00bb para nuestros o\u00eddos y todav\u00eda no hemos terminado.<\/p>\n<p>La cuarta posici\u00f3n era para Ivor Landeras y su Nissan Micra N5. 4:09,38 era el crono de Ivor, que estaba \u00abarropado\u00bb por toda su afici\u00f3n, que \u00abbramaba\u00bb cuando pasaba su piloto (espect\u00e1culo, tambi\u00e9n la afici\u00f3n de Ivor Landeras).<br \/>\nLa quinta posici\u00f3n era para Prada. El piloto del BMW consegu\u00eda el MISMO crono que Ivor Landeras, tan solo diferenciado por 504 cent\u00e9simas. Incre\u00edble el \u00abcarreron\u00bb que estaba realizando Prada con su BMW.<\/p>\n<p>As\u00ed terminaba la primera secci\u00f3n de la prueba. Ahora el tramo se disputar\u00eda en sentido contrario, desde Villasuso a Los Corrales, donde nuestros pilotos se \u00abtirar\u00edan\u00bb literalmente por el tramo, para conseguir los mejores registros, pero sin descuidar el espect\u00e1culo, pues tenemos pilotos r\u00e1pidos, pero espectaculares y que consiguen buenos cronos TAMBIEN.<br \/>\nHasta aqu\u00ed la prueba estaba liderada por Adri\u00e1n Costas, seguido de Juan Castillo y la tercera posici\u00f3n era para Nandi Zorrilla.<\/p>\n<p><!--nextpage--><\/p>\n<table align=\"right\" border=\"0\">\n<tbody>\n<tr>\n<td>\n<div align=\"center\"><img decoding=\"async\" src=\"https:\/\/www.cantabriarallye.net\/newcantabriarallye\/wp-content\/uploads\/2021\/pruebas2021\/cieza\/estrada.jpg\"><\/div>\n<\/td>\n<\/tr>\n<tr>\n<td>\n<div align=\"center\"><span style=\"font-family: Verdana, Arial, Helvetica, sans-serif;\">Los clasicos de Velocidad, eran para<br \/>\nDomingo Estrada y Juan Carral.<br \/>\nFoto :CantabriaRallye.net<\/span><\/div>\n<\/td>\n<\/tr>\n<tr>\n<td>\n<div align=\"center\"><img decoding=\"async\" src=\"https:\/\/www.cantabriarallye.net\/newcantabriarallye\/wp-content\/uploads\/2021\/pruebas2021\/cieza\/cristian.jpg\"><\/div>\n<\/td>\n<\/tr>\n<tr>\n<td>\n<div align=\"center\"><span style=\"font-family: Verdana, Arial, Helvetica, sans-serif;\">La Turbo dickens era para<br \/>\nCristian Gonzalez.<br \/>\nFoto :CantabriaRallye.net<\/span><\/div>\n<\/td>\n<\/tr>\n<tr>\n<td>\n<div align=\"center\"><img decoding=\"async\" src=\"https:\/\/www.cantabriarallye.net\/newcantabriarallye\/wp-content\/uploads\/2021\/pruebas2021\/cieza\/fuente.jpg\"><\/div>\n<\/td>\n<\/tr>\n<tr>\n<td>\n<div align=\"center\"><span style=\"font-family: Verdana, Arial, Helvetica, sans-serif;\">El trofeo Junior era para Pablo Fuente y<br \/>\nEva Bernandos.<br \/>\nFoto :CantabriaRallye.net<\/span><\/div>\n<\/td>\n<\/tr>\n<\/tbody>\n<\/table>\n<p>Comenzaba la segunda secci\u00f3n de la prueba. Se cambiaba la meta y la salida, se daba el \u00abOK\u00bb, de los equipos de seguridad de la prueba y comenzaba el espect\u00e1culo del motor en Los Corrales de Buelna. La emoci\u00f3n estaba a \u00abflor de piel\u00bb y pod\u00eda pasar \u00abde todo\u00bb. Decir que la bajada hacia los Corrales, como \u00abpesta\u00f1ees\u00bb dos veces, te puede pasar \u00abde todo\u00bb, adem\u00e1s de perder todo lo trabajado en la prueba. Ahora conservar y \u00abtirarse\u00bb por las rampas de Cieza, era el objetivo de los pilotos.<\/p>\n<p>Comenzaba la tercera pasada, desde Villasuso a Los corrales. En esta pasada el mejor de los cronos era para Adri\u00e1n Costas y Angel Muriedas, que quer\u00eda hacerlo, \u00abMUY BIEN\u00bb en el Rallysprint de Los Corrales\/Cieza y lo estaba consiguiendo. 4:00,85 era el crono de Adri\u00e1n Costas.<br \/>\nLa segunda posici\u00f3n era para Ivor Landeras con su Micra N5. Landeras consegu\u00eda colocarse a SEIS segundos del actual l\u00edder del tramo. (Mas emoci\u00f3n, si cabe, para la prueba).<br \/>\nLa tercera posici\u00f3n era para Nandi y Salus. Carreron que se estaba marcando Nandi Zorrilla, exprimiendo toda la potencia del Renault Clio Williams. 4:09,17 era el crono del piloto de Renault.<\/p>\n<p>La cuarta posici\u00f3n era para Prada con su BMW. Incre\u00edble, volvemos a decir la conducci\u00f3n del joven piloto. Conducci\u00f3n espectacular con buenos cronos, hacen de todo un c\u00f3ctel \u00abexplosivo\u00bb que vuelve loca a la afici\u00f3n. Prada consegu\u00eda el MISMO crono que Nandi, diferenciado tan solo por unas cent\u00e9simas de segundo, siendo estas de 422.<br \/>\nLa quinta posici\u00f3n en esta pasada era para Castillo y Campos, que TAMBIEN consegu\u00edan el MISMO crono que Zorrilla y Prada. 4:09,81 era el crono del equipo del Ford Fiesta R5. Incre\u00edble los cronos y tambi\u00e9n incre\u00edble la precisi\u00f3n, del equipo de cronometraje de la Federaci\u00f3n C\u00e1ntabra de automovilismo.<\/p>\n<p>Ultima pasada en el mismo sentido. Ahora o nunca era la m\u00e1xima de los pilotos.<br \/>\nEl mejor crono, volv\u00eda a ser para Adri\u00e1n Costas, que hab\u00eda realizado todo un carreron y consegu\u00eda la victoria en la prueba. Espectacular como ha sabido gestionar la carrera el piloto de Terratraining Motorsport. 3:59,78 era el crono de Costas.<br \/>\nLa segunda posici\u00f3n era para Landeras con su Micra. Buena carrera la del piloto del Nissan Micra, que en su \u00abdebut\u00bb estaba realizando una espectacular carrera. 4:01,33 era el crono de Landeras.<br \/>\nLas siguientes DOS posiciones ESTABAN EN EL MISMO SEGUNDO. Incre\u00edble la igualdad de cronos. La tercera posici\u00f3n era para Fernando Prada, que volv\u00eda a darnos un espect\u00e1culo de conducci\u00f3n y de buenos cronos. 4:01,37 era el crono de Prada.<br \/>\nLa cuarta posici\u00f3n era para Juan Castillo y Nerea Campos. 4:01,93<br \/>\nEl quinto clasificado era Nandi Zorrilla con su Clio Williams, que volv\u00eda a colocarse entre los cinco mejores cronos de la pasada. Zorrilla paraba el crono en 4:04,40.<\/p>\n<p>Finalmente con los cronos en la mano, el l\u00edder y vencedor de la prueba era Adri\u00e1n Costas, seguido de Juan castillo. Siendo la tercera posici\u00f3n para Fernando Prada.<\/p>\n<p>En las diferentes copas y clases de Cantabria, las clasificaciones quedaban de la siguiente manera.<\/p>\n<p>Dentro de los cl\u00e1sicos de Velocidad, el L\u00edder era Domingo Estrada y Juan Carral. La segunda posici\u00f3n era para Ram\u00f3n Mart\u00ednez y Adri\u00e1n Fern\u00e1ndez, siendo la tercera posici\u00f3n para Alfredo Cacicedo y Jos\u00e9 Vicente P\u00e9rez.<\/p>\n<p>Dentro de la copa Turbo Dickens, el l\u00edder era Cristian Gonz\u00e1lez y Alberto Alberdi. La segunda posici\u00f3n era para Miguel Mazon y Facundo Mazon, siendo la tercera posici\u00f3n para Emilio G\u00f3mez y Bel\u00e9n Velez.<\/p>\n<p>La copa junior era para Pablo P\u00e9rez, siendo el trofeo de Propulsi\u00f3n para Fernando Prada y Patricia Saiz.<br \/>\nDomingo Estrada y Juan Carral eran los segundos clasificados, siendo la tercera posici\u00f3n para Mariano Lavin y Yasmina Alcega.<\/p>\n<p>As\u00ed terminaba una nueva edici\u00f3n de la Subida a Los corrales\/Cieza. Gran trabajo como siempre de la escuder\u00eda Ojeda Sport.<\/p>\n<table align=\"center\" border=\"0\">\n<tbody>\n<tr>\n<td>\n<div align=\"center\"><b><span style=\"font-size: xx-large;\">LA FOTO<\/span><\/b><\/div>\n<\/td>\n<\/tr>\n<tr>\n<td>\n<div align=\"center\"><img decoding=\"async\" src=\"https:\/\/www.cantabriarallye.net\/newcantabriarallye\/wp-content\/uploads\/2021\/pruebas2021\/cieza\/lafoto.jpg\"><\/div>\n<\/td>\n<\/tr>\n<tr>\n<td>\n<div align=\"center\"><span style=\"font-family: Verdana, Arial, Helvetica, sans-serif;\">En esta ocasi\u00f3n, LA FOTO de la prueba era para toda la afici\u00f3n de Ivor Landeras.<br \/>\nTodo un grupo de amigos de un color \u00abchill\u00f3n\u00bb que no pasaban desapercibidos.<br \/>\nLa afici\u00f3n \u00abbramaba\u00bb cuando pasaba su piloto. Mas de esta AFICION SANA se necesita en los rallyes.<br \/>\nFoto :CantabriaRallye.net<\/span><\/div>\n<\/td>\n<\/tr>\n<\/tbody>\n<\/table>\n<!-- AddThis Advanced Settings generic via filter on the_content --><!-- AddThis Share Buttons generic via filter on the_content -->","protected":false},"excerpt":{"rendered":"<p>Adri\u00e1n Costas y Angel Muriedas, consegu\u00edan la victoria en el pasado Rallysprint de Los Corrales\/Cieza, prueba organizada por la escuder\u00eda Ojeda Sport. La segunda posici\u00f3n era para Juan Castillo y Nerea Campos, siendo los terceros clasificados el espectacular Fernando Prada y Patricia Saiz. En las diferentes copas y clases de Cantabria, dentro de los cl\u00e1sicos [&hellip;]<!-- AddThis Advanced Settings generic via filter on wp_trim_excerpt --><!-- AddThis Share Buttons generic via filter on wp_trim_excerpt --><\/p>\n","protected":false},"author":2,"featured_media":0,"comment_status":"closed","ping_status":"closed","sticky":false,"template":"","format":"standard","meta":{"_exactmetrics_skip_tracking":false,"_exactmetrics_sitenote_active":false,"_exactmetrics_sitenote_note":"","_exactmetrics_sitenote_category":0,"footnotes":""},"categories":[21],"tags":[],"class_list":["post-5230","post","type-post","status-publish","format-standard","hentry","category-c40-rallysprint"],"_links":{"self":[{"href":"https:\/\/www.cantabriarallye.net\/newcantabriarallye\/wp-json\/wp\/v2\/posts\/5230","targetHints":{"allow":["GET"]}}],"collection":[{"href":"https:\/\/www.cantabriarallye.net\/newcantabriarallye\/wp-json\/wp\/v2\/posts"}],"about":[{"href":"https:\/\/www.cantabriarallye.net\/newcantabriarallye\/wp-json\/wp\/v2\/types\/post"}],"author":[{"embeddable":true,"href":"https:\/\/www.cantabriarallye.net\/newcantabriarallye\/wp-json\/wp\/v2\/users\/2"}],"replies":[{"embeddable":true,"href":"https:\/\/www.cantabriarallye.net\/newcantabriarallye\/wp-json\/wp\/v2\/comments?post=5230"}],"version-history":[{"count":2,"href":"https:\/\/www.cantabriarallye.net\/newcantabriarallye\/wp-json\/wp\/v2\/posts\/5230\/revisions"}],"predecessor-version":[{"id":5233,"href":"https:\/\/www.cantabriarallye.net\/newcantabriarallye\/wp-json\/wp\/v2\/posts\/5230\/revisions\/5233"}],"wp:attachment":[{"href":"https:\/\/www.cantabriarallye.net\/newcantabriarallye\/wp-json\/wp\/v2\/media?parent=5230"}],"wp:term":[{"taxonomy":"category","embeddable":true,"href":"https:\/\/www.cantabriarallye.net\/newcantabriarallye\/wp-json\/wp\/v2\/categories?post=5230"},{"taxonomy":"post_tag","embeddable":true,"href":"https:\/\/www.cantabriarallye.net\/newcantabriarallye\/wp-json\/wp\/v2\/tags?post=5230"}],"curies":[{"name":"wp","href":"https:\/\/api.w.org\/{rel}","templated":true}]}}