{"id":5235,"date":"2021-06-28T09:14:01","date_gmt":"2021-06-28T07:14:01","guid":{"rendered":"http:\/\/www.cantabriarallye.net\/newcantabriarallye\/?p=5235"},"modified":"2021-06-28T09:14:03","modified_gmt":"2021-06-28T07:14:03","slug":"xvi-subida-a-la-braguia-videoentrevistas","status":"publish","type":"post","link":"https:\/\/www.cantabriarallye.net\/newcantabriarallye\/xvi-subida-a-la-braguia-videoentrevistas\/","title":{"rendered":"XVI Subida a La Braguia &#8211; VideoEntrevistas"},"content":{"rendered":"<p>Comienza el campeonato de Monta\u00f1a en Cantabria con la XVI Subida a La Braguia, prueba organizada por la escuder\u00eda Valles Pasiegos. Hace apenas 15 d\u00edas se celebraba el Rallye Valles Pasiegos y ahora, la subida de Monta\u00f1a es la protagonista.<br \/>\nSe espera una gran inscripci\u00f3n, para esta Subida de Monta\u00f1a, que en unas pocas temporadas se ha convertido en un referente, en las pruebas de Monta\u00f1a de Cantabria, as\u00ed como de las favoritas, para pilotos y aficionados.<br \/>\nCon mucho trabajo, la escuder\u00eda Valles Pasiegos la a colocado esta prueba entre las mejores citas de monta\u00f1a.<\/p>\n<table align=\"center\" border=\"0\">\n<tbody>\n<tr>\n<td>\n<p align=\"center\"><img decoding=\"async\" src=\"https:\/\/www.cantabriarallye.net\/newcantabriarallye\/wp-content\/uploads\/2021\/noticias\/videoimpresiones\/braguia\/portada.jpg\"><\/p>\n<\/td>\n<\/tr>\n<tr>\n<td>\n<p align=\"center\"><span style=\"font-size: small;\">Foto: Cantabriarallye.net<\/span><\/p>\n<\/td>\n<\/tr>\n<\/tbody>\n<\/table>\n<p><!--more--><\/p>\n<p>Para esta ocasi\u00f3n, nuestro invitado es Joaqu\u00edn P\u00e9rez \u00abQuinin\u00bb, que nos contaba todos los pormenores de la prueba.<br \/>\nHace dos temporadas, Joaqu\u00edn ya hab\u00eda estado en nuestros estudios, del Alto de Malia\u00f1o, para hablar tambi\u00e9n de esta prueba. En esta ocasi\u00f3n y como viene siendo la t\u00f3nica habitual optamos por la VIDEOLLAMADA.<\/p>\n<p>Una vez mas, la entrevista quedaba realizada. Varias tomas falsas, algunos cortes y varias risas, para realizar la entrevista.<br \/>\nDe nuevo, disfruten como hemos disfrutado nosotros, entrevistando a Joaqu\u00edn P\u00e9rez \u00abQuinin\u00bb, uno de los integrantes de la Escuder\u00eda Valles Pasiegos.<\/p>\n<h1 style=\"text-align: center;\"><strong>VIDEO-ENTREVISTAS<br \/>\n<\/strong><\/h1>\n<table align=\"center\" border=\"0\" width=\"57%\">\n<tbody>\n<tr>\n<td>\n<p align=\"center\">Subida a La Braguia &#8211; Joaqu\u00edn P\u00e9rez<\/p>\n<\/td>\n<\/tr>\n<tr>\n<td>\n<p align=\"center\"><iframe loading=\"lazy\" src=\"\/\/www.youtube.com\/embed\/OCkT18CBwMI\" allowfullscreen=\"allowfullscreen\" height=\"314\" width=\"560\"><\/iframe><\/p>\n<\/td>\n<\/tr>\n<tr>\n<td>\n<hr align=\"center\">\n<\/td>\n<\/tr>\n<tr>\n<td>\n<p align=\"center\"><a href=\"http:\/\/carpinteriabenjamin.com\/carpinteria.htm\"><img decoding=\"async\" src=\"https:\/\/www.cantabriarallye.net\/newcantabriarallye\/wp-content\/uploads\/2017\/noticias\/varios\/benjamin.jpg\" border=\"0\"><\/a><\/p>\n<\/td>\n<\/tr>\n<tr>\n<td>\n<p align=\"center\">&nbsp;<\/p>\n<\/td>\n<\/tr>\n<\/tbody>\n<\/table>\n<p>&nbsp;<\/p>\n<!-- AddThis Advanced Settings generic via filter on the_content --><!-- AddThis Share Buttons generic via filter on the_content -->","protected":false},"excerpt":{"rendered":"<p>Comienza el campeonato de Monta\u00f1a en Cantabria con la XVI Subida a La Braguia, prueba organizada por la escuder\u00eda Valles Pasiegos. Hace apenas 15 d\u00edas se celebraba el Rallye Valles Pasiegos y ahora, la subida de Monta\u00f1a es la protagonista. Se espera una gran inscripci\u00f3n, para esta Subida de Monta\u00f1a, que en unas pocas temporadas [&hellip;]<!-- AddThis Advanced Settings generic via filter on wp_trim_excerpt --><!-- AddThis Share Buttons generic via filter on wp_trim_excerpt --><\/p>\n","protected":false},"author":2,"featured_media":0,"comment_status":"closed","ping_status":"closed","sticky":false,"template":"","format":"standard","meta":{"_exactmetrics_skip_tracking":false,"_exactmetrics_sitenote_active":false,"_exactmetrics_sitenote_note":"","_exactmetrics_sitenote_category":0,"footnotes":""},"categories":[47],"tags":[],"class_list":["post-5235","post","type-post","status-publish","format-standard","hentry","category-video-impresiones"],"_links":{"self":[{"href":"https:\/\/www.cantabriarallye.net\/newcantabriarallye\/wp-json\/wp\/v2\/posts\/5235","targetHints":{"allow":["GET"]}}],"collection":[{"href":"https:\/\/www.cantabriarallye.net\/newcantabriarallye\/wp-json\/wp\/v2\/posts"}],"about":[{"href":"https:\/\/www.cantabriarallye.net\/newcantabriarallye\/wp-json\/wp\/v2\/types\/post"}],"author":[{"embeddable":true,"href":"https:\/\/www.cantabriarallye.net\/newcantabriarallye\/wp-json\/wp\/v2\/users\/2"}],"replies":[{"embeddable":true,"href":"https:\/\/www.cantabriarallye.net\/newcantabriarallye\/wp-json\/wp\/v2\/comments?post=5235"}],"version-history":[{"count":2,"href":"https:\/\/www.cantabriarallye.net\/newcantabriarallye\/wp-json\/wp\/v2\/posts\/5235\/revisions"}],"predecessor-version":[{"id":5238,"href":"https:\/\/www.cantabriarallye.net\/newcantabriarallye\/wp-json\/wp\/v2\/posts\/5235\/revisions\/5238"}],"wp:attachment":[{"href":"https:\/\/www.cantabriarallye.net\/newcantabriarallye\/wp-json\/wp\/v2\/media?parent=5235"}],"wp:term":[{"taxonomy":"category","embeddable":true,"href":"https:\/\/www.cantabriarallye.net\/newcantabriarallye\/wp-json\/wp\/v2\/categories?post=5235"},{"taxonomy":"post_tag","embeddable":true,"href":"https:\/\/www.cantabriarallye.net\/newcantabriarallye\/wp-json\/wp\/v2\/tags?post=5235"}],"curies":[{"name":"wp","href":"https:\/\/api.w.org\/{rel}","templated":true}]}}