{"id":5272,"date":"2021-07-08T11:16:21","date_gmt":"2021-07-08T09:16:21","guid":{"rendered":"http:\/\/www.cantabriarallye.net\/newcantabriarallye\/?p=5272"},"modified":"2021-07-08T11:16:22","modified_gmt":"2021-07-08T09:16:22","slug":"el-rallye-festival-hoznayo-calentando-los-motores","status":"publish","type":"post","link":"https:\/\/www.cantabriarallye.net\/newcantabriarallye\/el-rallye-festival-hoznayo-calentando-los-motores\/","title":{"rendered":"El Rallye Festival Hoznayo, calentando los motores"},"content":{"rendered":"<p>La edici\u00f3n 2021 del Rallye festival Hoznayo, ya esta en marcha. Toda la organizaci\u00f3n esta trabajando para poder realizarla los pr\u00f3ximos 16, 17 y 18 de Septiembre.<br \/>\nEl Rallye Festival Hoznayo mantendr\u00e1 el formato habitual, comenzando el d\u00eda 16 de<br \/>\nSeptiembre con las verificaciones, Shakedown y el tramo espect\u00e1culo en el Karting La Roca, para ya el d\u00eda 17 dar comienzo a las primeras especiales, as\u00ed como una serie de actos complementarios en el Hotel Adelma, centro neur\u00e1lgico de la prueba.<\/p>\n<table align=\"center\" border=\"0\">\n<tbody>\n<tr>\n<td width=\"130\">\n<div align=\"center\"><img decoding=\"async\" src=\"\/fotos20\/noticias\/varios\/rfh\/logo.jpg\" border=\"0\"><\/div>\n<\/td>\n<\/tr>\n<tr>\n<td width=\"130\">\n<div align=\"center\">&nbsp;<\/div>\n<\/td>\n<\/tr>\n<\/tbody>\n<\/table>\n<p><!--more--> El s\u00e1bado 18 tendr\u00e1n lugar el resto de las especiales, las cuales se distribuyen por buena parte del espectacular paraje natural que ofrece Cantabria, en lo que se espera de nuevo, se trate de un gran espect\u00e1culo para aficionados y participantes.<\/p>\n<p><b>Control de aforo en las especiales y el parque de asistencia<\/b><br \/>\nComo novedad en esta edici\u00f3n, la organizaci\u00f3n pondr\u00e1 en manos de los aficionados una aplicaci\u00f3n para la gesti\u00f3n de los aforos en los puntos donde m\u00e1s afluencia de p\u00fablico se espere.<br \/>\nSe trata de dotar de una herramienta que facilite el control y la salud de los aficionados y participantes, no olvidando que seguimos inmersos en momentos dif\u00edciles de contagios.<br \/>\nEn los pr\u00f3ximos d\u00edas se especificar\u00e1 m\u00e1s concretamente el uso y finalidad del programa.<br \/>\n<b>Confirmaci\u00f3n de plaza a los participantes<\/b><br \/>\nA partir del 5 de julio se comenzar\u00e1 a dar respuesta a las solicitudes de inscripci\u00f3n de cada uno de los participantes que han realizado el tr\u00e1mite. Se trata de ir confirmando cada una de las solicitudes para confeccionar la lista final de participantes.<\/p>\n<!-- AddThis Advanced Settings generic via filter on the_content --><!-- AddThis Share Buttons generic via filter on the_content -->","protected":false},"excerpt":{"rendered":"<p>La edici\u00f3n 2021 del Rallye festival Hoznayo, ya esta en marcha. Toda la organizaci\u00f3n esta trabajando para poder realizarla los pr\u00f3ximos 16, 17 y 18 de Septiembre. El Rallye Festival Hoznayo mantendr\u00e1 el formato habitual, comenzando el d\u00eda 16 de Septiembre con las verificaciones, Shakedown y el tramo espect\u00e1culo en el Karting La Roca, para [&hellip;]<!-- AddThis Advanced Settings generic via filter on wp_trim_excerpt --><!-- AddThis Share Buttons generic via filter on wp_trim_excerpt --><\/p>\n","protected":false},"author":2,"featured_media":0,"comment_status":"closed","ping_status":"closed","sticky":false,"template":"","format":"standard","meta":{"_exactmetrics_skip_tracking":false,"_exactmetrics_sitenote_active":false,"_exactmetrics_sitenote_note":"","_exactmetrics_sitenote_category":0,"footnotes":""},"categories":[37],"tags":[],"class_list":["post-5272","post","type-post","status-publish","format-standard","hentry","category-c58-ultimas-nocicias"],"_links":{"self":[{"href":"https:\/\/www.cantabriarallye.net\/newcantabriarallye\/wp-json\/wp\/v2\/posts\/5272","targetHints":{"allow":["GET"]}}],"collection":[{"href":"https:\/\/www.cantabriarallye.net\/newcantabriarallye\/wp-json\/wp\/v2\/posts"}],"about":[{"href":"https:\/\/www.cantabriarallye.net\/newcantabriarallye\/wp-json\/wp\/v2\/types\/post"}],"author":[{"embeddable":true,"href":"https:\/\/www.cantabriarallye.net\/newcantabriarallye\/wp-json\/wp\/v2\/users\/2"}],"replies":[{"embeddable":true,"href":"https:\/\/www.cantabriarallye.net\/newcantabriarallye\/wp-json\/wp\/v2\/comments?post=5272"}],"version-history":[{"count":1,"href":"https:\/\/www.cantabriarallye.net\/newcantabriarallye\/wp-json\/wp\/v2\/posts\/5272\/revisions"}],"predecessor-version":[{"id":5273,"href":"https:\/\/www.cantabriarallye.net\/newcantabriarallye\/wp-json\/wp\/v2\/posts\/5272\/revisions\/5273"}],"wp:attachment":[{"href":"https:\/\/www.cantabriarallye.net\/newcantabriarallye\/wp-json\/wp\/v2\/media?parent=5272"}],"wp:term":[{"taxonomy":"category","embeddable":true,"href":"https:\/\/www.cantabriarallye.net\/newcantabriarallye\/wp-json\/wp\/v2\/categories?post=5272"},{"taxonomy":"post_tag","embeddable":true,"href":"https:\/\/www.cantabriarallye.net\/newcantabriarallye\/wp-json\/wp\/v2\/tags?post=5272"}],"curies":[{"name":"wp","href":"https:\/\/api.w.org\/{rel}","templated":true}]}}