{"id":5296,"date":"2021-07-11T14:16:35","date_gmt":"2021-07-11T12:16:35","guid":{"rendered":"http:\/\/www.cantabriarallye.net\/newcantabriarallye\/?p=5296"},"modified":"2021-07-11T14:16:36","modified_gmt":"2021-07-11T12:16:36","slug":"francisco-diaz-comienza-ganando-en-colindres","status":"publish","type":"post","link":"https:\/\/www.cantabriarallye.net\/newcantabriarallye\/francisco-diaz-comienza-ganando-en-colindres\/","title":{"rendered":"Francisco D\u00edaz, comienza ganando en Colindres."},"content":{"rendered":"<p>Francisco D\u00edaz, con su Peugeot 205 Rallye consegu\u00eda la victoria en el Slalom de Colindres, prueba organizada por Rallyon y que pon\u00eda en marcha el campeonato de Slalom de Cantabria. La segunda posici\u00f3n era para Javier Aja, con su Opel Corsa, siendo la tercera posici\u00f3n para Alberto Saiz con su Citroen AX.<br \/>\nLa tracci\u00f3n trasera era para Manuel Rodr\u00edguez \u00abLolin\u00bb que no daba opci\u00f3n al resto de sus adversarios, siendo Gorka Larrauri, el segundo clasificado, con una bonita y efectiva conducci\u00f3n. Entre los Car Cross, Ra\u00fal Ruiz era el l\u00edder.<\/p>\n<table align=\"center\" border=\"0\">\n<tbody>\n<tr>\n<td>\n<div align=\"center\"><img decoding=\"async\" src=\"https:\/\/www.cantabriarallye.net\/newcantabriarallye\/wp-content\/uploads\/2021\/slalom2021\/colindres\/fran.jpg\"><\/div>\n<\/td>\n<\/tr>\n<tr>\n<td>\n<div align=\"center\"><span style=\"font-family: Verdana, Arial, Helvetica, sans-serif;\">Francisco D\u00edaz, con su Peugeot 205<br \/>\nRallye, comenzaba GANANDO en<br \/>\nColindres.<br \/>\nFoto :CantabriaRallye.net<\/span><\/div>\n<\/td>\n<\/tr>\n<\/tbody>\n<\/table>\n<p><!--more--><\/p>\n<table align=\"right\" border=\"0\">\n<tbody>\n<tr>\n<td>\n<div align=\"center\"><img decoding=\"async\" src=\"https:\/\/www.cantabriarallye.net\/newcantabriarallye\/wp-content\/uploads\/2021\/slalom2021\/colindres\/fran.jpg\"><\/div>\n<\/td>\n<\/tr>\n<tr>\n<td>\n<div align=\"center\"><span style=\"font-family: Verdana, Arial, Helvetica, sans-serif;\">Francisco D\u00edaz, con su Peugeot 205<br \/>\nRallye, comenzaba GANANDO en<br \/>\nColindres.<br \/>\nFoto :CantabriaRallye.net<\/span><\/div>\n<\/td>\n<\/tr>\n<tr>\n<td>\n<div align=\"center\"><img decoding=\"async\" src=\"https:\/\/www.cantabriarallye.net\/newcantabriarallye\/wp-content\/uploads\/2021\/slalom2021\/colindres\/javi.jpg\"><\/div>\n<\/td>\n<\/tr>\n<tr>\n<td>\n<div align=\"center\"><span style=\"font-family: Verdana, Arial, Helvetica, sans-serif;\">La segunda posici\u00f3n era para Javier<br \/>\nAja y su Opel Corsa. Todo esto<br \/>\nconseguido por los reglajes de su<br \/>\nnuevo MEC\u00c1NICO<br \/>\nEfren.<br \/>\nFoto :CantabriaRallye.net<\/span><\/div>\n<\/td>\n<\/tr>\n<tr>\n<td>\n<div align=\"center\"><img decoding=\"async\" src=\"https:\/\/www.cantabriarallye.net\/newcantabriarallye\/wp-content\/uploads\/2021\/slalom2021\/colindres\/saiz.jpg\"><\/div>\n<\/td>\n<\/tr>\n<tr>\n<td>\n<div align=\"center\"><span style=\"font-family: Verdana, Arial, Helvetica, sans-serif;\">Alberto Saiz era el tercer clasificado.<br \/>\nFoto :CantabriaRallye.net<\/span><\/div>\n<\/td>\n<\/tr>\n<\/tbody>\n<\/table>\n<p>Comienza el Campeonato de Slalom en Cantabria, con la disputa del Slalom de Colindres, prueba organizada por la escuder\u00eda Rallyon y que daba el pistoletazo a los Slalom en Cantabria.<br \/>\nLa prueba tenia una cuerda de 1.5 Km, siendo uno de los Slalom m\u00e1s largos del campeonato, con varias zonas bien diferenciadas y que hacia las delicias, de los pilotos y aficionados que all\u00ed se daban cita.<\/p>\n<p>Pod\u00edamos ver de nuevo a todos nuestros amigos, los pilotos participantes, que en alg\u00fan caso, no hab\u00edamos visto, desde hace un a\u00f1o. Recuerden ustedes que en la temporada pasada y por el Covid -19, no se realizo, ninguna prueba. Aun as\u00ed pod\u00edamos comprobar el excelente estado de nuestros pilotos, los veteranos y tambi\u00e9n las nuevas generaciones, que poco a poco, van \u00abllamando\u00bb a la puerta de los Slalom de Cantabria.<\/p>\n<p>Se daban cita, 45 veh\u00edculos, entre coches y Car Cross. El espect\u00e1culo estaba asegurado.<br \/>\nDespu\u00e9s de la manga de \u00e9ntrenos, comenzaban las tres mangas oficiales.<\/p>\n<p>Comenzaba la primera de las mangas en donde el mejor de los cronos de los veh\u00edculos en competici\u00f3n, era para Francisco D\u00edaz. El Peugeot 205 Rallye funcionaba a las mil maravillas, realizando un excelente tiempo lo que le val\u00eda el colocarse l\u00edder provisional de la manga. 2:21,92 era el crono del piloto del Peugeot 205.<br \/>\nLa segunda posici\u00f3n en esta pasada era para Manuel Rodr\u00edguez. Lolin con su espectacular y BONITO Bmw, consegu\u00eda colocarse l\u00edder entre los tracci\u00f3n trasera y segundo en la tabla. Espectacular la conducci\u00f3n de \u00abLolin\u00bb y tambi\u00e9n espectacular el crono conseguido. ONCE segundos le separaban del actual l\u00edder.<br \/>\nLa tercera posici\u00f3n era para Alberto Saiz con su Citroen AX. Poco a poco los \u00abcocos\u00bb de los Slalom regionales, \u00abaparec\u00edan\u00bb despu\u00e9s de este par\u00f3n en la competici\u00f3n, por culpa del COVID. Alberto Saiz consegu\u00eda un crono de 2:33,14.<\/p>\n<p>La cuarta posici\u00f3n era para Paulino Saiz con un Opel Astra, que consegu\u00eda un crono de 2:46,60, siendo la quinta posici\u00f3n para Fernando Vallas con Peugeot 206. 2:50,80 era el crono de Vallas.<\/p>\n<p>La tracci\u00f3n trasera, como dec\u00edamos anteriormente era para \u00abLolin\u00bb con su BMW, siendo la segunda posici\u00f3n para Cristhian de la Riva con un bonito Ford Sierra, que consegu\u00eda un crono de 2:55,03.<\/p>\n<p><!--nextpage--><\/p>\n<table align=\"right\" border=\"0\">\n<tbody>\n<tr>\n<td>\n<div align=\"center\"><img decoding=\"async\" src=\"https:\/\/www.cantabriarallye.net\/newcantabriarallye\/wp-content\/uploads\/2021\/slalom2021\/colindres\/lolin.jpg\"><\/div>\n<\/td>\n<\/tr>\n<tr>\n<td>\n<div align=\"center\"><span style=\"font-family: Verdana, Arial, Helvetica, sans-serif;\">El l\u00edder de tracci\u00f3n trasera era Lolin,<br \/>\ncon su BMW.<br \/>\nFoto :CantabriaRallye.net<\/span><\/div>\n<\/td>\n<\/tr>\n<tr>\n<td>\n<div align=\"center\"><img decoding=\"async\" src=\"https:\/\/www.cantabriarallye.net\/newcantabriarallye\/wp-content\/uploads\/2021\/slalom2021\/colindres\/gorka.jpg\"><\/div>\n<\/td>\n<\/tr>\n<tr>\n<td>\n<div align=\"center\"><span style=\"font-family: Verdana, Arial, Helvetica, sans-serif;\">La segunda posici\u00f3n en tracci\u00f3n trasera<br \/>\nera para Gorka Larrauri<br \/>\nFoto :CantabriaRallye.net<\/span><\/div>\n<\/td>\n<\/tr>\n<tr>\n<td>\n<div align=\"center\"><img decoding=\"async\" src=\"https:\/\/www.cantabriarallye.net\/newcantabriarallye\/wp-content\/uploads\/2021\/slalom2021\/colindres\/raul.jpg\"><\/div>\n<\/td>\n<\/tr>\n<tr>\n<td>\n<div align=\"center\"><span style=\"font-family: Verdana, Arial, Helvetica, sans-serif;\">Ra\u00fal Ruiz, venc\u00eda entre los Car Cross.<br \/>\nFoto :CantabriaRallye.net<\/span><\/div>\n<\/td>\n<\/tr>\n<\/tbody>\n<\/table>\n<p>Despu\u00e9s de un peque\u00f1o receso, comenzaban la segunda manga oficial, en donde los pilotos, volver\u00edan a realizar el trazado, \u00abpuliendo\u00bb algunos de los fallos anteriores, si bien se notaba, el tiempo que hab\u00edan estado parados.<br \/>\nComenzaba la segunda de las mangas en donde el mejor de los cronos volv\u00eda a ser para Francisco D\u00edaz. El piloto del Peugeot 205 Rallye consegu\u00eda un crono de 2:21,27.<br \/>\nLa segunda posici\u00f3n era para Javier Aja. El piloto del Opel Corsa Nova consegu\u00eda colocarse segundo, con un crono de 2:28,14. Algunos reglajes en las suspensiones y \u00abpulir\u00bb los fallos de la primera manga, le val\u00edan al joven piloto a \u00abescalar\u00bb posiciones hasta esta segunda posici\u00f3n. No tenemos que olvidarnos de su NUEVO mec\u00e1nico Efren Aja, que dicho sea de paso, ha realizado mejoras importantes en el veh\u00edculo.<\/p>\n<p>La tercera posici\u00f3n era para Alberto Saiz. El piloto del Citroen Ax consegu\u00eda colocarse en esta posici\u00f3n a DIEZ segundos del l\u00edder.<br \/>\nEl cuarto clasificado era \u00abLolin\u00bb, con su BMW y OTRA VEZ, l\u00edder entre los tracci\u00f3n trasera. 2:32,71 era el crono del piloto patrocinado por el Caf\u00e9 Bar Eclipse de Cabez\u00f3n de la Sal.<br \/>\nLa quinta posici\u00f3n era para David Berbil con su Citroen AX. El joven piloto consegu\u00eda un crono de 2:42,32, d\u00e1ndonos un espect\u00e1culo, de conducci\u00f3n con su peque\u00f1o Citroen AX.<\/p>\n<p>La tracci\u00f3n trasera una vez mas, era para \u00abLolin\u00bb, como TAMBIEN dec\u00edamos anteriormente, siendo la segunda posici\u00f3n en esta manga para Gorka Larrauri.<\/p>\n<p>Ultima manga oficial y aun hab\u00eda mucho que decidir.<br \/>\nFrancisco D\u00edaz vuelve a conseguir el mejor de los cronos.2:23,55 era el crono del piloto del Peugeot 205 Rallye.<br \/>\nLa segunda posici\u00f3n en esta pasada era para Alberto Saiz, con su Citroen AX, coloc\u00e1ndose a SEIS segundos del actual l\u00edder, siendo la tercera posici\u00f3n para Manuel Rodr\u00edguez \u00abLolin\u00bb que estaba realizando un \u00abcarreron\u00bb, coloc\u00e1ndose l\u00edder de los trasera, c\u00f3modamente.<br \/>\nLa cuarta posici\u00f3n en esta manga era para Gorka Larrauri, con su BMW. Larrauri, con su BMW325 i, consegu\u00eda esta cuarta posici\u00f3n y la segunda posici\u00f3n provisional en la tracci\u00f3n trasera. 2:44,94 era el crono de Larrauri.<\/p>\n<p>La quinta posici\u00f3n era para Paulino Saiz con su Opel Astra, que paraba el crono en 2:47,05.<br \/>\nLa tracci\u00f3n trasera en esta pasada era para Lolin y Larrauri, como dec\u00edamos anteriormente por estar clasificados entre los cinco mejores cronos de la manga.<\/p>\n<p>Finalmente con los cronos en la mano y prevaleciendo el mejor de las tres mangas oficiales, la victoria del Slalom de Colindres era para Francisco D\u00edaz, con su Peugeot 205 Rallye, siendo la segunda posici\u00f3n para Javier Aja y su Opel Corsa. La tercera posici\u00f3n era para Alberto Saiz con su citroen AX.<br \/>\nLa tracci\u00f3n trasera, los claros dominadores eran, por una parte Manuel Rodr\u00edguez \u00abLolin\u00bb que no daba opci\u00f3n al resto de sus adversarios, siendo Gorka Larrauri, el segundo clasificado, con una bonita y efectiva conducci\u00f3n.<\/p>\n<p>Entre los Car Cross, esos veh\u00edculos espectaculares, que corren tambi\u00e9n los Slalom, pero que no punt\u00faan, el mejor de los tiempos era para Ra\u00fal Ruiz con su Semog Bravo Sport, siendo la segunda posici\u00f3n para Alberto L\u00f3pez, tambi\u00e9n con Semog Bravo. El tercer clasificado era David Bolado con Speed Car Xtrem<\/p>\n<p>As\u00ed terminaba el primer Slalom de la temporada, la prueba de Colindres, prueba organizada por Rallyon y toda su gente.<\/p>\n<table align=\"center\" border=\"0\">\n<tbody>\n<tr>\n<td>\n<div align=\"center\"><b><span style=\"font-size: xx-large;\">LA FOTO<\/span><\/b><\/div>\n<\/td>\n<\/tr>\n<tr>\n<td>\n<div align=\"center\"><img decoding=\"async\" src=\"https:\/\/www.cantabriarallye.net\/newcantabriarallye\/wp-content\/uploads\/2021\/slalom2021\/colindres\/lafoto.jpg\"><\/div>\n<\/td>\n<\/tr>\n<tr>\n<td>\n<div align=\"center\"><span style=\"font-family: Verdana, Arial, Helvetica, sans-serif;\">En esta ocasi\u00f3n, LA FOTO del Slalom de Colindres es el nuevo fichaje, del equipo AJA GSI.<br \/>\nEn la foto vemos a Efren, nuevo mec\u00e1nico del equipo, que esta \u00abguiando\u00bb a Javi Aja, de como tiene que hacer las cosas.<br \/>\nSi las cosas las hacemos BIEN, los resultados llegan.<br \/>\nFoto :CantabriaRallye.net<\/span><\/div>\n<\/td>\n<\/tr>\n<\/tbody>\n<\/table>\n<!-- AddThis Advanced Settings generic via filter on the_content --><!-- AddThis Share Buttons generic via filter on the_content -->","protected":false},"excerpt":{"rendered":"<p>Francisco D\u00edaz, con su Peugeot 205 Rallye consegu\u00eda la victoria en el Slalom de Colindres, prueba organizada por Rallyon y que pon\u00eda en marcha el campeonato de Slalom de Cantabria. La segunda posici\u00f3n era para Javier Aja, con su Opel Corsa, siendo la tercera posici\u00f3n para Alberto Saiz con su Citroen AX. La tracci\u00f3n trasera [&hellip;]<!-- AddThis Advanced Settings generic via filter on wp_trim_excerpt --><!-- AddThis Share Buttons generic via filter on wp_trim_excerpt --><\/p>\n","protected":false},"author":2,"featured_media":0,"comment_status":"closed","ping_status":"closed","sticky":false,"template":"","format":"standard","meta":{"_exactmetrics_skip_tracking":false,"_exactmetrics_sitenote_active":false,"_exactmetrics_sitenote_note":"","_exactmetrics_sitenote_category":0,"footnotes":""},"categories":[12],"tags":[],"class_list":["post-5296","post","type-post","status-publish","format-standard","hentry","category-c3-slalom"],"_links":{"self":[{"href":"https:\/\/www.cantabriarallye.net\/newcantabriarallye\/wp-json\/wp\/v2\/posts\/5296","targetHints":{"allow":["GET"]}}],"collection":[{"href":"https:\/\/www.cantabriarallye.net\/newcantabriarallye\/wp-json\/wp\/v2\/posts"}],"about":[{"href":"https:\/\/www.cantabriarallye.net\/newcantabriarallye\/wp-json\/wp\/v2\/types\/post"}],"author":[{"embeddable":true,"href":"https:\/\/www.cantabriarallye.net\/newcantabriarallye\/wp-json\/wp\/v2\/users\/2"}],"replies":[{"embeddable":true,"href":"https:\/\/www.cantabriarallye.net\/newcantabriarallye\/wp-json\/wp\/v2\/comments?post=5296"}],"version-history":[{"count":1,"href":"https:\/\/www.cantabriarallye.net\/newcantabriarallye\/wp-json\/wp\/v2\/posts\/5296\/revisions"}],"predecessor-version":[{"id":5297,"href":"https:\/\/www.cantabriarallye.net\/newcantabriarallye\/wp-json\/wp\/v2\/posts\/5296\/revisions\/5297"}],"wp:attachment":[{"href":"https:\/\/www.cantabriarallye.net\/newcantabriarallye\/wp-json\/wp\/v2\/media?parent=5296"}],"wp:term":[{"taxonomy":"category","embeddable":true,"href":"https:\/\/www.cantabriarallye.net\/newcantabriarallye\/wp-json\/wp\/v2\/categories?post=5296"},{"taxonomy":"post_tag","embeddable":true,"href":"https:\/\/www.cantabriarallye.net\/newcantabriarallye\/wp-json\/wp\/v2\/tags?post=5296"}],"curies":[{"name":"wp","href":"https:\/\/api.w.org\/{rel}","templated":true}]}}