{"id":5310,"date":"2021-07-15T14:54:39","date_gmt":"2021-07-15T12:54:39","guid":{"rendered":"http:\/\/www.cantabriarallye.net\/newcantabriarallye\/?p=5310"},"modified":"2021-07-15T14:54:41","modified_gmt":"2021-07-15T12:54:41","slug":"el-rallye-ciudad-de-castro-urdiales-no-se-celebrara-en-la-temporada-2021","status":"publish","type":"post","link":"https:\/\/www.cantabriarallye.net\/newcantabriarallye\/el-rallye-ciudad-de-castro-urdiales-no-se-celebrara-en-la-temporada-2021\/","title":{"rendered":"El Rallye Ciudad de Castro-Urdiales, no se celebrar\u00e1 en la temporada 2021"},"content":{"rendered":"<p>El Rallye Ciudad de Castro-Urdiales, no se celebrar\u00e1 en la temporada 2021. Una nueva prueba que estaba calendada para el pr\u00f3ximo 25 de Septiembre, causa baja en nuestro regional.<br>La escuder\u00eda La Trazada Sport, organizadora del mismo, nos comunica esta mala noticia, si bien el tema \u201cecon\u00f3mico\u201d es el desencadenante, de la n\u00f3 celebraci\u00f3n.<br>Aun as\u00ed, la escuder\u00eda sigue con el resto de pruebas que organiza, adem\u00e1s de trabajar para realizar la prueba en la temporada 2022.<br>Adjuntamo el comunicado recibido en nuestra redaccion.<\/p>\n<table align=\"center\" border=\"0\">\n<tbody>\n<tr>\n<td>\n<div align=\"center\"><img decoding=\"async\" src=\"https:\/\/www.cantabriarallye.net\/newcantabriarallye\/wp-content\/uploads\/2021\/noticias\/varios\/trazada\/trazada.jpg\"><\/div>\n<\/td>\n<\/tr>\n<tr>\n<td>\n<div align=\"center\">&nbsp;<\/div>\n<\/td>\n<\/tr>\n<\/tbody>\n<\/table>\n<p><!--more--><\/p>\n\n<a href=\"https:\/\/www.cantabriarallye.net\/newcantabriarallye\/wp-content\/uploads\/2021\/07\/comunicado.pdf\" class=\"pdfemb-viewer\" style=\"\" data-width=\"max\" data-height=\"max\" data-toolbar=\"bottom\" data-toolbar-fixed=\"on\">comunicado<\/a>\n<p class=\"wp-block-pdfemb-pdf-embedder-viewer\"><\/p>\n<!-- AddThis Advanced Settings generic via filter on the_content --><!-- AddThis Share Buttons generic via filter on the_content -->","protected":false},"excerpt":{"rendered":"<p>El Rallye Ciudad de Castro-Urdiales, no se celebrar\u00e1 en la temporada 2021. Una nueva prueba que estaba calendada para el pr\u00f3ximo 25 de Septiembre, causa baja en nuestro regional.La escuder\u00eda La Trazada Sport, organizadora del mismo, nos comunica esta mala noticia, si bien el tema \u201cecon\u00f3mico\u201d es el desencadenante, de la n\u00f3 celebraci\u00f3n.Aun as\u00ed, la [&hellip;]<!-- AddThis Advanced Settings generic via filter on wp_trim_excerpt --><!-- AddThis Share Buttons generic via filter on wp_trim_excerpt --><\/p>\n","protected":false},"author":2,"featured_media":0,"comment_status":"closed","ping_status":"closed","sticky":false,"template":"","format":"standard","meta":{"_exactmetrics_skip_tracking":false,"_exactmetrics_sitenote_active":false,"_exactmetrics_sitenote_note":"","_exactmetrics_sitenote_category":0,"footnotes":""},"categories":[37],"tags":[],"class_list":["post-5310","post","type-post","status-publish","format-standard","hentry","category-c58-ultimas-nocicias"],"_links":{"self":[{"href":"https:\/\/www.cantabriarallye.net\/newcantabriarallye\/wp-json\/wp\/v2\/posts\/5310","targetHints":{"allow":["GET"]}}],"collection":[{"href":"https:\/\/www.cantabriarallye.net\/newcantabriarallye\/wp-json\/wp\/v2\/posts"}],"about":[{"href":"https:\/\/www.cantabriarallye.net\/newcantabriarallye\/wp-json\/wp\/v2\/types\/post"}],"author":[{"embeddable":true,"href":"https:\/\/www.cantabriarallye.net\/newcantabriarallye\/wp-json\/wp\/v2\/users\/2"}],"replies":[{"embeddable":true,"href":"https:\/\/www.cantabriarallye.net\/newcantabriarallye\/wp-json\/wp\/v2\/comments?post=5310"}],"version-history":[{"count":2,"href":"https:\/\/www.cantabriarallye.net\/newcantabriarallye\/wp-json\/wp\/v2\/posts\/5310\/revisions"}],"predecessor-version":[{"id":5313,"href":"https:\/\/www.cantabriarallye.net\/newcantabriarallye\/wp-json\/wp\/v2\/posts\/5310\/revisions\/5313"}],"wp:attachment":[{"href":"https:\/\/www.cantabriarallye.net\/newcantabriarallye\/wp-json\/wp\/v2\/media?parent=5310"}],"wp:term":[{"taxonomy":"category","embeddable":true,"href":"https:\/\/www.cantabriarallye.net\/newcantabriarallye\/wp-json\/wp\/v2\/categories?post=5310"},{"taxonomy":"post_tag","embeddable":true,"href":"https:\/\/www.cantabriarallye.net\/newcantabriarallye\/wp-json\/wp\/v2\/tags?post=5310"}],"curies":[{"name":"wp","href":"https:\/\/api.w.org\/{rel}","templated":true}]}}