{"id":5320,"date":"2021-07-20T14:30:00","date_gmt":"2021-07-20T12:30:00","guid":{"rendered":"https:\/\/www.cantabriarallye.net\/newcantabriarallye\/?p=5320"},"modified":"2021-07-20T15:47:27","modified_gmt":"2021-07-20T13:47:27","slug":"i-edicion-subida-a-la-magdalena-videoentrevistas","status":"publish","type":"post","link":"https:\/\/www.cantabriarallye.net\/newcantabriarallye\/i-edicion-subida-a-la-magdalena-videoentrevistas\/","title":{"rendered":"I Edici\u00f3n Subida a la Magdalena &#8211; VideoEntrevistas"},"content":{"rendered":"<p>La I Edici\u00f3n de la Subida a La Magdalena, se celebrar\u00e1 en breve, concretamente este s\u00e1bado 24 de Julio. Una nueva prueba de Monta\u00f1a organizada por la Escuder\u00eda La Trazada Sport de Castro-Urdiales.<br>Escuder\u00eda muy activa en cuanto a pruebas de Motor se refiere, colaborando tambi\u00e9n con varias pruebas m\u00e1s. Para esta ocasi\u00f3n volvemos de nuevo a la Videollamada, para hablar con Fernando Lav\u00edn, uno de los integrantes de la Escuder\u00eda La Trazada Sport, que nos habla de la nueva Subida de Monta\u00f1a.<\/p>\n<table align=\"center\" border=\"0\">\n<tbody>\n<tr>\n<td>\n<p align=\"center\"><img decoding=\"async\" src=\"https:\/\/www.cantabriarallye.net\/newcantabriarallye\/wp-content\/uploads\/2021\/noticias\/videoimpresiones\/magdalena\/foto.jpg\"><\/p>\n<\/td>\n<\/tr>\n<tr>\n<td>\n<p align=\"center\"><span style=\"font-size: small;\">Foto: Cantabriarallye.net<\/span><\/p>\n<\/td>\n<\/tr>\n<\/tbody>\n<\/table>\n<p><!--more--><\/p>\n<p>Para esta ocasi\u00f3n, nuestro invitado era Fernando Lav\u00edn, amigo y compa\u00f1ero de la fotograf\u00eda y ahora organizador, junto a la gente de La Trazada Sport.<br>Una nueva prueba de Monta\u00f1a que llega a nuestro regional, de la mano de la Escuderia La Trazada-Sport.<\/p>\n<p>Una vez mas, las tomas falsas y las risas eran la t\u00f3nica dominante durante la entrevista y la esta quedaba realizada. Nuevamente el tiempo pasaba volando.<br>De nuevo, disfruten como hemos disfrutado nosotros, entrevistando a Fernando Lav\u00edn, compa\u00f1ero de ART Media y ahora reconvertido a organizador. La cita ya saben ustedes el pr\u00f3ximo 23 y 24 de Julio en la Nueva subida a La Magdalena<\/p>\n<p>&nbsp;<\/p>\n<h1 style=\"text-align: center;\"><strong>VIDEO-ENTREVISTAS<br><\/strong><\/h1>\n<table align=\"center\" border=\"0\" width=\"57%\">\n<tbody>\n<tr>\n<td>\n<p align=\"center\">I Subida a La Magdalena &#8211; Fernando Lav\u00edn<\/p>\n<\/td>\n<\/tr>\n<tr>\n<td>\n<p align=\"center\"><iframe loading=\"lazy\" src=\"\/\/www.youtube.com\/embed\/mdKcIFrxHu4\" allowfullscreen=\"allowfullscreen\" height=\"314\" width=\"560\"><\/iframe><\/p>\n<\/td>\n<\/tr>\n<tr>\n<td><hr align=\"center\"><\/td>\n<\/tr>\n<tr>\n<td>\n<p align=\"center\"><a href=\"http:\/\/carpinteriabenjamin.com\/carpinteria.htm\"><img decoding=\"async\" src=\"https:\/\/www.cantabriarallye.net\/newcantabriarallye\/wp-content\/uploads\/2017\/noticias\/varios\/benjamin.jpg\" border=\"0\"><\/a><\/p>\n<\/td>\n<\/tr>\n<tr>\n<td>\n<p align=\"center\">&nbsp;<\/p>\n<\/td>\n<\/tr>\n<\/tbody>\n<\/table>\n<p>&nbsp;<\/p>\n\n\n<p><\/p>\n<!-- AddThis Advanced Settings generic via filter on the_content --><!-- AddThis Share Buttons generic via filter on the_content -->","protected":false},"excerpt":{"rendered":"<p>La I Edici\u00f3n de la Subida a La Magdalena, se celebrar\u00e1 en breve, concretamente este s\u00e1bado 24 de Julio. Una nueva prueba de Monta\u00f1a organizada por la Escuder\u00eda La Trazada Sport de Castro-Urdiales.Escuder\u00eda muy activa en cuanto a pruebas de Motor se refiere, colaborando tambi\u00e9n con varias pruebas m\u00e1s. Para esta ocasi\u00f3n volvemos de nuevo [&hellip;]<!-- AddThis Advanced Settings generic via filter on wp_trim_excerpt --><!-- AddThis Share Buttons generic via filter on wp_trim_excerpt --><\/p>\n","protected":false},"author":2,"featured_media":0,"comment_status":"closed","ping_status":"closed","sticky":false,"template":"","format":"standard","meta":{"_exactmetrics_skip_tracking":false,"_exactmetrics_sitenote_active":false,"_exactmetrics_sitenote_note":"","_exactmetrics_sitenote_category":0,"footnotes":""},"categories":[47],"tags":[],"class_list":["post-5320","post","type-post","status-publish","format-standard","hentry","category-video-impresiones"],"_links":{"self":[{"href":"https:\/\/www.cantabriarallye.net\/newcantabriarallye\/wp-json\/wp\/v2\/posts\/5320","targetHints":{"allow":["GET"]}}],"collection":[{"href":"https:\/\/www.cantabriarallye.net\/newcantabriarallye\/wp-json\/wp\/v2\/posts"}],"about":[{"href":"https:\/\/www.cantabriarallye.net\/newcantabriarallye\/wp-json\/wp\/v2\/types\/post"}],"author":[{"embeddable":true,"href":"https:\/\/www.cantabriarallye.net\/newcantabriarallye\/wp-json\/wp\/v2\/users\/2"}],"replies":[{"embeddable":true,"href":"https:\/\/www.cantabriarallye.net\/newcantabriarallye\/wp-json\/wp\/v2\/comments?post=5320"}],"version-history":[{"count":8,"href":"https:\/\/www.cantabriarallye.net\/newcantabriarallye\/wp-json\/wp\/v2\/posts\/5320\/revisions"}],"predecessor-version":[{"id":5345,"href":"https:\/\/www.cantabriarallye.net\/newcantabriarallye\/wp-json\/wp\/v2\/posts\/5320\/revisions\/5345"}],"wp:attachment":[{"href":"https:\/\/www.cantabriarallye.net\/newcantabriarallye\/wp-json\/wp\/v2\/media?parent=5320"}],"wp:term":[{"taxonomy":"category","embeddable":true,"href":"https:\/\/www.cantabriarallye.net\/newcantabriarallye\/wp-json\/wp\/v2\/categories?post=5320"},{"taxonomy":"post_tag","embeddable":true,"href":"https:\/\/www.cantabriarallye.net\/newcantabriarallye\/wp-json\/wp\/v2\/tags?post=5320"}],"curies":[{"name":"wp","href":"https:\/\/api.w.org\/{rel}","templated":true}]}}