{"id":5410,"date":"2021-08-15T12:00:31","date_gmt":"2021-08-15T10:00:31","guid":{"rendered":"http:\/\/www.cantabriarallye.net\/newcantabriarallye\/?p=5410"},"modified":"2021-08-15T12:00:32","modified_gmt":"2021-08-15T10:00:32","slug":"francisco-diaz-vence-en-el-slalom-de-saron","status":"publish","type":"post","link":"https:\/\/www.cantabriarallye.net\/newcantabriarallye\/francisco-diaz-vence-en-el-slalom-de-saron\/","title":{"rendered":"Francisco Diaz, vence en el slalom de Sar\u00f3n"},"content":{"rendered":"<p>Francisco D\u00edaz, consegu\u00eda la victoria en el Slalom de Sar\u00f3n, siendo la segunda posici\u00f3n era para de Julio C. Rodr\u00edguez con su afinado Peugeot106, siendo la tercera posici\u00f3n para Javi Aja. La tracci\u00f3n trasera era para Lolin, seguido en el MISMO SEGUNDO por Juan Ma L\u00f3pez Cagigal.<br \/>\nBonito y espectacular Slalom de Sar\u00f3n, con una zona muy resbaladiza, zona de \u00abgrija\u00bb as\u00ed como una amplia zona, donde los pilotos disfrutaban de la conducci\u00f3n. Un nuevo \u00e9xito de la escuder\u00eda Nola Sport.<\/p>\n<table align=\"center\" border=\"0\">\n<tbody>\n<tr>\n<td>\n<div align=\"center\"><img decoding=\"async\" src=\"https:\/\/www.cantabriarallye.net\/newcantabriarallye\/wp-content\/uploads\/2021\/slalom2021\/saron\/fran.jpg\"><\/div>\n<\/td>\n<\/tr>\n<tr>\n<td>\n<div align=\"center\"><span style=\"font-family: Verdana, Arial, Helvetica, sans-serif;\">Fran D\u00edaz era el l\u00edder en el Slalom de<br \/>\nSar\u00f3n.<br \/>\nFoto :CantabriaRallye.net<\/span><\/div>\n<\/td>\n<\/tr>\n<\/tbody>\n<\/table>\n<p><!--more--><\/p>\n<table align=\"right\" border=\"0\">\n<tbody>\n<tr>\n<td>\n<div align=\"center\"><img decoding=\"async\" src=\"https:\/\/www.cantabriarallye.net\/newcantabriarallye\/wp-content\/uploads\/2021\/slalom2021\/saron\/fran.jpg\"><\/div>\n<\/td>\n<\/tr>\n<tr>\n<td>\n<div align=\"center\"><span style=\"font-family: Verdana, Arial, Helvetica, sans-serif;\">Fran D\u00edaz era el l\u00edder en el Slalom de<br \/>\nSar\u00f3n.<br \/>\nFoto :CantabriaRallye.net<\/span><\/div>\n<\/td>\n<\/tr>\n<tr>\n<td>\n<div align=\"center\"><img decoding=\"async\" src=\"https:\/\/www.cantabriarallye.net\/newcantabriarallye\/wp-content\/uploads\/2021\/slalom2021\/saron\/julio.jpg\"><\/div>\n<\/td>\n<\/tr>\n<tr>\n<td>\n<div align=\"center\"><span style=\"font-family: Verdana, Arial, Helvetica, sans-serif;\">La segunda posici\u00f3n era para Julio<br \/>\nC. Rodr\u00edguez.<br \/>\nFoto :CantabriaRallye.net<\/span><\/div>\n<\/td>\n<\/tr>\n<tr>\n<td>\n<div align=\"center\"><img decoding=\"async\" src=\"https:\/\/www.cantabriarallye.net\/newcantabriarallye\/wp-content\/uploads\/2021\/slalom2021\/saron\/javi.jpg\"><\/div>\n<\/td>\n<\/tr>\n<tr>\n<td>\n<div align=\"center\"><span style=\"font-family: Verdana, Arial, Helvetica, sans-serif;\">La tercera posici\u00f3n era para Javi Aja.<br \/>\nFoto :CantabriaRallye.net<\/span><\/div>\n<\/td>\n<\/tr>\n<\/tbody>\n<\/table>\n<p>Otra nueva edici\u00f3n del Slalom de Sar\u00f3n. Nuevamente Nola Sport vuelve a organizar este bonito Slalom, en el ferial de Sar\u00f3n, con unas amplias zonas, as\u00ed como una zona de \u00abgrija\u00bb, dando mas espectacularidad a la prueba.<br \/>\nAmplia inscripci\u00f3n, de veh\u00edculos y sobre todo de tracci\u00f3n trasera, que daban rienda suelta a su imaginaci\u00f3n, olvidando muchas veces el circuito trazado por la organizaci\u00f3n.<\/p>\n<p>Despu\u00e9s de la manga de \u00e9ntrenos, comenzaban las tres mangas oficiales donde el mejor de los cronos era para Julio C. Rodr\u00edguez. Julio con su bonito y afinado Peugeot 106, ya nos sorprend\u00eda en el Slalom de Cabez\u00f3n y en este de Sar\u00f3n, TAMBIEN, consiguiendo el mejor de los registros. 1:38,96.<br \/>\nSeguimos con las sorpresas. En esta ocasi\u00f3n de la mano de Javi Aja, que TAMBIEN vuelve a sorprendernos a todos con sus cronos, estando en las pruebas celebradas en puestos de menci\u00f3n. Nuevamente su nuevo mec\u00e1nico \u00abEfren\u00bb a conseguido un \u00absetup\u00bb especial en el Opel Corsa y los resultados llegan. 1:40,21 era el crono de Aja.<\/p>\n<p>La tercera posici\u00f3n en esta manga era para Alberto Saiz, con su Citroen AX, coloc\u00e1ndose a CINCO segundos del l\u00edder. Manuel Rodr\u00edguez Misioner, \u00abLolin\u00bb y Fernando Vallas, eran quienes consegu\u00edan la cuarta y quinta posici\u00f3n respectivamente.<br \/>\nLolin, consegu\u00eda un crono de 1:44,59 y Vallas, consegu\u00eda un crono de 1:46,29.<\/p>\n<p>La tracci\u00f3n trasera era para Lolin, con su BMW, siendo la segunda posici\u00f3n para Juan Ma L\u00f3pez Cagigal, con su Opel kadett City.<\/p>\n<p>As\u00ed terminaba la primera de las mangas, para a continuaci\u00f3n y con mucha celeridad, empezar las siguientes mangas.<\/p>\n<p><!--nextpage--><\/p>\n<table align=\"right\" border=\"0\">\n<tbody>\n<tr>\n<td>\n<div align=\"center\"><img decoding=\"async\" src=\"https:\/\/www.cantabriarallye.net\/newcantabriarallye\/wp-content\/uploads\/2021\/slalom2021\/saron\/lolin.jpg\"><\/div>\n<\/td>\n<\/tr>\n<tr>\n<td>\n<div align=\"center\"><span style=\"font-family: Verdana, Arial, Helvetica, sans-serif;\">El l\u00edder en tracci\u00f3n trasera era Lolin<br \/>\ncon su BMW<br \/>\nFoto :CantabriaRallye.net<\/span><\/div>\n<\/td>\n<\/tr>\n<tr>\n<td>\n<div align=\"center\"><img decoding=\"async\" src=\"https:\/\/www.cantabriarallye.net\/newcantabriarallye\/wp-content\/uploads\/2021\/slalom2021\/saron\/juanma.jpg\"><\/div>\n<\/td>\n<\/tr>\n<tr>\n<td>\n<div align=\"center\"><span style=\"font-family: Verdana, Arial, Helvetica, sans-serif;\">La segunda posici\u00f3n era para Juan<br \/>\nMa L\u00f3pez Cagigal, en el MISMO<br \/>\nsegundo.<br \/>\nFoto :CantabriaRallye.net<\/span><\/div>\n<\/td>\n<\/tr>\n<\/tbody>\n<\/table>\n<p>Comenzaba la segunda de las mangas. Fran D\u00edaz toma el control de la prueba, que en la primera de las mangas hab\u00eda realizado MAL el circuito.<br \/>\nFran D\u00edaz consegu\u00eda un crono de 1:36,013, siendo la segunda posici\u00f3n para Julio C. Rodr\u00edguez con su Peugeot 106 CON EL MISMO CRONO, tan solo diferenciado por unas cent\u00e9simas de segundo, concretamente de 576 cent\u00e9simas de segundo.<\/p>\n<p>La tercera posici\u00f3n en la prueba era para Javier Aja con su Opel Corsa. El joven piloto consegu\u00eda colocarse en esta magnifica posici\u00f3n a TRES segundos y MEDIO del actual l\u00edder.Alberto Saiz era el cuarto, siendo Juan Ma L\u00f3pez el quinto clasificado. Saiz consegu\u00eda un crono de 1:43,12, siendo el crono de Juan Ma de 1:43,98.<br \/>\nIncre\u00edbles los cronos en el resbaladizo circuito de Sar\u00f3n.<br \/>\nLa trasera en esta manga era para Juan Ma L\u00f3pez con su Opel kadett City, siendo la segunda posici\u00f3n en esta ocasi\u00f3n para Lolin con su BMW.<\/p>\n<p>Ultima de las mangas oficiales y todav\u00eda los cronos se \u00abrebajaban\u00bb aun m\u00e1s.<br \/>\nEl mejor de los cronos era para Fran D\u00edaz, que consegu\u00eda un estupendo crono, que le val\u00eda el liderato de la prueba. Fran D\u00edaz consegu\u00eda un crono de 1:35,13.<br \/>\nLa segunda posici\u00f3n era para Julio C. Rodr\u00edguez, que se colocaba a casi \u00abTRES\u00bb segundos del actual l\u00edder, siendo la tercera posici\u00f3n para Javi Aja, a casi NUEVE segundos.<br \/>\nEntre estos tres pilotos se estaban \u00abrepartiendo\u00bb el podium final en las tres mangas oficiales de Sar\u00f3n.<\/p>\n<p>La cuarta posici\u00f3n era para Lolin, con su BMW y la quinta para Juan Ma con su Opel kadett City.<br \/>\nLolin consegu\u00eda un crono de 1:42,08 siendo de 1:42,95 el crono de Juan Ma L\u00f3pez Cagigal.<br \/>\nNi que decir tiene que la tracci\u00f3n trasera, tenia la misma clasificaci\u00f3n, en esta manga oficial.<\/p>\n<p>Con los cronos en la mano y prevaleciendo el mejor de las tres mangas oficiales, el l\u00edder del Slalom de Sar\u00f3n, era Francisco D\u00edaz, seguido de Julio c. Rodr\u00edguez y Javi Aja, que consegu\u00eda la tercera posici\u00f3n.<br \/>\nLa tracci\u00f3n trasera era para Lolin, seguido en el MISMO SEGUNDO por Juan Ma L\u00f3pez Cagigal.<\/p>\n<p>As\u00ed terminaba una nueva edici\u00f3n de Sar\u00f3n, otra prueba con el sello de Nola Sport.<\/p>\n<!-- AddThis Advanced Settings generic via filter on the_content --><!-- AddThis Share Buttons generic via filter on the_content -->","protected":false},"excerpt":{"rendered":"<p>Francisco D\u00edaz, consegu\u00eda la victoria en el Slalom de Sar\u00f3n, siendo la segunda posici\u00f3n era para de Julio C. Rodr\u00edguez con su afinado Peugeot106, siendo la tercera posici\u00f3n para Javi Aja. La tracci\u00f3n trasera era para Lolin, seguido en el MISMO SEGUNDO por Juan Ma L\u00f3pez Cagigal. Bonito y espectacular Slalom de Sar\u00f3n, con una [&hellip;]<!-- AddThis Advanced Settings generic via filter on wp_trim_excerpt --><!-- AddThis Share Buttons generic via filter on wp_trim_excerpt --><\/p>\n","protected":false},"author":2,"featured_media":0,"comment_status":"closed","ping_status":"closed","sticky":false,"template":"","format":"standard","meta":{"_exactmetrics_skip_tracking":false,"_exactmetrics_sitenote_active":false,"_exactmetrics_sitenote_note":"","_exactmetrics_sitenote_category":0,"footnotes":""},"categories":[12],"tags":[],"class_list":["post-5410","post","type-post","status-publish","format-standard","hentry","category-c3-slalom"],"_links":{"self":[{"href":"https:\/\/www.cantabriarallye.net\/newcantabriarallye\/wp-json\/wp\/v2\/posts\/5410","targetHints":{"allow":["GET"]}}],"collection":[{"href":"https:\/\/www.cantabriarallye.net\/newcantabriarallye\/wp-json\/wp\/v2\/posts"}],"about":[{"href":"https:\/\/www.cantabriarallye.net\/newcantabriarallye\/wp-json\/wp\/v2\/types\/post"}],"author":[{"embeddable":true,"href":"https:\/\/www.cantabriarallye.net\/newcantabriarallye\/wp-json\/wp\/v2\/users\/2"}],"replies":[{"embeddable":true,"href":"https:\/\/www.cantabriarallye.net\/newcantabriarallye\/wp-json\/wp\/v2\/comments?post=5410"}],"version-history":[{"count":2,"href":"https:\/\/www.cantabriarallye.net\/newcantabriarallye\/wp-json\/wp\/v2\/posts\/5410\/revisions"}],"predecessor-version":[{"id":5414,"href":"https:\/\/www.cantabriarallye.net\/newcantabriarallye\/wp-json\/wp\/v2\/posts\/5410\/revisions\/5414"}],"wp:attachment":[{"href":"https:\/\/www.cantabriarallye.net\/newcantabriarallye\/wp-json\/wp\/v2\/media?parent=5410"}],"wp:term":[{"taxonomy":"category","embeddable":true,"href":"https:\/\/www.cantabriarallye.net\/newcantabriarallye\/wp-json\/wp\/v2\/categories?post=5410"},{"taxonomy":"post_tag","embeddable":true,"href":"https:\/\/www.cantabriarallye.net\/newcantabriarallye\/wp-json\/wp\/v2\/tags?post=5410"}],"curies":[{"name":"wp","href":"https:\/\/api.w.org\/{rel}","templated":true}]}}