{"id":5417,"date":"2021-08-15T19:29:23","date_gmt":"2021-08-15T17:29:23","guid":{"rendered":"http:\/\/www.cantabriarallye.net\/newcantabriarallye\/?p=5417"},"modified":"2021-08-15T19:29:24","modified_gmt":"2021-08-15T17:29:24","slug":"xxxvii-edicion-de-la-subida-a-la-bien-aparecida-videoentrevistas","status":"publish","type":"post","link":"https:\/\/www.cantabriarallye.net\/newcantabriarallye\/xxxvii-edicion-de-la-subida-a-la-bien-aparecida-videoentrevistas\/","title":{"rendered":"XXXVII Edici\u00f3n de la Subida a La Bien Aparecida &#8211; Videoentrevistas"},"content":{"rendered":"<p>La Subida a la Bien Aparecida, ya esta aqu\u00ed y gracias a la escuder\u00eda R\u00edo Vallino, la prueba cumple en esta ocasi\u00f3n la XXXVII edici\u00f3n.<br \/>\nMucho trabajo por parte de todo el equipo de la escuder\u00eda R\u00edo Vallino, para sacar la prueba adelante, siendo de las m\u00e1s m\u00edticas de Cantabria. Hace cuatro temporadas se pon\u00eda en marcha de la mano de esta gente TRABAJADORA, consiguiendo un \u00e9xito espectacular.<br \/>\nPara esta ocasi\u00f3n volvemos de nuevo a la Videollamada, para hablar con su responsable de Prensa, Pedro Ca\u00f1izo, que nos contaba todos los pormenores de la prueba.<\/p>\n<table align=\"center\" border=\"0\">\n<tbody>\n<tr>\n<td>\n<p align=\"center\"><img decoding=\"async\" src=\"https:\/\/www.cantabriarallye.net\/newcantabriarallye\/wp-content\/uploads\/2021\/noticias\/videoimpresiones\/aparecida\/foto.jpg\"><\/p>\n<\/td>\n<\/tr>\n<tr>\n<td>\n<p align=\"center\"><span style=\"font-size: small;\">Foto: Cantabriarallye.net<\/span><\/p>\n<\/td>\n<\/tr>\n<\/tbody>\n<\/table>\n<p><!--more--><\/p>\n<p>Hace dos temporadas, tambi\u00e9n ven\u00edan a nuestros estudios del Alto de Malia\u00f1o, para hablar de la prueba. En esta ocasi\u00f3n y gracias a la \u00abvideollamada\u00bb hablamos con Pedro Ca\u00f1izo, responsable de Prensa de la m\u00edtica Subida de Monta\u00f1a, que nos contaba todos los pormenores de la prueba.<\/p>\n<p>Una vez mas, las risas eran la t\u00f3nica dominante, pero despu\u00e9s de conseguir una cobertura optima y una buena imagen, para realizar la entrevista, nos pon\u00edamos manos a la obra para realizar la misma.<br \/>\nOtra vez mas el tiempo \u00abvolaba\u00bb literalmente y la entrevista quedaba realizada.<br \/>\nTodav\u00eda recuerdo y no me cansare de repetir, Cuando:<br \/>\n\u00abNOS CONTABAN QUE NO SE PODIA HACER, POR MIL DISCULPAS TONTAS, TRAZADO, SEGURIDAD ETC&#8230;\u00bb, aquellos \u00aborganizadores del TRES AL CUARTO\u00bb.<br \/>\nTen\u00eda que venir un grupo de GENTE JOVEN con ganas de TRABAJAR, como la escuder\u00eda R\u00edo Vallino, para volver otra vez a poner en marcha, la m\u00edtica subida a la Bien aparecida.<\/p>\n<p>De nuevo, disfruten ustedes como hemos disfrutado nosotros, con Pedro Ca\u00f1izo, hablando de la M\u00edtica subida a la Bien Aparecida.<\/p>\n<p>&nbsp;<\/p>\n<p>&nbsp;<\/p>\n<h1 style=\"text-align: center;\"><strong>VIDEO-ENTREVISTAS<br \/>\n<\/strong><\/h1>\n<table align=\"center\" border=\"0\" width=\"57%\">\n<tbody>\n<tr>\n<td>\n<p align=\"center\">Pedro Ca\u00f1izo, responsable Prensa Subida a la Bien Aparecida.<\/p>\n<\/td>\n<\/tr>\n<tr>\n<td>\n<p align=\"center\"><iframe loading=\"lazy\" src=\"\/\/www.youtube.com\/embed\/brDVCCkopzs?t\" allowfullscreen=\"allowfullscreen\" height=\"314\" width=\"560\"><\/iframe><\/p>\n<\/td>\n<\/tr>\n<tr>\n<td>\n<hr align=\"center\">\n<\/td>\n<\/tr>\n<tr>\n<td>\n<p align=\"center\"><a href=\"http:\/\/carpinteriabenjamin.com\/carpinteria.htm\"><img decoding=\"async\" src=\"https:\/\/www.cantabriarallye.net\/newcantabriarallye\/wp-content\/uploads\/2017\/noticias\/varios\/benjamin.jpg\" border=\"0\"><\/a><\/p>\n<\/td>\n<\/tr>\n<tr>\n<td>\n<p align=\"center\">&nbsp;<\/p>\n<\/td>\n<\/tr>\n<\/tbody>\n<\/table>\n<p>&nbsp;<\/p>\n<!-- AddThis Advanced Settings generic via filter on the_content --><!-- AddThis Share Buttons generic via filter on the_content -->","protected":false},"excerpt":{"rendered":"<p>La Subida a la Bien Aparecida, ya esta aqu\u00ed y gracias a la escuder\u00eda R\u00edo Vallino, la prueba cumple en esta ocasi\u00f3n la XXXVII edici\u00f3n. Mucho trabajo por parte de todo el equipo de la escuder\u00eda R\u00edo Vallino, para sacar la prueba adelante, siendo de las m\u00e1s m\u00edticas de Cantabria. Hace cuatro temporadas se pon\u00eda [&hellip;]<!-- AddThis Advanced Settings generic via filter on wp_trim_excerpt --><!-- AddThis Share Buttons generic via filter on wp_trim_excerpt --><\/p>\n","protected":false},"author":2,"featured_media":0,"comment_status":"closed","ping_status":"closed","sticky":false,"template":"","format":"standard","meta":{"_exactmetrics_skip_tracking":false,"_exactmetrics_sitenote_active":false,"_exactmetrics_sitenote_note":"","_exactmetrics_sitenote_category":0,"footnotes":""},"categories":[47],"tags":[],"class_list":["post-5417","post","type-post","status-publish","format-standard","hentry","category-video-impresiones"],"_links":{"self":[{"href":"https:\/\/www.cantabriarallye.net\/newcantabriarallye\/wp-json\/wp\/v2\/posts\/5417","targetHints":{"allow":["GET"]}}],"collection":[{"href":"https:\/\/www.cantabriarallye.net\/newcantabriarallye\/wp-json\/wp\/v2\/posts"}],"about":[{"href":"https:\/\/www.cantabriarallye.net\/newcantabriarallye\/wp-json\/wp\/v2\/types\/post"}],"author":[{"embeddable":true,"href":"https:\/\/www.cantabriarallye.net\/newcantabriarallye\/wp-json\/wp\/v2\/users\/2"}],"replies":[{"embeddable":true,"href":"https:\/\/www.cantabriarallye.net\/newcantabriarallye\/wp-json\/wp\/v2\/comments?post=5417"}],"version-history":[{"count":1,"href":"https:\/\/www.cantabriarallye.net\/newcantabriarallye\/wp-json\/wp\/v2\/posts\/5417\/revisions"}],"predecessor-version":[{"id":5418,"href":"https:\/\/www.cantabriarallye.net\/newcantabriarallye\/wp-json\/wp\/v2\/posts\/5417\/revisions\/5418"}],"wp:attachment":[{"href":"https:\/\/www.cantabriarallye.net\/newcantabriarallye\/wp-json\/wp\/v2\/media?parent=5417"}],"wp:term":[{"taxonomy":"category","embeddable":true,"href":"https:\/\/www.cantabriarallye.net\/newcantabriarallye\/wp-json\/wp\/v2\/categories?post=5417"},{"taxonomy":"post_tag","embeddable":true,"href":"https:\/\/www.cantabriarallye.net\/newcantabriarallye\/wp-json\/wp\/v2\/tags?post=5417"}],"curies":[{"name":"wp","href":"https:\/\/api.w.org\/{rel}","templated":true}]}}