{"id":5465,"date":"2021-09-06T13:38:19","date_gmt":"2021-09-06T11:38:19","guid":{"rendered":"http:\/\/www.cantabriarallye.net\/newcantabriarallye\/?p=5465"},"modified":"2022-05-14T22:39:19","modified_gmt":"2022-05-14T20:39:19","slug":"vi-subida-a-la-granja-videoentrevistas","status":"publish","type":"post","link":"https:\/\/www.cantabriarallye.net\/newcantabriarallye\/vi-subida-a-la-granja-videoentrevistas\/","title":{"rendered":"VI Subida a la Granja &#8211; VideoEntrevistas"},"content":{"rendered":"<p>La V prueba de Monta\u00f1a en Cantabria, ya esta aqu\u00ed. La nueva Subida a la Granja, esta en su recta final y cumple ya VI Ediciones.<br \/>\nOtra edici\u00f3n organizada por la Incansable escuder\u00eda la Trazada Sport, que con esta prueba \u00abterminan\u00bb de organizar pruebas por esta temporada. Cabe destacar que la escuder\u00eda es una de las mas activas, organizado el Rallye de Guriezo, la Subida a la Magdalena, el solo Turbo de Onton-Ota\u00f1es, el Slalom de S\u00e1mano y esta prueba de la Granja.<br \/>\nPara esta ocasi\u00f3n volvemos de nuevo a la Videollamada, para hablar con Fernando Lav\u00edn, que una vez mas, nos hablaba de las novedades de esta nueva edici\u00f3n.<\/p>\n<table border=\"0\" align=\"center\">\n<tbody>\n<tr>\n<td>\n<p align=\"center\"><img decoding=\"async\" src=\"https:\/\/www.cantabriarallye.net\/newcantabriarallye\/wp-content\/uploads\/2021\/noticias\/videoimpresiones\/lagranja\/foto.jpg\"><\/p>\n<\/td>\n<\/tr>\n<tr>\n<td>\n<p align=\"center\"><span style=\"font-size: small;\">Foto: Cantabriarallye.net<\/span><\/p>\n<\/td>\n<\/tr>\n<\/tbody>\n<\/table>\n<p><!--more--><\/p>\n<p>Fernando Lav\u00edn es nuestro contacto con la Escuder\u00eda Castre\u00f1a, la Trazada Sport. Fernando \u00abaparcaba\u00bb su afici\u00f3n por las fotos y se embarcaba en la organizaci\u00f3n, con la Escuder\u00eda la Trazada Sport.<br \/>\nUna vez mas el tiempo \u00abvolaba\u00bb charlando de las novedades de la nueva edici\u00f3n, pero esta vez, con una charla mas distendida, pues Lav\u00edn, ya hab\u00edamos estado hablando, anteriormente, cuando tambi\u00e9n organizaban la Subida a la Magdalena..<br \/>\nDe nuevo, disfruten ustedes como hemos disfrutado nosotros, volviendo a charlar con Fernando Lav\u00edn, sobre la nueva edici\u00f3n de la subida a la Granja, para el pr\u00f3ximo 11 de septiembre.<\/p>\n<p>&nbsp;<\/p>\n<h1 style=\"text-align: center;\"><strong>VIDEO-ENTREVISTAS<br \/>\n<\/strong><\/h1>\n<table width=\"57%\" border=\"0\" align=\"center\">\n<tbody>\n<tr>\n<td>\n<p align=\"center\">Subida a la Granja- Fernando Lav\u00edn<\/p>\n<\/td>\n<\/tr>\n<tr>\n<td>\n<p align=\"center\"><iframe loading=\"lazy\" src=\"\/\/www.youtube.com\/embed\/2Ehd5b3D2Qs\" allowfullscreen=\"allowfullscreen\" width=\"560\" height=\"314\"><\/iframe><\/p>\n<\/td>\n<\/tr>\n<tr>\n<td>\n<hr align=\"center\">\n<\/td>\n<\/tr>\n<tr>\n<td>\n<p align=\"center\"><a href=\"http:\/\/carpinteriabenjamin.com\/carpinteria.htm\"><img decoding=\"async\" src=\"https:\/\/www.cantabriarallye.net\/newcantabriarallye\/wp-content\/uploads\/2017\/noticias\/varios\/benjamin.jpg\" border=\"0\"><\/a><\/p>\n<\/td>\n<\/tr>\n<tr>\n<td>\n<p align=\"center\">&nbsp;<\/p>\n<\/td>\n<\/tr>\n<\/tbody>\n<\/table>\n<p>&nbsp;<\/p>\n<!-- AddThis Advanced Settings generic via filter on the_content --><!-- AddThis Share Buttons generic via filter on the_content -->","protected":false},"excerpt":{"rendered":"<p>La V prueba de Monta\u00f1a en Cantabria, ya esta aqu\u00ed. La nueva Subida a la Granja, esta en su recta final y cumple ya VI Ediciones. Otra edici\u00f3n organizada por la Incansable escuder\u00eda la Trazada Sport, que con esta prueba \u00abterminan\u00bb de organizar pruebas por esta temporada. Cabe destacar que la escuder\u00eda es una de [&hellip;]<!-- AddThis Advanced Settings generic via filter on wp_trim_excerpt --><!-- AddThis Share Buttons generic via filter on wp_trim_excerpt --><\/p>\n","protected":false},"author":2,"featured_media":5467,"comment_status":"closed","ping_status":"closed","sticky":false,"template":"","format":"standard","meta":{"_exactmetrics_skip_tracking":false,"_exactmetrics_sitenote_active":false,"_exactmetrics_sitenote_note":"","_exactmetrics_sitenote_category":0,"footnotes":""},"categories":[47],"tags":[],"class_list":["post-5465","post","type-post","status-publish","format-standard","has-post-thumbnail","hentry","category-video-impresiones"],"_links":{"self":[{"href":"https:\/\/www.cantabriarallye.net\/newcantabriarallye\/wp-json\/wp\/v2\/posts\/5465","targetHints":{"allow":["GET"]}}],"collection":[{"href":"https:\/\/www.cantabriarallye.net\/newcantabriarallye\/wp-json\/wp\/v2\/posts"}],"about":[{"href":"https:\/\/www.cantabriarallye.net\/newcantabriarallye\/wp-json\/wp\/v2\/types\/post"}],"author":[{"embeddable":true,"href":"https:\/\/www.cantabriarallye.net\/newcantabriarallye\/wp-json\/wp\/v2\/users\/2"}],"replies":[{"embeddable":true,"href":"https:\/\/www.cantabriarallye.net\/newcantabriarallye\/wp-json\/wp\/v2\/comments?post=5465"}],"version-history":[{"count":2,"href":"https:\/\/www.cantabriarallye.net\/newcantabriarallye\/wp-json\/wp\/v2\/posts\/5465\/revisions"}],"predecessor-version":[{"id":5867,"href":"https:\/\/www.cantabriarallye.net\/newcantabriarallye\/wp-json\/wp\/v2\/posts\/5465\/revisions\/5867"}],"wp:featuredmedia":[{"embeddable":true,"href":"https:\/\/www.cantabriarallye.net\/newcantabriarallye\/wp-json\/wp\/v2\/media\/5467"}],"wp:attachment":[{"href":"https:\/\/www.cantabriarallye.net\/newcantabriarallye\/wp-json\/wp\/v2\/media?parent=5465"}],"wp:term":[{"taxonomy":"category","embeddable":true,"href":"https:\/\/www.cantabriarallye.net\/newcantabriarallye\/wp-json\/wp\/v2\/categories?post=5465"},{"taxonomy":"post_tag","embeddable":true,"href":"https:\/\/www.cantabriarallye.net\/newcantabriarallye\/wp-json\/wp\/v2\/tags?post=5465"}],"curies":[{"name":"wp","href":"https:\/\/api.w.org\/{rel}","templated":true}]}}