{"id":5491,"date":"2021-09-19T13:29:13","date_gmt":"2021-09-19T11:29:13","guid":{"rendered":"http:\/\/www.cantabriarallye.net\/newcantabriarallye\/?p=5491"},"modified":"2021-09-19T18:40:06","modified_gmt":"2021-09-19T16:40:06","slug":"unico-rallye-festival-hoznayo","status":"publish","type":"post","link":"https:\/\/www.cantabriarallye.net\/newcantabriarallye\/unico-rallye-festival-hoznayo\/","title":{"rendered":"Unico Rallye Festival Hoznayo"},"content":{"rendered":"<p>Otra nueva edici\u00f3n del Rallye Festival Hoznayo. Otro nuevo \u00e9xito de Adelma Competici\u00f3n y todo su equipo, que han puesta en marcha esta prueba en unos momentos dif\u00edciles.<br \/>\nHemos podido disfrutar TRES d\u00edas de automovilismo por nuestras carreteras. Los pilotos disputaban las especiales \u00abm\u00edticas\u00bb de Cantabria, exhibiendo sus veh\u00edculos para disfrute de todo el publico, que llenaba las cunetas, como nunca.<br \/>\nAudi S1, Renault 5 Tour de Corse, Audi Quatro, Lancia Delta Integrale, Skoda Fabia S2000 o 205 Turbo 16, eran algunas de las bellezas que pod\u00edamos contemplar en esta nueva edici\u00f3n del Rallye festival Hoznayo. El espect\u00e1culo del Motor estaba en Hoznayo, concretamente en el \u00e1rea de Servicio ADELMA, con el Rallye festival Hoznayo.<\/p>\n<table align=\"center\" border=\"0\">\n<tbody>\n<tr>\n<td colspan=\"1\" rowspan=\"1\">\n<div align=\"center\">\n<p><img decoding=\"async\" src=\"https:\/\/www.cantabriarallye.net\/newcantabriarallye\/wp-content\/uploads\/2021\/pruebas2021\/rfh\/1.jpg\"><\/p>\n<\/div>\n<\/td>\n<\/tr>\n<tr>\n<td colspan=\"1\" rowspan=\"1\">\n<div align=\"center\">\n<p><span style=\"font-family: Verdana, Arial, Helvetica, sans-serif;\">Foto :Javi Aja<\/span><\/p>\n<\/div>\n<\/td>\n<\/tr>\n<\/tbody>\n<\/table>\n<p><!--more--><\/p>\n<table align=\"right\" border=\"0\">\n<tbody>\n<tr>\n<td colspan=\"1\" rowspan=\"1\">\n<div align=\"center\">\n<p><img decoding=\"async\" src=\"https:\/\/www.cantabriarallye.net\/newcantabriarallye\/wp-content\/uploads\/2021\/pruebas2021\/rfh\/1.jpg\"><\/p>\n<\/div>\n<\/td>\n<\/tr>\n<tr>\n<td colspan=\"1\" rowspan=\"1\">\n<div align=\"center\">\n<p><span style=\"font-family: Verdana, Arial, Helvetica, sans-serif;\">Foto :Javi Aja<\/span><\/p>\n<\/div>\n<\/td>\n<\/tr>\n<tr>\n<td colspan=\"1\" rowspan=\"1\">\n<div align=\"center\">\n<p><img decoding=\"async\" src=\"https:\/\/www.cantabriarallye.net\/newcantabriarallye\/wp-content\/uploads\/2021\/pruebas2021\/rfh\/2.jpg\"><\/p>\n<\/div>\n<\/td>\n<\/tr>\n<tr>\n<td colspan=\"1\" rowspan=\"1\">\n<div align=\"center\">\n<p><span style=\"font-family: Verdana, Arial, Helvetica, sans-serif;\">Foto :Javi Aja<\/span><\/p>\n<\/div>\n<\/td>\n<\/tr>\n<tr>\n<td colspan=\"1\" rowspan=\"1\">\n<div align=\"center\">\n<p><img decoding=\"async\" src=\"https:\/\/www.cantabriarallye.net\/newcantabriarallye\/wp-content\/uploads\/2021\/pruebas2021\/rfh\/3.jpg\"><\/p>\n<\/div>\n<\/td>\n<\/tr>\n<tr>\n<td colspan=\"1\" rowspan=\"1\">\n<div align=\"center\">\n<p><span style=\"font-family: Verdana, Arial, Helvetica, sans-serif;\">Foto :Javi Aja<\/span><\/p>\n<\/div>\n<\/td>\n<\/tr>\n<tr>\n<td colspan=\"1\" rowspan=\"1\">\n<div align=\"center\">\n<p><img decoding=\"async\" src=\"https:\/\/www.cantabriarallye.net\/newcantabriarallye\/wp-content\/uploads\/2021\/pruebas2021\/rfh\/4.jpg\"><\/p>\n<\/div>\n<\/td>\n<\/tr>\n<tr>\n<td colspan=\"1\" rowspan=\"1\">\n<div align=\"center\">\n<p><span style=\"font-family: Verdana, Arial, Helvetica, sans-serif;\">Foto :Javi Aja<\/span><\/p>\n<\/div>\n<\/td>\n<\/tr>\n<\/tbody>\n<\/table>\n<p>Otra edici\u00f3n mas del Rallye Festival Hoznayo y una vez mas tan solo tenemos elogios para esta prueba UNICA en Espa\u00f1a. Hemos vuelto a tener, durante TRES d\u00edas, la historia del automovilismo deportivo por nuestras carreteras. Gran trabajo por parte de su organizaci\u00f3n, que han conseguido sacar esta prueba adelante, despu\u00e9s de tenerla que anular en la pasada temporada, cuando TODO ya estaba preparado, por el COVID.<br \/>\nUna organizaci\u00f3n valiente, para sacar este espect\u00e1culo adelante, cuando todav\u00eda estamos atravesando la PANDEMIA, demostrando una vez mas que el mundo del motor es seguro, frente al Covid-19.<\/p>\n<p>Una edici\u00f3n con una amplia inscripci\u00f3n, en donde se premiaban las \u00abmaquinas\u00bb, pues por el tema de la PANDEMIA, la organizaci\u00f3n nos aclaraba, que no era el momento de traer a pilotos de renombre, pues tristemente NO SE LES PODIA DAR toda la repercusi\u00f3n que se merecen.<br \/>\nPod\u00edamos ver \u00abin situ\u00bb los m\u00edticos Audi S1, Renault 5 Tour de Corse, Audi Quatro o Lancia 037 entre otros. Varios Opel Ascona 400, Lancia Delta Integrale, Skoda Fabia S2000 o 205 Turbo 16, etc. Vamos que donde pon\u00edas la vista, pod\u00edas ver un veh\u00edculo impresionante.<\/p>\n<p>Al igual que en la temporada pasada, tendr\u00edamos tramos en directo, por Internet, donde se pod\u00edan ver las diferentes especiales. Tambi\u00e9n una sesi\u00f3n de firmas y en general una serie de actividades, que complementar\u00edan esta fant\u00e1stica prueba.<\/p>\n<p>Ni que decir tiene que el centro neur\u00e1lgico, volv\u00eda a ser el \u00e1rea de Servicio ADELMA y su gran aparcamiento, que era donde se colocaban todas las asistencia de los veh\u00edculos, donde los aficionados al motor, volver\u00edan a disfrutar de lo lindo, con sus veh\u00edculos, preferidos.<\/p>\n<p>Una vez m\u00e1s GRANDIOSO trabajo de Marcos Diego y todo su IMPRESIONANTE EQUIPO, que una vez mas ha realizado una prueba impecable. Desde los Radios, los que encintan los tramos hasta los miles de comisarios de ruta, ademas de Proteccion Civil, que han estado velando por nosotros, para que podamos disfrutar de estos tres d\u00edas impresionantes de Motor en Cantabria.<\/p>\n<p>La semana del motor ya estaba aqu\u00ed y todo comenzaba. La presentaci\u00f3n de la prueba se realizaba en el Palacio de la Magdalena de Santander, marco incomparable para realizar la presentaci\u00f3n, en donde se daban a conocer todos los pormenores de la prueba. La Alcaldesa de Santander, el director de Cantur y la Alcaldesa de Emtrambasaguas mostraban su apoyo y compromiso para este evento, que mueve miles y miles de personas, siendo un motor econ\u00f3mico para zona de Hoznayo y alrededores asi como para el resto de la regi\u00f3n<\/p>\n<p>Despu\u00e9s los veh\u00edculos de carreras atravesando el centro de Santander, era un espect\u00e1culo UNICO, escoltado por la Polic\u00eda de Santander.<\/p>\n<p>Ya el mi\u00e9rcoles 15 de septiembre, festividad de la Bien Aparecida, se empezaba a montar el parque de asistencia en el aparcamiento del \u00e1rea de servicio Adelma. Los aficionados ya se acercaban para \u00abolisquear\u00bb un poco, todo lo que alli se estaba preparando.<br \/>\nVerdadero \u00abhervidero\u00bb de aficionados que contemplaban como poco a poco, llegaban los fant\u00e1sticos veh\u00edculos, que poblar\u00edan nuestras carreteras.<\/p>\n<p><!--nextpage--><\/p>\n<table align=\"right\" border=\"0\">\n<tbody>\n<tr>\n<td colspan=\"1\" rowspan=\"1\">\n<div align=\"center\">\n<p><img decoding=\"async\" src=\"https:\/\/www.cantabriarallye.net\/newcantabriarallye\/wp-content\/uploads\/2021\/pruebas2021\/rfh\/5.jpg\"><\/p>\n<\/div>\n<\/td>\n<\/tr>\n<tr>\n<td colspan=\"1\" rowspan=\"1\">\n<div align=\"center\">\n<p><span style=\"font-family: Verdana, Arial, Helvetica, sans-serif;\">Foto :Javi Aja<\/span><\/p>\n<\/div>\n<\/td>\n<\/tr>\n<tr>\n<td colspan=\"1\" rowspan=\"1\">\n<div align=\"center\">\n<p><img decoding=\"async\" src=\"https:\/\/www.cantabriarallye.net\/newcantabriarallye\/wp-content\/uploads\/2021\/pruebas2021\/rfh\/6-2.jpg\"><\/p>\n<\/div>\n<\/td>\n<\/tr>\n<tr>\n<td colspan=\"1\" rowspan=\"1\">\n<div align=\"center\">\n<p><span style=\"font-family: Verdana, Arial, Helvetica, sans-serif;\">Foto :Javi Aja<\/span><\/p>\n<\/div>\n<\/td>\n<\/tr>\n<tr>\n<td colspan=\"1\" rowspan=\"1\">\n<div align=\"center\">\n<p><img decoding=\"async\" src=\"https:\/\/www.cantabriarallye.net\/newcantabriarallye\/wp-content\/uploads\/2021\/pruebas2021\/rfh\/7.jpg\"><\/p>\n<\/div>\n<\/td>\n<\/tr>\n<tr>\n<td colspan=\"1\" rowspan=\"1\">\n<div align=\"center\">\n<p><span style=\"font-family: Verdana, Arial, Helvetica, sans-serif;\">Foto :Javi Aja<\/span><\/p>\n<\/div>\n<\/td>\n<\/tr>\n<tr>\n<td colspan=\"1\" rowspan=\"1\">\n<div align=\"center\">\n<p><img decoding=\"async\" src=\"https:\/\/www.cantabriarallye.net\/newcantabriarallye\/wp-content\/uploads\/2021\/pruebas2021\/rfh\/8.jpg\"><\/p>\n<\/div>\n<\/td>\n<\/tr>\n<tr>\n<td colspan=\"1\" rowspan=\"1\">\n<div align=\"center\">\n<p><span style=\"font-family: Verdana, Arial, Helvetica, sans-serif;\">Foto :Javi Aja<\/span><\/p>\n<\/div>\n<\/td>\n<\/tr>\n<\/tbody>\n<\/table>\n<p>El jueves ya estaba todo montado y era el d\u00eda que se pod\u00edan contemplar todo lo que se hab\u00eda preparado. Una extensa galer\u00eda comercial, pantallas gigantes de v\u00eddeo, con un gran cami\u00f3n escenario y todas las asistencias, que ya estaban preparadas para dar los \u00faltimos retoques a sus maquinas, para comenzar el espect\u00e1culo del motor en Cantabria.<br \/>\nLas horas pasaban \u00abvolando\u00bb, al presenciar todas las asistencias, con todos sus veh\u00edculo \u00abinmaculados\u00bb y prepar\u00e1ndose para las especiales, que nos reservadas la organizaci\u00f3n.<\/p>\n<p>Comenzaba el rugir de los motores, en la tarde del jueves con la disputa del shakedowm o tramo de pruebas, donde los pilotos, pondr\u00edan sus maquinas a punto. El tramo era el t\u00edpico de La Monta\u00f1a, donde los aficionados pod\u00edan tomar contacto con sus veh\u00edculos y preparar un buen \u00absetup\u00bb para realizar el primero de los tramos. Mas de dos horas de coches, pudieron contemplar los aficionados para despu\u00e9s acabar en Torrelavega. Concretamente en la avenida de Espa\u00f1a, justo en el mismo centro de la Ciudad, y que es un ENCLABE prodigioso, para este tipo de evento.<\/p>\n<p>Despu\u00e9s del reagrupamiento en la avenida de Espa\u00f1a, llegaba el primero de los tramos, que era en el Circuito La Roca. El circuito de la Familia Sordo era donde los aficionados al motor, pod\u00edan ver de una manera c\u00f3moda, a los veh\u00edculos de carreras, realizando un tramo espectacular, adem\u00e1s, con la noche como compa\u00f1era. Las declaraciones de los propios pilotos, tan solo eran \u00abalagos\u00bb, para el circuito, donde pod\u00edan dar rienda suelta a su imaginaci\u00f3n. Coches, coches y m\u00e1s coches, para luego llegar al \u00e1rea de servicio Adelma y preparar el veh\u00edculo, para los tramos del viernes.<br \/>\nEspect\u00e1culo NOCTURNO<\/p>\n<p>Ya el propio Viernes, desde bien prontito, la gente acud\u00eda en masa al \u00e1rea de servicio Adelma. Incre\u00edble que \u00abmarabunta\u00bb de gente. Gente venida de todo el territorio nacional, as\u00ed como franceses, Ingleses y Portugueses, que no se quer\u00edan perder este espect\u00e1culo UNICO.<br \/>\nDestacar el Gran Parking GRATUITO que habilitaba la organizaci\u00f3n, donde los veh\u00edculos del publico, compart\u00edan aparcamiento con la multitud de auto-caravanas que ya estaban all\u00ed.<\/p>\n<p>Ya en la ma\u00f1ana del viernes, estaba repleta de actividades, empezando con la foto oficial de equipos,<br \/>\nmomento en el que se juntan todos los veh\u00edculos y participantes en la parcelaria de<br \/>\nEntrambasaguas para dejar inmortalizada la espectacular lista de inscritos. Despu\u00e9s una jornada de firmas en donde pilotos de la talla de Bernardo Card\u00edn, Fernando Garrido, Pat Laracy, Rui Madeira, Jos\u00e9 Calvar, Pablo L\u00f3pez y Jaime Azcona han firmado aut\u00f3grafos a los aficionados.<\/p>\n<p>Despu\u00e9s y antes de la salida protocolaria en la que se han dado cita el presidente de Cantabria, Miguel \u00c1ngel Revilla, as\u00ed como la alcaldesa de Entrambasaguas, Mar\u00eda Jes\u00fas Susinos, la organizaci\u00f3n ha querido rendir homenaje a uno de los pilotos que m\u00e1s ha impulsado el Rallye Festival Hoznayo.<br \/>\nEl piloto homenajeado era Jos\u00e9 Pujol, piloto que nos dejaba en 2019, siendo su mujer Montse y su hija Neus las que recog\u00edan el detalle firmado por todos los integrantes del Adelma Competici\u00f3n.<\/p>\n<p>Llegaban los tramos de la tarde del viernes y comenzaba el espect\u00e1culo propiamente dicho, con la disputa del tramo de G\u00fcemes y Villaverde, este ultimo en dos ocasiones.<br \/>\nEl tramo de G\u00fcemes era un hervidero de gente, con gente, ya perfectamente colocada, con su \u00abcarpa\u00bb y todo desde primerisima hora del viernes. Adem\u00e1s el tramo de G\u00fcemes es uno de los tramos que identifican la prueba, pues es en Bucle, con lo que te puedes cansar de ver coches y m\u00e1s coches de carreras.<br \/>\nVillaverde era el tramo que habr\u00edan el \u00abshow\u00bb y donde los pilotos tomaban contacto en esta segunda secci\u00f3n de la prueba. Despu\u00e9s vendr\u00eda el \u00abarchiconocido\u00bb tramo de G\u00fcemes, para finalizar con otra pasada al tramo de Villaverde, con la Noche como compa\u00f1era y la lluvia que tambi\u00e9n se \u00abun\u00eda\u00bb a la fiesta.<br \/>\nEspect\u00e1culo de primera era lo que estabamos viendo en Hoznayo y esto no hacia mas que comenzar.<\/p>\n<p>Ya en la jornada del s\u00e1bado, la organizaci\u00f3n tenia preparada siete especiales a cada cual, MEJOR. San Antonio Secadura, Llueva y Alisas era la primera secci\u00f3n, para seguir con San Antonio Matienzo y Alisas en la segunda secci\u00f3n y la tercera secci\u00f3n, el tramo mas esperado, como Hermosa y Pe\u00f1a Cabarga.<\/p>\n<p>El espect\u00e1culo estaba servido, con estos tramos, en donde los aficionados se agolpaban. Incre\u00edble la cantidad de gente, que puede arrastrar este espect\u00e1culo del motor. Los accesos estaban colapsados horas antes de que comenzaran las especiales. Incre\u00edble.<br \/>\nNi que decir tiene que en los tramos de la tarde, el de Hermosa y el de Pa\u00f1a Cabarga, era donde m\u00e1s publico que congregaba. APOTEOSICO.<br \/>\nHermosa era especial y Pe\u00f1a Cabarga era emotivo. Terminar en Pe\u00f1a Cabarga, para realizar la t\u00edpica foto y luego descender con todos los aficionados, despidi\u00e9ndose, arrancaban las \u00ablagrimas\u00bb a los pilotos mas aguerridos y tambi\u00e9n a los aficionados.<\/p>\n<p>La guinda del pastel era la llegada al Adelma y el \u00abpasillo humano\u00bb. Incre\u00edble, los aplausos de la gente, las lagrimillas de algunos pilotos pues terminaba el espect\u00e1culo del Rallye festival Hoznayo.<br \/>\nSin lugar a dudas la se\u00f1a de identidad de la prueba, en donde se junta los impresionantes veh\u00edculos, con la afici\u00f3n que veneran a estos veh\u00edculos y a estos grandes pilotos. Muchas lagrimas por parte de todos, pues termina otra edici\u00f3n mas del Rallye festival Hoznayo.<\/p>\n<p>Ahora tan solo pedimos CONTINUIDAD. Este espect\u00e1culo no se tiene que perder y menos en nuestra regi\u00f3n. Esperemos MUCHAS MAS EDICIONES DEL RALLYE FESTIVAL HOZNAYO.<\/p>\n<table align=\"center\" border=\"0\">\n<tbody>\n<tr>\n<td colspan=\"1\" rowspan=\"1\">\n<div align=\"center\">\n<p><b><span style=\"font-size: xx-large;\">LA FOTO<\/span><\/b><\/p>\n<\/div>\n<\/td>\n<\/tr>\n<tr>\n<td colspan=\"1\" rowspan=\"1\">\n<div align=\"center\">\n<p><img decoding=\"async\" src=\"https:\/\/www.cantabriarallye.net\/newcantabriarallye\/wp-content\/uploads\/2021\/pruebas2021\/rfh\/cardin.jpg\"><\/p>\n<\/div>\n<\/td>\n<\/tr>\n<tr>\n<td colspan=\"1\" rowspan=\"1\">\n<div align=\"center\">\n<p><span style=\"font-family: Verdana, Arial, Helvetica, sans-serif;\">La \u00abGuinda del Pastel\u00bb era el \u00abPasillo Humano\u00bb, verdadera se\u00f1a de identidad de la Prueba.<br \/>\nEn la foto Bernando Cardin, que dec\u00eda ADI\u00d3S a la competici\u00f3n en el Rallye Festival Hoznayo<br \/>\nFoto :CantabriaRallye.net<\/span><\/p>\n<\/div>\n<\/td>\n<\/tr>\n<\/tbody>\n<\/table>\n<!-- AddThis Advanced Settings generic via filter on the_content --><!-- AddThis Share Buttons generic via filter on the_content -->","protected":false},"excerpt":{"rendered":"<p>Otra nueva edici\u00f3n del Rallye Festival Hoznayo. Otro nuevo \u00e9xito de Adelma Competici\u00f3n y todo su equipo, que han puesta en marcha esta prueba en unos momentos dif\u00edciles. Hemos podido disfrutar TRES d\u00edas de automovilismo por nuestras carreteras. Los pilotos disputaban las especiales \u00abm\u00edticas\u00bb de Cantabria, exhibiendo sus veh\u00edculos para disfrute de todo el publico, [&hellip;]<!-- AddThis Advanced Settings generic via filter on wp_trim_excerpt --><!-- AddThis Share Buttons generic via filter on wp_trim_excerpt --><\/p>\n","protected":false},"author":2,"featured_media":0,"comment_status":"closed","ping_status":"closed","sticky":false,"template":"","format":"standard","meta":{"_exactmetrics_skip_tracking":false,"_exactmetrics_sitenote_active":false,"_exactmetrics_sitenote_note":"","_exactmetrics_sitenote_category":0,"footnotes":""},"categories":[18],"tags":[],"class_list":["post-5491","post","type-post","status-publish","format-standard","hentry","category-c31-rallyes"],"_links":{"self":[{"href":"https:\/\/www.cantabriarallye.net\/newcantabriarallye\/wp-json\/wp\/v2\/posts\/5491","targetHints":{"allow":["GET"]}}],"collection":[{"href":"https:\/\/www.cantabriarallye.net\/newcantabriarallye\/wp-json\/wp\/v2\/posts"}],"about":[{"href":"https:\/\/www.cantabriarallye.net\/newcantabriarallye\/wp-json\/wp\/v2\/types\/post"}],"author":[{"embeddable":true,"href":"https:\/\/www.cantabriarallye.net\/newcantabriarallye\/wp-json\/wp\/v2\/users\/2"}],"replies":[{"embeddable":true,"href":"https:\/\/www.cantabriarallye.net\/newcantabriarallye\/wp-json\/wp\/v2\/comments?post=5491"}],"version-history":[{"count":7,"href":"https:\/\/www.cantabriarallye.net\/newcantabriarallye\/wp-json\/wp\/v2\/posts\/5491\/revisions"}],"predecessor-version":[{"id":5504,"href":"https:\/\/www.cantabriarallye.net\/newcantabriarallye\/wp-json\/wp\/v2\/posts\/5491\/revisions\/5504"}],"wp:attachment":[{"href":"https:\/\/www.cantabriarallye.net\/newcantabriarallye\/wp-json\/wp\/v2\/media?parent=5491"}],"wp:term":[{"taxonomy":"category","embeddable":true,"href":"https:\/\/www.cantabriarallye.net\/newcantabriarallye\/wp-json\/wp\/v2\/categories?post=5491"},{"taxonomy":"post_tag","embeddable":true,"href":"https:\/\/www.cantabriarallye.net\/newcantabriarallye\/wp-json\/wp\/v2\/tags?post=5491"}],"curies":[{"name":"wp","href":"https:\/\/api.w.org\/{rel}","templated":true}]}}