{"id":5505,"date":"2021-09-25T14:03:15","date_gmt":"2021-09-25T12:03:15","guid":{"rendered":"http:\/\/www.cantabriarallye.net\/newcantabriarallye\/?p=5505"},"modified":"2021-09-25T14:03:16","modified_gmt":"2021-09-25T12:03:16","slug":"eneko-conde-y-loren-serrano-no-paran","status":"publish","type":"post","link":"https:\/\/www.cantabriarallye.net\/newcantabriarallye\/eneko-conde-y-loren-serrano-no-paran\/","title":{"rendered":"Eneko Conde y Loren Serrano, !!NO PARAN\u00a1\u00a1"},"content":{"rendered":"<p>El equipo formado por Eneko Conde y Loren Serrano, consegu\u00edan recientemente la victoria en el Eco Rallye de la Coru\u00f1a, con lo que volv\u00eda a conseguir el campeonato de Espa\u00f1a de energ\u00edas alternativas. (Otro Mas) SEIS t\u00edtulos consecutivos de energ\u00edas alternativas (2016 a 2021).<br \/>\nNi que decir tiene que el equipo C\u00e1ntabro, es el verdadero \u00abkoco\u00bb de las energ\u00edas alternativas (y nunca mejor dicho).<br \/>\nTenemos que decir que el equipo a tenido TRES semanas de dura competici\u00f3n, en sitios bien distintos, consiguiendo la victoria en todos ellos. (Gran Canaria, Eslovenia y La Coru\u00f1a.).<\/p>\n<table align=\"center\" border=\"0\">\n<tbody>\n<tr>\n<td colspan=\"1\" rowspan=\"1\" width=\"130\">\n<div align=\"center\">\n<p><img decoding=\"async\" src=\"https:\/\/www.cantabriarallye.net\/newcantabriarallye\/wp-content\/uploads\/2021\/noticias\/eneko\/coruna-p.jpg\" border=\"0\"><\/p>\n<\/div>\n<\/td>\n<\/tr>\n<tr>\n<td colspan=\"1\" rowspan=\"1\" width=\"130\">\n<div align=\"center\">\n<p><span style=\"font-size: small;\"><span style=\"font-size: small;\">Foto:Prensa E. Conde<\/span><\/span><\/p>\n<\/div>\n<\/td>\n<\/tr>\n<\/tbody>\n<\/table>\n<p><!--more--><\/p>\n<p>Tambi\u00e9n decir que el equipo va a seguir luchando por conseguir la Copa FIA de Energ\u00edas Alternativas.<br \/>\nEl equipo ya esta inscrito en el eRallye de Montecarlo.<br \/>\nQuedan 67.5 puntos por disputarse en la Copa FIA de Regularidad para Veh\u00edculos El\u00e9ctricos y el equipo C\u00e1ntabro saca 27 puntos a sus rivales.<\/p>\n<table align=\"center\" border=\"0\">\n<tbody>\n<tr>\n<td colspan=\"1\" rowspan=\"1\" width=\"130\">\n<div align=\"center\">\n<p><img decoding=\"async\" src=\"https:\/\/www.cantabriarallye.net\/newcantabriarallye\/wp-content\/uploads\/2021\/noticias\/eneko\/coruna-g.jpg\" border=\"0\"><\/p>\n<\/div>\n<\/td>\n<\/tr>\n<tr>\n<td colspan=\"1\" rowspan=\"1\" width=\"130\">\n<div align=\"center\">\n<p><span style=\"font-size: small;\"><span style=\"font-size: small;\">Foto:Prensa E. Conde<\/span><\/span><\/p>\n<\/div>\n<\/td>\n<\/tr>\n<\/tbody>\n<\/table>\n<!-- AddThis Advanced Settings generic via filter on the_content --><!-- AddThis Share Buttons generic via filter on the_content -->","protected":false},"excerpt":{"rendered":"<p>El equipo formado por Eneko Conde y Loren Serrano, consegu\u00edan recientemente la victoria en el Eco Rallye de la Coru\u00f1a, con lo que volv\u00eda a conseguir el campeonato de Espa\u00f1a de energ\u00edas alternativas. (Otro Mas) SEIS t\u00edtulos consecutivos de energ\u00edas alternativas (2016 a 2021). Ni que decir tiene que el equipo C\u00e1ntabro, es el verdadero [&hellip;]<!-- AddThis Advanced Settings generic via filter on wp_trim_excerpt --><!-- AddThis Share Buttons generic via filter on wp_trim_excerpt --><\/p>\n","protected":false},"author":2,"featured_media":0,"comment_status":"closed","ping_status":"closed","sticky":false,"template":"","format":"standard","meta":{"_exactmetrics_skip_tracking":false,"_exactmetrics_sitenote_active":false,"_exactmetrics_sitenote_note":"","_exactmetrics_sitenote_category":0,"footnotes":""},"categories":[37],"tags":[],"class_list":["post-5505","post","type-post","status-publish","format-standard","hentry","category-c58-ultimas-nocicias"],"_links":{"self":[{"href":"https:\/\/www.cantabriarallye.net\/newcantabriarallye\/wp-json\/wp\/v2\/posts\/5505","targetHints":{"allow":["GET"]}}],"collection":[{"href":"https:\/\/www.cantabriarallye.net\/newcantabriarallye\/wp-json\/wp\/v2\/posts"}],"about":[{"href":"https:\/\/www.cantabriarallye.net\/newcantabriarallye\/wp-json\/wp\/v2\/types\/post"}],"author":[{"embeddable":true,"href":"https:\/\/www.cantabriarallye.net\/newcantabriarallye\/wp-json\/wp\/v2\/users\/2"}],"replies":[{"embeddable":true,"href":"https:\/\/www.cantabriarallye.net\/newcantabriarallye\/wp-json\/wp\/v2\/comments?post=5505"}],"version-history":[{"count":2,"href":"https:\/\/www.cantabriarallye.net\/newcantabriarallye\/wp-json\/wp\/v2\/posts\/5505\/revisions"}],"predecessor-version":[{"id":5508,"href":"https:\/\/www.cantabriarallye.net\/newcantabriarallye\/wp-json\/wp\/v2\/posts\/5505\/revisions\/5508"}],"wp:attachment":[{"href":"https:\/\/www.cantabriarallye.net\/newcantabriarallye\/wp-json\/wp\/v2\/media?parent=5505"}],"wp:term":[{"taxonomy":"category","embeddable":true,"href":"https:\/\/www.cantabriarallye.net\/newcantabriarallye\/wp-json\/wp\/v2\/categories?post=5505"},{"taxonomy":"post_tag","embeddable":true,"href":"https:\/\/www.cantabriarallye.net\/newcantabriarallye\/wp-json\/wp\/v2\/tags?post=5505"}],"curies":[{"name":"wp","href":"https:\/\/api.w.org\/{rel}","templated":true}]}}