{"id":5528,"date":"2021-10-17T14:57:56","date_gmt":"2021-10-17T12:57:56","guid":{"rendered":"http:\/\/www.cantabriarallye.net\/newcantabriarallye\/?p=5528"},"modified":"2021-10-17T14:57:57","modified_gmt":"2021-10-17T12:57:57","slug":"pena-y-perez-vencen-en-cobreces","status":"publish","type":"post","link":"https:\/\/www.cantabriarallye.net\/newcantabriarallye\/pena-y-perez-vencen-en-cobreces\/","title":{"rendered":"Pe\u00f1a y P\u00e9rez, vencen en Cobreces"},"content":{"rendered":"<p>Dani Pe\u00f1a y Ra\u00fal P\u00e9rez, consegu\u00edan la victoria en la 37 edici\u00f3n del Rallye de Cobreces, siendo la segunda posici\u00f3n para Luis Vilari\u00f1o y Javier Mart\u00ednez. La tercera posici\u00f3n era para Xabier Lujua y Jes\u00fas Estrada.<br \/>\nEn las diferentes copas y trofeos de Cantabria, destacar a: Jos\u00e9 Manuel Viar y Luis Javier Mart\u00ednez, como l\u00edder en los cl\u00e1sicos de velocidad. La copa AX era para Enrique Mazorra y Marta Santiago, siendo tambi\u00e9n l\u00edder en la Copa Fedima 1.6.<br \/>\nLa Fedima 2.0 era para francisco Santamaria y Enrique Saiz-Pardo, siendo la Copa R2 MRF Tyres para Domingo Estrada y Juan Carral.<br \/>\nLa Copa junior era para Kevin Garc\u00eda, siendo la Copa Pirelli Cantabria, para Ivan Garc\u00eda y Ra\u00fal Pianno,<br \/>\nLa Pirelli Top, era para Dani Pe\u00f1a y Ra\u00fal P\u00e9rez, y la propulsi\u00f3n para Fernando Prada y Patricia Saiz. Excelente prueba organizada por la Escuder\u00eda Cobreces.<\/p>\n<table align=\"center\" border=\"0\">\n<tbody>\n<tr>\n<td>\n<div align=\"center\"><img decoding=\"async\" src=\"https:\/\/www.cantabriarallye.net\/newcantabriarallye\/wp-content\/uploads\/2021\/pruebas2021\/cobreces\/pena.jpg\"><\/div>\n<\/td>\n<\/tr>\n<tr>\n<td>\n<div align=\"center\"><span style=\"font-family: Verdana, Arial, Helvetica, sans-serif;\">Dani Pe\u00f1a y Ra\u00fal P\u00e9rez, consegu\u00edan la<br \/>\nvictoria en Cobreces, ademas de la Pirelli Top.<br \/>\nFoto :CantabriaRallye.net<\/span><\/div>\n<\/td>\n<\/tr>\n<\/tbody>\n<\/table>\n<p><!--more--><\/p>\n<table align=\"right\" border=\"0\">\n<tbody>\n<tr>\n<td>\n<div align=\"center\"><img decoding=\"async\" src=\"https:\/\/www.cantabriarallye.net\/newcantabriarallye\/wp-content\/uploads\/2021\/pruebas2021\/cobreces\/pena.jpg\"><\/div>\n<\/td>\n<\/tr>\n<tr>\n<td>\n<div align=\"center\"><span style=\"font-family: Verdana, Arial, Helvetica, sans-serif;\">Dani Pe\u00f1a y Ra\u00fal P\u00e9rez, consegu\u00edan la<br \/>\nvictoria en Cobreces, ademas de la Fedima Top.<br \/>\nFoto :CantabriaRallye.net<\/span><\/div>\n<\/td>\n<\/tr>\n<tr>\n<td>\n<div align=\"center\"><img decoding=\"async\" src=\"https:\/\/www.cantabriarallye.net\/newcantabriarallye\/wp-content\/uploads\/2021\/pruebas2021\/cobreces\/vilarino.jpg\"><\/div>\n<\/td>\n<\/tr>\n<tr>\n<td>\n<div align=\"center\"><span style=\"font-family: Verdana, Arial, Helvetica, sans-serif;\">Luis Vilari\u00f1o y Javier Mart\u00ednez<br \/>\neran los segundos clasificados.<br \/>\nFoto :CantabriaRallye.net<\/span><\/div>\n<\/td>\n<\/tr>\n<tr>\n<td>\n<div align=\"center\"><img decoding=\"async\" src=\"https:\/\/www.cantabriarallye.net\/newcantabriarallye\/wp-content\/uploads\/2021\/pruebas2021\/cobreces\/lujua.jpg\"><\/div>\n<\/td>\n<\/tr>\n<tr>\n<td>\n<div align=\"center\"><span style=\"font-family: Verdana, Arial, Helvetica, sans-serif;\">Xavier Lujua y Jes\u00fas Estrada eran<br \/>\nlos terceros clasificados.<br \/>\nFoto :CantabriaRallye.net<\/span><\/div>\n<\/td>\n<\/tr>\n<tr>\n<td>\n<div align=\"center\"><img decoding=\"async\" src=\"https:\/\/www.cantabriarallye.net\/newcantabriarallye\/wp-content\/uploads\/2021\/pruebas2021\/cobreces\/prada.jpg\"><\/div>\n<\/td>\n<\/tr>\n<tr>\n<td>\n<div align=\"center\"><span style=\"font-family: Verdana, Arial, Helvetica, sans-serif;\">La propulsi\u00f3n era para Fernando Prada.<br \/>\nFoto :CantabriaRallye.net<\/span><\/div>\n<\/td>\n<\/tr>\n<\/tbody>\n<\/table>\n<p>Otra edici\u00f3n mas del M\u00edtico Rallye de Cobreces, en donde el piloto del equipo Blendio, Dani Pe\u00f1a junto a Ra\u00fal P\u00e9rez, consegu\u00edan la victoria. En esta ocasi\u00f3n Pe\u00f1a, pilotando espectacularmente su Ford Fiesta R5, consegu\u00eda llevar la voz cantante en la mayor\u00eda de los tramos, para despu\u00e9s rodar tranquilo y conservar el liderato de la prueba, hasta llegar victorioso, a la Playa de Lua\u00f1a en Cobreces.<br \/>\nLuis Vilari\u00f1o con su Skoda Fabia R5 era quien ocupaba la segunda posici\u00f3n en el podium final de Cobreces, siendo la tercera posici\u00f3n para Xabier Lujua, con su Hyundai I20 R5.<\/p>\n<p>Bonita lucha que grandes pilotos, que no hacia mas que dar emoci\u00f3n a un Nuevo Rallye de Cobreces, que volv\u00eda a ser un \u00e9xito, de participaci\u00f3n y de organizaci\u00f3n.<br \/>\nYa ten\u00edamos MUCHAS ganas los aficionados de tener el Rallye de Cobreces, un Rallye M\u00edtico, con el que todos hemos crecido automovil\u00edsticamente hablando, con sus tramos habituales y en donde pod\u00edamos ver a todos nuestros pilotos favoritos.<\/p>\n<p>Recordemos que el Rallye de Cobreces, fue el UNICO Rallye de la temporada pasada, cuando no hab\u00eda pruebas por el COVID 19. Para esta ocasi\u00f3n, la nueva organizaci\u00f3n, volv\u00eda a prepararnos un Rallye espectacular, con los tramos que han hecho famosa a la prueba y con una organizaci\u00f3n ejemplar.<\/p>\n<p>De nuevo los tramos de Canales, el de Cig\u00fcenza, el m\u00edtico Tramal\u00f3n o el tramo de Caborredondo, formaban un Rallye, como los de \u00abantes\u00bb para disfrute del publico. 10 especiales en donde la organizaci\u00f3n, no dejaba descansar \u00abnada\u00bb a los pilotos participantes.<\/p>\n<p>La inscripci\u00f3n era muy numerosa, con 83 equipos y cuatro cl\u00e1sicos, lo que nos promet\u00eda una bonita jornada de carreras.<\/p>\n<p>Comenzaba el primero de los tramos, siendo este el tramo del Llano a Canales, un tramo con muchas trampas, en donde se pod\u00eda dar la sorpresa desde primera hora.<br \/>\nEn esta especial el mejor de los cronos era para Dani Pe\u00f1a y Ra\u00fal P\u00e9rez. Pe\u00f1a, en esta ocasi\u00f3n con su Ford Fiesta R5, consegu\u00eda liderar la pasada. El piloto del equipo Blendio, consegu\u00eda un crono de 4:29,79.<br \/>\nPor detr\u00e1s ten\u00edamos a Luis Vilari\u00f1o, con su espectacular Skoda Fabia R5, que se colocaba a tan solo 1,76 segundos del actual l\u00edder.<br \/>\nLa tercera posici\u00f3n era para Pablo Diez, tambi\u00e9n con Skoda Fabia R5, coloc\u00e1ndose a CASI TRES segundos del actual l\u00edder.<br \/>\nXabier Lujua y Pablo Fern\u00e1ndez eran quienes ocupaban la cuarta y quinta posici\u00f3n respectivamente, con unos cronos de 4:34,59 y 4:35,47.<\/p>\n<p>El siguiente tramo en disputarse era el tramo de Cig\u00fcenza a Camarao, otro de los tramos cl\u00e1sicos en el Rallye de Cobreces. De nuevo Dani Pe\u00f1a, volv\u00eda a conseguir el mejor de los registros, siendo este de 4:40,69. El piloto del equipo Blendio, se ha acoplado perfectamente a su nueva montura y los cronos lo avalan.<br \/>\nPor detr\u00e1s ten\u00edamos a Luis Vilari\u00f1o con su Skoda Fabia R5. 3,57 segundos le separaban del actual l\u00edder.<br \/>\nLa tercera poci\u00f3n era para Lujua, con su Hyundai I20 R5 a 4,70 segundos del l\u00edder.<br \/>\nLa cuarta y quinta posici\u00f3n eran para Pablo Fern\u00e1ndez y Pablo Diez. Mitsubishi y Skoda Fabia R5.<br \/>\n4:45,70 y 4:46,05 eran los cronos de ambos pilotos.<\/p>\n<p>Segunda pasada al tramo del el llano, Canales, en donde la clasificaci\u00f3n, variaba un \u00abpoquito\u00bb. Dani pe\u00f1a volv\u00eda a ser el l\u00edder que no ha \u00abdescansado\u00bb, durante toda la prueba, sumando segundos, desde el primer momento, para luego en la tarde, rodar tranquilo. El piloto del equipo Blendio, consegu\u00eda un crono de 4:24,10, lo que le val\u00eda para liderar una vez mas, el tramo.<br \/>\nPor detr\u00e1s ten\u00edamos a Lujua con su Hyundai I20R5, coloc\u00e1ndose a 3.65, segundos del actual l\u00edder, siendo en esta ocasi\u00f3n la tercera posici\u00f3n para Marcos Diego, con su Porsche 977 GT3. El patr\u00f3n del equipo Adelma Competici\u00f3n se colocaba a CINCO segundos del actual l\u00edder del tramo.<br \/>\nLa cuarta posici\u00f3n en esta pasada era para Pablo Diez y Diego Cruz, siendo la quinta posici\u00f3n para Luis Vilari\u00f1o y Javier Mart\u00ednez, ambos con Skoda Fabia R5. 4:30,13 y 4:31,44 eran los cronos de ambos pilotos.<\/p>\n<p>Ultima pasada al tramo de Cig\u00fcenza, en donde Pe\u00f1a vuelve a liderar el tramo, consiguiendo un crono de 4:38,75. La segunda posici\u00f3n en esta especial era para Pablo Diez con su Skoda Fabia R5, colocandose a casi TRES SEGUNDOS Y MEDIO del actual l\u00edder.<br \/>\nEl tercer clasificado era Lujua, siendo Pablo Fern\u00e1ndez, quien ocupaba la cuarta posici\u00f3n, siendo Marcos Diego el quinto clasificado. Lujua consegu\u00eda un crono de 4:42,21, siendo el crono de Fern\u00e1ndez de 4:42,68 y el de Diego, de 4:44,67.<br \/>\nCon esto termin\u00e1bamos los tramos de la ma\u00f1ana. Ahora una asistencia r\u00e1pida en el parking de la playa de comillas y ha disputar los tramos de la tarde.<\/p>\n<p><!--nextpage--><\/p>\n<table align=\"right\" border=\"0\">\n<tbody>\n<tr>\n<td>\n<div align=\"center\"><img decoding=\"async\" src=\"https:\/\/www.cantabriarallye.net\/newcantabriarallye\/wp-content\/uploads\/2021\/pruebas2021\/cobreces\/mazorra.jpg\"><\/div>\n<\/td>\n<\/tr>\n<tr>\n<td>\n<div align=\"center\"><span style=\"font-family: Verdana, Arial, Helvetica, sans-serif;\">La Copa Fedima 1.6 y la copa AX eran para Enrique Mazorra.<br \/>\nFoto :CantabriaRallye.net<\/span><\/div>\n<\/td>\n<\/tr>\n<tr>\n<td>\n<div align=\"center\"><img decoding=\"async\" src=\"https:\/\/www.cantabriarallye.net\/newcantabriarallye\/wp-content\/uploads\/2021\/pruebas2021\/cobreces\/santa.jpg\"><\/div>\n<\/td>\n<\/tr>\n<tr>\n<td>\n<div align=\"center\"><span style=\"font-family: Verdana, Arial, Helvetica, sans-serif;\">La Copa Fedima 2.0 para el espectacular<br \/>\nFrancisco Santamar\u00eda<br \/>\nFoto :CantabriaRallye.net<\/span><\/div>\n<\/td>\n<\/tr>\n<tr>\n<td>\n<div align=\"center\"><img decoding=\"async\" src=\"https:\/\/www.cantabriarallye.net\/newcantabriarallye\/wp-content\/uploads\/2021\/pruebas2021\/cobreces\/estrada.jpg\"><\/div>\n<\/td>\n<\/tr>\n<tr>\n<td>\n<div align=\"center\"><span style=\"font-family: Verdana, Arial, Helvetica, sans-serif;\">La Copa R2 MRF Tyres era para<br \/>\nDomingo Estrada G\u00f3mez.<br \/>\nFoto :CantabriaRallye.net<\/span><\/div>\n<\/td>\n<\/tr>\n<tr>\n<td>\n<div align=\"center\"><img decoding=\"async\" src=\"https:\/\/www.cantabriarallye.net\/newcantabriarallye\/wp-content\/uploads\/2021\/pruebas2021\/cobreces\/kevin.jpg\"><\/div>\n<\/td>\n<\/tr>\n<tr>\n<td>\n<div align=\"center\"><span style=\"font-family: Verdana, Arial, Helvetica, sans-serif;\">Kevin Garc\u00eda, consegu\u00eda el Trofeo Junior,<br \/>\nFoto :CantabriaRallye.net<\/span><\/div>\n<\/td>\n<\/tr>\n<tr>\n<td>\n<div align=\"center\"><img decoding=\"async\" src=\"https:\/\/www.cantabriarallye.net\/newcantabriarallye\/wp-content\/uploads\/2021\/pruebas2021\/cobreces\/ivan.jpg\"><\/div>\n<\/td>\n<\/tr>\n<tr>\n<td>\n<div align=\"center\"><span style=\"font-family: Verdana, Arial, Helvetica, sans-serif;\">Iv\u00e1n Garc\u00eda consegu\u00eda la Copa<br \/>\nPirelli Cantabria.<br \/>\nFoto :CantabriaRallye.net<\/span><\/div>\n<\/td>\n<\/tr>\n<\/tbody>\n<\/table>\n<p>Hasta aqu\u00ed, la prueba estaba liderada por Dani Pe\u00f1a y Ra\u00fal P\u00e9rez, que hab\u00edan conseguido una ventaja de unos QUINCE segundos, con los que jugar\u00edan hasta terminar la prueba. Aun as\u00ed decir que Dani Pe\u00f1a estaba realizando una espectacular prueba, en su segunda intervenci\u00f3n con el Ford Fiesta R5 y que APOSTAMOS que veremos mas esta unidad, dejando atr\u00e1s su Citroen DS3.<br \/>\nXabier Lujua y Luis Vilari\u00f1o eran quienes le segu\u00edan, el primero de ellos con Hyundai I20 R5 y el segundo de ellos, con Skoda Fabia R5.<\/p>\n<p>Comenzaban los tramos de la tarde, en donde el espect\u00e1culo estaba servido, con la disputa del m\u00edtico tramo de Tramal\u00f3n, tramo muy querido por la afici\u00f3n y donde se disputaba tambi\u00e9n el tramo del Camarao Caborredondo. En esta ocasi\u00f3n tres pasadas a cada uno de los tramos.<\/p>\n<p>Comenzaba el Monte, o lo que es lo mismo Tramal\u00f3n, uno de los pocos tramos v\u00edrgenes que aun nos quedan, en donde los \u00ablugare\u00f1os\u00bb, hablaban del poco publico que se encontraba en el m\u00edtico tramo. Aun as\u00ed Tramalon no decepcionaba.<br \/>\nEn este tramo, el mejor de los cronos era para Luis Vilari\u00f1o, siendo la segunda posici\u00f3n para Pablo Diez y la tercera posici\u00f3n para Dani Pe\u00f1a. TODOS ELLOS EN EL MISMO SEGUNDO. Empez\u00e1bamos con el espect\u00e1culo de Tramal\u00f3n, con TRES pilotos con el mismo tiempo. 2:44,18 para Vilari\u00f1o, 2:44,27 para Diez y 2:44,96 para Pe\u00f1a. Incre\u00edble los cronos de estos pilotos.<\/p>\n<p>La cuarta posici\u00f3n era para Oscar corona con su espectacular Mitsubishi, sentando a su derecha a Sara Fern\u00e1ndez. El piloto del Mitsubishi, consegu\u00eda un crono de 2:50,49.<br \/>\nLa quinta posici\u00f3n era para Marcos Diego y Gabino Mart\u00ednez, con su Porsche 977 GT3, con un crono de 2:51,51.<br \/>\nAs\u00ed terminaba Tramal\u00f3n, el m\u00edtico tramo del Rallye de Cobreces. Aun as\u00ed todav\u00eda disfrutar\u00edamos del m\u00edtico tramo en dos pasadas m\u00e1s.<\/p>\n<p>Camarao Caborredondo, era el tramo que se disputaba a continuacion. Pe\u00f1a y P\u00e9rez de nuevo consegu\u00edan el liderato en el tramo. 4:05,58 era el crono del equipo Blendio.<br \/>\nPor detr\u00e1s ten\u00edamos a Lujua con su Hyundai, coloc\u00e1ndose a 3,46 del actual l\u00edder siendo la tercera posici\u00f3n para Luis Vilari\u00f1o, que consegu\u00eda EL MISMO registro que Lujua, tan solo diferenciados por unas cent\u00e9simas de segundo. 223 cent\u00e9simas de segundo, era la diferencia entre ambos pilotos.<\/p>\n<p>Marcos Diego y Oscar Corona eran quienes ocupaban la cuarta y quinta posici\u00f3n respectivamente. 4:10,60 y 4:12,22 eran los cronos de ambos pilotos.<\/p>\n<p>Segunda pasada al tramo del Monte. Tramal\u00f3n en estado puro.<br \/>\nEn esta especial el mejor de los cronos era para Luis Vilari\u00f1o. El piloto Gallego consegu\u00eda el mejor de los cronos, siendo este de 2:43,70.<br \/>\nPor detr\u00e1s ten\u00edamos a Dani Pe\u00f1a a 377 cent\u00e9simas de segundos, siendo la tercera posici\u00f3n para Pablo Fern\u00e1ndez y Alvaro Guti\u00e9rrez a poco MAS DE DOS SEGUNDOS Y MEDIO del l\u00edder.<br \/>\nOscar Corona y Sara Fern\u00e1ndez, ocupaban la cuarta posici\u00f3n a TRES SEGUNDOS Y MEDIO del l\u00edder, siendo la quinta posici\u00f3n para Xabier Lujua y Jes\u00fas Estrada, con un crono final de 2:50,52.<\/p>\n<p>Segunda pasada al tramo del Camarao. De nuevo lucha de TITANES en esta especial. Dani Pe\u00f1a y Luis Vilari\u00f1o, consiguen el mismo crono. Los dos veh\u00edculo R5, \u00abexprimidos\u00bb a tope.<br \/>\n4:05,37 era el crono de Pe\u00f1a y 4:05,39 era el crono de Vilari\u00f1o.<br \/>\nPablo Fern\u00e1ndez y \u00c1lvaro Guti\u00e9rrez eran los terceros clasificados, coloc\u00e1ndose a DOS SEGUNDOS Y MEDIO del actual l\u00edder, siendo la cuarta y quinta posici\u00f3n para Oscar Corona y Toni Ariete. Corona consegu\u00eda un crono de 4:10,21 siendo el crono de Ariete de 4:14,47.<\/p>\n<p>Ultima pasada al tramo de Tramal\u00f3n. El espect\u00e1culo, de Tramal\u00f3n DUPLICADO con la noche, como compa\u00f1era.<br \/>\nEn esta especial e mejor de los cronos volv\u00eda a ser para Dani Pe\u00f1a y Ra\u00fal P\u00e9rez. El piloto de Blendio, estaba realizando un espectacular Rallye de Cobreces, poniendo la \u00abguinda\u00bb a una gran actuaci\u00f3n, con su nueva montura. Pe\u00f1a consegu\u00eda un crono de 2:45,15.<br \/>\nLa sorpresa la ten\u00edamos en la segunda posici\u00f3n que era otro viejo conocido de los rallyes de Cantabria. La segunda posici\u00f3n con EL MISMO crono que Pe\u00f1a era para Oscar Corona con su Mitsubishi. Espectacular la lucha entre estos dos pilotos CANTABROS. 2:45,70 era el crono de Corona.<br \/>\nLa tercera posici\u00f3n era para Lujua a CASI TRES segundos del actual l\u00edder, siendo la cuarta posici\u00f3n para Pablo Fern\u00e1ndez y \u00c1lvaro Guti\u00e9rrez a CUATRO segundos del l\u00edder.<br \/>\nLuis Vilari\u00f1o con su Skoda Fabia, era el quinto clasificado, con un crono de 2:50,80.<\/p>\n<p>Y llegaba el ultimo tramo del Rallye de Cobreces. El tramo del Camarao. En esta ocasi\u00f3n Lujua consigue el mejor de los cronos siendo este de 4:06.12, siendo la segunda posici\u00f3n para Dani Pe\u00f1a que se colocaba por detr\u00e1s con un crono de 4:07.22.<br \/>\nEl tercer clasificado era Pablo Fern\u00e1ndez y \u00c1lvaro Guti\u00e9rrez, con EL MISMO crono que Pe\u00f1a, tan solo diferenciando en unas cent\u00e9simas de segundo, siendo finalmente de 422 cent\u00e9simas de segundo.<\/p>\n<p>La cuarta y la quinta posici\u00f3n eran para Luis Vilari\u00f1o y Oscar corona. 4:08,60 y 4:09,31 eran los cronos de estos dos pilotos.<\/p>\n<p>Finalmente con los cronos en la mano, el l\u00edder de la prueba era Dani Pe\u00f1a y Ra\u00fal P\u00e9rez, que domino desde el principio, consiguiendo unos \u00absegundos\u00bb preciosos en los primeros tramos de la ma\u00f1ana, para despu\u00e9s rodar tranquilo, en los tramos de la tarde y conseguir aguantar los \u00abenvites\u00bb de sus adversarios.<br \/>\nLa segunda posici\u00f3n era para Luis Vilari\u00f1o, que se \u00abapropio\u00bb de esta posici\u00f3n, hasta el final de la prueba.<br \/>\nEl tercer clasificado era Xabier Lujua y Jes\u00fas Estrada.<br \/>\n.<br \/>\nEn las diferentes copas y trofeos de Cantabria, destacar a:<br \/>\nLos cl\u00e1sicos de Velocidad, eran para Jos\u00e9 Manuel Viar y Luis Javier Mart\u00ednez<\/p>\n<p>La copa AX era para Enrique Mazorra y Marta Santiago, siendo la segunda posici\u00f3n para Alfonso Gonz\u00e1lez y Sonia P\u00e9rez. El tercer clasificado era Carlos Cabrales y Mario Gonz\u00e1lez.<\/p>\n<p>La copa Fedima 1.6 era para Enrique Mazorra y Marta Santiago, siendo la segunda posici\u00f3n para Ramiro Garc\u00eda y Rub\u00e9n G\u00f3mez. La tercera posici\u00f3n era para Ivan Diez y Alberto Alberdi.<\/p>\n<p>La Fedima 2.0 era para francisco Santamaria y Enrique Saiz-Pardo, siendo la segunda posici\u00f3n para Pablo Gracia y Elena Sainz. El tercer clasificado era Luis Angel Gonz\u00e1lez y Adri\u00e1n Ram\u00edrez.<\/p>\n<p>La copa R2 MRF Tyres era para Domingo Estrada y Juan Carral, siendo la segunda posici\u00f3n para Gerardo Gonz\u00e1lez y Diego Fuentes. El tercer clasificado era Daniel del Villar y Helena Carrasco.<\/p>\n<p>La copa junior era para Kevin Garc\u00eda, siendo la segunda posici\u00f3n para Diego Campo. El tercer clasificado era Jairo G\u00f3mez.<\/p>\n<p>La copa Pirelli Cantabria, era para Ivan Garc\u00eda y Ra\u00fal Pianno, siendo la segunda posici\u00f3n para Ramiro G\u00f3mez y Lorenzo Fern\u00e1ndez. El tercer clasificado era Mariano Lav\u00edn y Yasmina Alcega.<\/p>\n<p>La Pirelli Cantabria Top, era para Dani Pe\u00f1a y Ra\u00fal P\u00e9rez, siendo la segunda posici\u00f3n para Xabier Lujua y Jes\u00fas Estrada. El tercer clasificado era Fernando Prada y Patricia Saiz.<\/p>\n<p>La propulsi\u00f3n era para Fernando Prada y Patricia Saiz, siendo la segunda posici\u00f3n para Mariano Lav\u00edn y Yasmina Acega. El tercer clasificado era Jairo Bengoechea y Sergio Fern\u00e1ndez.<\/p>\n<p>As\u00ed terminaba una nueva edici\u00f3n del Rallye de Cobreces, espectacular prueba organizada por la nueva escuder\u00eda Cobreces, para deleite de todos los aficionados que all\u00ed nos reunimos.<br \/>\nPodemos adelantar que con la nueva escuder\u00eda Cobreces, esperamos tener Rallye de Cobreces, para rato, por su carisma, buen hacer y ganas de hacer las cosas bien. El a\u00f1o que viene, nos vemos en Cobreces si Dios quiere.<\/p>\n<p>&nbsp;<\/p>\n<!-- AddThis Advanced Settings generic via filter on the_content --><!-- AddThis Share Buttons generic via filter on the_content -->","protected":false},"excerpt":{"rendered":"<p>Dani Pe\u00f1a y Ra\u00fal P\u00e9rez, consegu\u00edan la victoria en la 37 edici\u00f3n del Rallye de Cobreces, siendo la segunda posici\u00f3n para Luis Vilari\u00f1o y Javier Mart\u00ednez. La tercera posici\u00f3n era para Xabier Lujua y Jes\u00fas Estrada. En las diferentes copas y trofeos de Cantabria, destacar a: Jos\u00e9 Manuel Viar y Luis Javier Mart\u00ednez, como l\u00edder [&hellip;]<!-- AddThis Advanced Settings generic via filter on wp_trim_excerpt --><!-- AddThis Share Buttons generic via filter on wp_trim_excerpt --><\/p>\n","protected":false},"author":2,"featured_media":0,"comment_status":"closed","ping_status":"closed","sticky":false,"template":"","format":"standard","meta":{"_exactmetrics_skip_tracking":false,"_exactmetrics_sitenote_active":false,"_exactmetrics_sitenote_note":"","_exactmetrics_sitenote_category":0,"footnotes":""},"categories":[18],"tags":[],"class_list":["post-5528","post","type-post","status-publish","format-standard","hentry","category-c31-rallyes"],"_links":{"self":[{"href":"https:\/\/www.cantabriarallye.net\/newcantabriarallye\/wp-json\/wp\/v2\/posts\/5528","targetHints":{"allow":["GET"]}}],"collection":[{"href":"https:\/\/www.cantabriarallye.net\/newcantabriarallye\/wp-json\/wp\/v2\/posts"}],"about":[{"href":"https:\/\/www.cantabriarallye.net\/newcantabriarallye\/wp-json\/wp\/v2\/types\/post"}],"author":[{"embeddable":true,"href":"https:\/\/www.cantabriarallye.net\/newcantabriarallye\/wp-json\/wp\/v2\/users\/2"}],"replies":[{"embeddable":true,"href":"https:\/\/www.cantabriarallye.net\/newcantabriarallye\/wp-json\/wp\/v2\/comments?post=5528"}],"version-history":[{"count":1,"href":"https:\/\/www.cantabriarallye.net\/newcantabriarallye\/wp-json\/wp\/v2\/posts\/5528\/revisions"}],"predecessor-version":[{"id":5530,"href":"https:\/\/www.cantabriarallye.net\/newcantabriarallye\/wp-json\/wp\/v2\/posts\/5528\/revisions\/5530"}],"wp:attachment":[{"href":"https:\/\/www.cantabriarallye.net\/newcantabriarallye\/wp-json\/wp\/v2\/media?parent=5528"}],"wp:term":[{"taxonomy":"category","embeddable":true,"href":"https:\/\/www.cantabriarallye.net\/newcantabriarallye\/wp-json\/wp\/v2\/categories?post=5528"},{"taxonomy":"post_tag","embeddable":true,"href":"https:\/\/www.cantabriarallye.net\/newcantabriarallye\/wp-json\/wp\/v2\/tags?post=5528"}],"curies":[{"name":"wp","href":"https:\/\/api.w.org\/{rel}","templated":true}]}}