{"id":5579,"date":"2021-11-21T20:24:06","date_gmt":"2021-11-21T18:24:06","guid":{"rendered":"http:\/\/www.cantabriarallye.net\/newcantabriarallye\/?p=5579"},"modified":"2021-11-21T20:24:07","modified_gmt":"2021-11-21T18:24:07","slug":"fernandez-y-gutierrez-lideres-en-el-valle-del-nansa","status":"publish","type":"post","link":"https:\/\/www.cantabriarallye.net\/newcantabriarallye\/fernandez-y-gutierrez-lideres-en-el-valle-del-nansa\/","title":{"rendered":"Fern\u00e1ndez y Guti\u00e9rrez, lideres en el Valle del Nansa."},"content":{"rendered":"<p>Pablo Fern\u00e1ndez y \u00c1lvaro Guti\u00e9rrez consegu\u00edan la victoria en la I edici\u00f3n del Rallysprint Valle del Nansa. La segunda posici\u00f3n era para Oscar Corona y Angel Muriedas, con su espectacular Mitsubishi. La tercera posici\u00f3n era para Sergio D\u00edaz e Ivan D\u00edaz.<br \/>\nEn las diferentes copas y trofeos de Cantabria, destacar a Alfredo Cacicedo, que lideraban los cl\u00e1sicos de Velocidad, el trofeo junior era para Pablo Puente siendo la propulsi\u00f3n para Fernando Prada . Una nueva cita, en el Valle del Nansa, organizada magn\u00edficamente por la escuder\u00eda Club Racing El Tramo<\/p>\n<table border=\"0\" align=\"center\">\n<tbody>\n<tr>\n<td>\n<div align=\"center\"><img decoding=\"async\" src=\"https:\/\/www.cantabriarallye.net\/newcantabriarallye\/wp-content\/uploads\/2021\/pruebas2021\/puentenansa\/pablo.jpg\" \/><\/div>\n<\/td>\n<\/tr>\n<tr>\n<td>\n<div align=\"center\"><span style=\"font-family: Verdana, Arial, Helvetica, sans-serif;\">Pablo Fern\u00e1ndez y Alvaro Guti\u00e9rrez, consegu\u00edan<br \/>\nimponerse en el el Rallysprint Valle del Nansa.<br \/>\nFoto :CantabriaRallye.net<\/span><\/div>\n<\/td>\n<\/tr>\n<\/tbody>\n<\/table>\n<p><!--more--><\/p>\n<table border=\"0\" align=\"right\">\n<tbody>\n<tr>\n<td>\n<div align=\"center\"><img decoding=\"async\" src=\"https:\/\/www.cantabriarallye.net\/newcantabriarallye\/wp-content\/uploads\/2021\/pruebas2021\/puentenansa\/pablo.jpg\" \/><\/div>\n<\/td>\n<\/tr>\n<tr>\n<td>\n<div align=\"center\"><span style=\"font-family: Verdana, Arial, Helvetica, sans-serif;\">Pablo Fern\u00e1ndez y Alvaro Guti\u00e9rrez, consegu\u00edan<br \/>\nimponerse en el el Rallysprint Valle del Nansa.<br \/>\nFoto :CantabriaRallye.net<\/span><\/div>\n<\/td>\n<\/tr>\n<tr>\n<td>\n<div align=\"center\"><img decoding=\"async\" src=\"https:\/\/www.cantabriarallye.net\/newcantabriarallye\/wp-content\/uploads\/2021\/pruebas2021\/puentenansa\/corona.jpg\" \/><\/div>\n<\/td>\n<\/tr>\n<tr>\n<td>\n<div align=\"center\"><span style=\"font-family: Verdana, Arial, Helvetica, sans-serif;\">Oscar Corona y Angel Muriedas eran<br \/>\nlos segundos clasificados<br \/>\nFoto :CantabriaRallye.net<\/span><\/div>\n<\/td>\n<\/tr>\n<tr>\n<td>\n<div align=\"center\"><img decoding=\"async\" src=\"https:\/\/www.cantabriarallye.net\/newcantabriarallye\/wp-content\/uploads\/2021\/pruebas2021\/puentenansa\/sergio.jpg\" \/><\/div>\n<\/td>\n<\/tr>\n<tr>\n<td>\n<div align=\"center\"><span style=\"font-family: Verdana, Arial, Helvetica, sans-serif;\">La tercera posici\u00f3n era para Sergio D\u00edaz.<br \/>\nFoto :CantabriaRallye.net<\/span><\/div>\n<\/td>\n<\/tr>\n<\/tbody>\n<\/table>\n<p>Una nueva prueba llegaba a nuestro regional. Concretamente el Rallysprint Valle del Nansa, una nueva cita, que un grupo de aficionados a la zona, pon\u00eda en marcha.<br \/>\nMagnifica zona de Cantabria, con unos parajes incre\u00edbles y unos tramos, TAMBIEN.<br \/>\nEl tramo a disputarse, era el t\u00edpico de Riclones a Puentenansa, que se celebraba en algunas ediciones del Rallye Caja Cantabria, as\u00ed como en algunos otros Rallyes, con algunas modificaciones.<\/p>\n<p>As\u00ed nac\u00eda el Club Racing El Tramo, para organizar esta prueba.<br \/>\n(Que mejor nombre, que El Tramo, en honor al Bar de Rallyes, que estuvo mucho tiempo en Puentenansa, regentado por \u00abPeto\u00bb, otro verdadero quemado de las carreras.)<\/p>\n<p>En el terreno deportivo, decir que el campeonato de Rallysprint, se pod\u00eda decidir en esta prueba, pues tan solo hab\u00eda UN PUNTO de diferencia entre los dos pilotos con opciones al titulo.<br \/>\nEn esta ocasi\u00f3n, el tramo se disputar\u00eda en tres ocasiones y las tres en el mismo sentido, \u00f3sea de Riclones a Puentenansa.<\/p>\n<p>Comenzaba la primera de las pasadas con puntualidad BRITANICA, en donde los pilotos, volver\u00edan a pelear por la victoria. En la primera de las pasadas, el mejor de los cronos ya era para Jos\u00e9 Manuel Mora e Ivan Bajo. El piloto asturiano, en esta ocasi\u00f3n con su espectacular Subaru Impreza N14 STI, comenzaba fort\u00edsimo, y no daba opci\u00f3n a sus adversarios.<br \/>\nMora paraba el crono en 8:46,96. Por detr\u00e1s de Mora, ten\u00edamos a Pablo Fern\u00e1ndez y \u00c1lvaro Guti\u00e9rrez, que era uno de los pilotos que se \u00abjugaban\u00bb el campeonato en esta prueba. Pablo y \u00c1lvaro se colocaban a DIEZ segundos del actual l\u00edder del tramo.<\/p>\n<p>La tercera posici\u00f3n era para Sergio e Ivan D\u00edaz. El Piloto del Mitsubishi, rodaba muy fuerte con su Mitsubishi y se colocaba a DIECISIETE segundos del actual l\u00edder del tramo, siendo la cuarta y la quinta posici\u00f3n para Oscar Corona y Fernando Prada.<br \/>\nCorona con su Mitsubishi, consegu\u00eda un crono de 9:10,87, siendo el crono de Prada de 9:23,41.<br \/>\nPrada era otro de los pilotos con opciones al titulo regional de Rallysprint, pues la diferencia entre Pablo Fern\u00e1ndez y Fernando Prada, tan solo era de UN punto.<\/p>\n<p>Aun as\u00ed quedaba mucho Rallysprint por delante y pod\u00eda pasar de todo. Tan solo estabamos en el comienzo de la prueba.<\/p>\n<p>Despu\u00e9s de una peque\u00f1a asistencia, comenzaba la siguiente pasada en el mismo sentido. Por delante ten\u00edamos 15 kil\u00f3metros de tramo, espectacular, donde los pilotos y sus monturas, estar\u00edan d\u00e1ndolo todo para estar lo mas arriba posible en la clasificaci\u00f3n.<br \/>\nEn esta especial, el mejor de los cronos ya era para Pablo Fern\u00e1ndez y \u00c1lvaro Guti\u00e9rrez. El equipo de \u00abLa Busta\u00bb, consegu\u00eda el scratch en esta pasada, parando el crono en 8:50,78. El objetivo se estaba cumpliendo.<br \/>\nLa segunda posici\u00f3n en esta especial, era para Oscar corona copilotado por Angel Muriedas a OCHO segundos del l\u00edder, siendo la tercera posici\u00f3n para Sergio D\u00edaz e Ivan D\u00edaz, que lo estaban haciendo MUY BIEN con su Mitsubishi. 9:00,25 era el crono de Sergio e Ivan.<\/p>\n<p>Fernando Prada y Patria Saiz, consegu\u00edan la cuarta posici\u00f3n. El piloto del BMW, consegu\u00eda un crono de 9:12.33. el quito clasificado era Rub\u00e9n Hoyos y V\u00edctor Gonz\u00e1lez con su espectacular Peugeot 206 R3.<br \/>\nIncre\u00edble, como estaba discurriendo este Rallysprint Valle del Nansa.<\/p>\n<p><!--nextpage--><\/p>\n<table border=\"0\" align=\"right\">\n<tbody>\n<tr>\n<td>\n<div align=\"center\"><img decoding=\"async\" src=\"https:\/\/www.cantabriarallye.net\/newcantabriarallye\/wp-content\/uploads\/2021\/pruebas2021\/puentenansa\/prada.jpg\" \/><\/div>\n<\/td>\n<\/tr>\n<tr>\n<td>\n<div align=\"center\"><span style=\"font-family: Verdana, Arial, Helvetica, sans-serif;\">Prada era el l\u00edder de la propulsi\u00f3n.<br \/>\nFoto :CantabriaRallye.net<\/span><\/div>\n<\/td>\n<\/tr>\n<tr>\n<td>\n<div align=\"center\"><img decoding=\"async\" src=\"https:\/\/www.cantabriarallye.net\/newcantabriarallye\/wp-content\/uploads\/2021\/pruebas2021\/puentenansa\/pablopuente.jpg\" \/><\/div>\n<\/td>\n<\/tr>\n<tr>\n<td>\n<div align=\"center\"><span style=\"font-family: Verdana, Arial, Helvetica, sans-serif;\">Pablo Puente y Eva Bernardos, eran los<br \/>\nl\u00edderes en el trofeo Junior.<br \/>\nFoto :CantabriaRallye.net<\/span><\/div>\n<\/td>\n<\/tr>\n<tr>\n<td>\n<div align=\"center\"><img decoding=\"async\" src=\"https:\/\/www.cantabriarallye.net\/newcantabriarallye\/wp-content\/uploads\/2021\/pruebas2021\/puentenansa\/cacicedo.jpg\" \/><\/div>\n<\/td>\n<\/tr>\n<tr>\n<td>\n<div align=\"center\"><span style=\"font-family: Verdana, Arial, Helvetica, sans-serif;\">Los cl\u00e1sicos de velocidad para Cacicedo.<br \/>\nFoto :CantabriaRallye.net<\/span><\/div>\n<\/td>\n<\/tr>\n<\/tbody>\n<\/table>\n<p>Ultima pasada, en el mismo sentido. La prueba estaba saliendo a las mil maravillas y sin ning\u00fan retraso.<br \/>\nComenzaba el ultimo de los tramos, de nuevo de Riclones a Puentenansa. Esta seria la ultima especial, para completar la prueba.<\/p>\n<p>En esta ocasi\u00f3n el mejor de los cronos era para Oscar Corona y Angel Muriedas. El piloto del Mitsubishi, lo estaba haciendo muy bien y prueba de ello, eran estos magn\u00edficos cronos que estaba consiguiendo. Bonita lucha entre Oscar Corona y Sergio D\u00edaz, por conseguir una mejor posici\u00f3n en el podium final de Puente Nansa.<br \/>\nEl crono conseguido en esta especial, le val\u00eda al piloto patrocinado por \u00abExcavaciones Corona\u00bb, para ocupar la segunda posici\u00f3n en el podium final.<br \/>\nComo dec\u00edamos anteriormente, corona era quien consegu\u00eda el mejor de los cronos, siendo este de 8:50,01, siendo la segunda posici\u00f3n para Pablo Fern\u00e1ndez y \u00c1lvaro Guti\u00e9rrez, que hab\u00edan estado corriendo toda la prueba \u00abcon la calculadora\u00bb, conscientes de que esta actuaci\u00f3n era primordial.<br \/>\nCUATRO segundos le separan del actual l\u00edder del tramo.<\/p>\n<p>La tercera posici\u00f3n, era para Sergio e Ivan D\u00edaz, coloc\u00e1ndose a CINCO SEGUNDOS Y MEDIO del actual l\u00edder del tramo.<br \/>\nLa cuarta posici\u00f3n era para Fernando Prada a VEINDIDOS segundos del actual l\u00edder, siendo la quinta posici\u00f3n para Jos\u00e9 Antonio Onandia y Fidel Vald\u00e9s, que con su Subaru Impreza WRX, consegu\u00edan un crono de 9:14,50.<\/p>\n<p>Finalmente el pod\u00edan del Rallysprint del Valle del Nansa, era para Pablo Fern\u00e1ndez y \u00c1lvaro Guti\u00e9rrez, siendo la segunda posici\u00f3n para Oscar Corona y Angel Muriedas.<br \/>\nSergio e Ivan D\u00edaz eran quienes ocupaban finalmente la tercera posici\u00f3n.<\/p>\n<p>En las diferentes copas y trofeos de Cantabria, tenemos que destacar a<br \/>\nLos cl\u00e1sicos de Velocidad eran para Alfredo Cacicedo y Ernesto Cacicedo.<br \/>\nEl trofeo junior era para Pablo Puente y Eva Bernardos.<br \/>\nLa propulsi\u00f3n era para Fernando Prada y Patricia Saiz, siendo la segunda posici\u00f3n para Mariano Lav\u00edn y Yasmina Alcega. El tercer clasificado era Manuel Rodr\u00edguez y Ra\u00fal Kardos.<\/p>\n<p>As\u00ed terminaba esta nueva edici\u00f3n del Rallysprint Valle del Nansa, organizada perfectamente por la nueva escuder\u00eda Club Racing El Tramo.<\/p>\n<!-- AddThis Advanced Settings generic via filter on the_content --><!-- AddThis Share Buttons generic via filter on the_content -->","protected":false},"excerpt":{"rendered":"<p>Pablo Fern\u00e1ndez y \u00c1lvaro Guti\u00e9rrez consegu\u00edan la victoria en la I edici\u00f3n del Rallysprint Valle del Nansa. La segunda posici\u00f3n era para Oscar Corona y Angel Muriedas, con su espectacular Mitsubishi. La tercera posici\u00f3n era para Sergio D\u00edaz e Ivan D\u00edaz. En las diferentes copas y trofeos de Cantabria, destacar a Alfredo Cacicedo, que lideraban [&hellip;]<!-- AddThis Advanced Settings generic via filter on wp_trim_excerpt --><!-- AddThis Share Buttons generic via filter on wp_trim_excerpt --><\/p>\n","protected":false},"author":2,"featured_media":0,"comment_status":"closed","ping_status":"closed","sticky":false,"template":"","format":"standard","meta":{"_exactmetrics_skip_tracking":false,"_exactmetrics_sitenote_active":false,"_exactmetrics_sitenote_note":"","_exactmetrics_sitenote_category":0,"footnotes":""},"categories":[21],"tags":[],"class_list":["post-5579","post","type-post","status-publish","format-standard","hentry","category-c40-rallysprint"],"_links":{"self":[{"href":"https:\/\/www.cantabriarallye.net\/newcantabriarallye\/wp-json\/wp\/v2\/posts\/5579","targetHints":{"allow":["GET"]}}],"collection":[{"href":"https:\/\/www.cantabriarallye.net\/newcantabriarallye\/wp-json\/wp\/v2\/posts"}],"about":[{"href":"https:\/\/www.cantabriarallye.net\/newcantabriarallye\/wp-json\/wp\/v2\/types\/post"}],"author":[{"embeddable":true,"href":"https:\/\/www.cantabriarallye.net\/newcantabriarallye\/wp-json\/wp\/v2\/users\/2"}],"replies":[{"embeddable":true,"href":"https:\/\/www.cantabriarallye.net\/newcantabriarallye\/wp-json\/wp\/v2\/comments?post=5579"}],"version-history":[{"count":1,"href":"https:\/\/www.cantabriarallye.net\/newcantabriarallye\/wp-json\/wp\/v2\/posts\/5579\/revisions"}],"predecessor-version":[{"id":5580,"href":"https:\/\/www.cantabriarallye.net\/newcantabriarallye\/wp-json\/wp\/v2\/posts\/5579\/revisions\/5580"}],"wp:attachment":[{"href":"https:\/\/www.cantabriarallye.net\/newcantabriarallye\/wp-json\/wp\/v2\/media?parent=5579"}],"wp:term":[{"taxonomy":"category","embeddable":true,"href":"https:\/\/www.cantabriarallye.net\/newcantabriarallye\/wp-json\/wp\/v2\/categories?post=5579"},{"taxonomy":"post_tag","embeddable":true,"href":"https:\/\/www.cantabriarallye.net\/newcantabriarallye\/wp-json\/wp\/v2\/tags?post=5579"}],"curies":[{"name":"wp","href":"https:\/\/api.w.org\/{rel}","templated":true}]}}