{"id":5623,"date":"2021-12-29T15:59:15","date_gmt":"2021-12-29T13:59:15","guid":{"rendered":"http:\/\/www.cantabriarallye.net\/newcantabriarallye\/?p=5623"},"modified":"2021-12-30T16:58:04","modified_gmt":"2021-12-30T14:58:04","slug":"sara-fernandez-premiada-por-la-apdc","status":"publish","type":"post","link":"https:\/\/www.cantabriarallye.net\/newcantabriarallye\/sara-fernandez-premiada-por-la-apdc\/","title":{"rendered":"Sara Fern\u00e1ndez, premiada por la APDC"},"content":{"rendered":"<p>La camarguesa Sara Fern\u00e1ndez, que recientemente consegu\u00eda \u00e9l titulo de Campeona de Europa de Copilotos, recib\u00eda un nuevo premio.<br \/>\nEn esta ocasi\u00f3n la Asociaci\u00f3n de la Prensa Deportiva de Cantabria, le otorgaba el premio a la Gesta Deportiva a la copiloto de Camargo en la gala que se celebraba el pasado 28 de diciembre en el Palacio de Festivales de Santander.<\/p>\n<table align=\"center\" border=\"0\">\n<tbody>\n<tr>\n<td colspan=\"1\" rowspan=\"1\" width=\"130\">\n<div align=\"center\">\n<p><img decoding=\"async\" src=\"https:\/\/www.cantabriarallye.net\/newcantabriarallye\/wp-content\/uploads\/2021\/noticias\/varios\/sara\/saraportada.jpg\" border=\"0\"><\/p>\n<\/div>\n<\/td>\n<\/tr>\n<tr>\n<td colspan=\"1\" rowspan=\"1\" width=\"130\">\n<div align=\"center\">\n<p><span style=\"font-size: small;\">Foto:Sara Fern\u00e1ndez<\/span><\/p>\n<\/div>\n<\/td>\n<\/tr>\n<\/tbody>\n<\/table>\n<p><!--more--><\/p>\n<p>Seguros estamos que Sara nos traer\u00e1 nuevos premios para la \u00abtierruca\u00bb. Tambi\u00e9n decir que los que la hemos visto crecer deportivamente hablando, recordamos sus primeras victorias junto a Oscar Corona, tambi\u00e9n en el 2014, cuando consegu\u00eda el campeonato de Espa\u00f1a de copilotos femeninos. Los buenos resultados en la Adam R2, compilotando a \u00c1ngela Vilari\u00f1o o los excelentes resultados, ya con Efren Llarena en la Copa Suzuky, entre otros premios conseguidos.<\/p>\n<table align=\"center\" border=\"0\">\n<tbody>\n<tr>\n<td colspan=\"1\" rowspan=\"1\" width=\"130\">\n<div align=\"center\">\n<p><img decoding=\"async\" src=\"https:\/\/www.cantabriarallye.net\/newcantabriarallye\/wp-content\/uploads\/2021\/noticias\/varios\/sara\/sara.jpg\" border=\"0\"><\/p>\n<\/div>\n<\/td>\n<\/tr>\n<tr>\n<td colspan=\"1\" rowspan=\"1\" width=\"130\">\n<div align=\"center\">\n<p><span style=\"font-size: small;\">Foto:Sara Fern\u00e1ndez<\/span><\/p>\n<\/div>\n<\/td>\n<\/tr>\n<\/tbody>\n<\/table>\n<!-- AddThis Advanced Settings generic via filter on the_content --><!-- AddThis Share Buttons generic via filter on the_content -->","protected":false},"excerpt":{"rendered":"<p>La camarguesa Sara Fern\u00e1ndez, que recientemente consegu\u00eda \u00e9l titulo de Campeona de Europa de Copilotos, recib\u00eda un nuevo premio. En esta ocasi\u00f3n la Asociaci\u00f3n de la Prensa Deportiva de Cantabria, le otorgaba el premio a la Gesta Deportiva a la copiloto de Camargo en la gala que se celebraba el pasado 28 de diciembre en [&hellip;]<!-- AddThis Advanced Settings generic via filter on wp_trim_excerpt --><!-- AddThis Share Buttons generic via filter on wp_trim_excerpt --><\/p>\n","protected":false},"author":2,"featured_media":0,"comment_status":"closed","ping_status":"closed","sticky":false,"template":"","format":"standard","meta":{"_exactmetrics_skip_tracking":false,"_exactmetrics_sitenote_active":false,"_exactmetrics_sitenote_note":"","_exactmetrics_sitenote_category":0,"footnotes":""},"categories":[37],"tags":[],"class_list":["post-5623","post","type-post","status-publish","format-standard","hentry","category-c58-ultimas-nocicias"],"_links":{"self":[{"href":"https:\/\/www.cantabriarallye.net\/newcantabriarallye\/wp-json\/wp\/v2\/posts\/5623","targetHints":{"allow":["GET"]}}],"collection":[{"href":"https:\/\/www.cantabriarallye.net\/newcantabriarallye\/wp-json\/wp\/v2\/posts"}],"about":[{"href":"https:\/\/www.cantabriarallye.net\/newcantabriarallye\/wp-json\/wp\/v2\/types\/post"}],"author":[{"embeddable":true,"href":"https:\/\/www.cantabriarallye.net\/newcantabriarallye\/wp-json\/wp\/v2\/users\/2"}],"replies":[{"embeddable":true,"href":"https:\/\/www.cantabriarallye.net\/newcantabriarallye\/wp-json\/wp\/v2\/comments?post=5623"}],"version-history":[{"count":2,"href":"https:\/\/www.cantabriarallye.net\/newcantabriarallye\/wp-json\/wp\/v2\/posts\/5623\/revisions"}],"predecessor-version":[{"id":5626,"href":"https:\/\/www.cantabriarallye.net\/newcantabriarallye\/wp-json\/wp\/v2\/posts\/5623\/revisions\/5626"}],"wp:attachment":[{"href":"https:\/\/www.cantabriarallye.net\/newcantabriarallye\/wp-json\/wp\/v2\/media?parent=5623"}],"wp:term":[{"taxonomy":"category","embeddable":true,"href":"https:\/\/www.cantabriarallye.net\/newcantabriarallye\/wp-json\/wp\/v2\/categories?post=5623"},{"taxonomy":"post_tag","embeddable":true,"href":"https:\/\/www.cantabriarallye.net\/newcantabriarallye\/wp-json\/wp\/v2\/tags?post=5623"}],"curies":[{"name":"wp","href":"https:\/\/api.w.org\/{rel}","templated":true}]}}