{"id":5657,"date":"2022-02-07T15:54:47","date_gmt":"2022-02-07T13:54:47","guid":{"rendered":"http:\/\/www.cantabriarallye.net\/newcantabriarallye\/?p=5657"},"modified":"2022-05-14T22:24:00","modified_gmt":"2022-05-14T20:24:00","slug":"los-ilustres-video-entrevista-nacho-arrarte","status":"publish","type":"post","link":"https:\/\/www.cantabriarallye.net\/newcantabriarallye\/los-ilustres-video-entrevista-nacho-arrarte\/","title":{"rendered":"Los Ilustres, Video-Entrevista Nacho Arrarte"},"content":{"rendered":"<p>Llega una nueva secci\u00f3n a nuestro Canal de v\u00eddeo, denominada \u00abLos Ilustres\u00bb en donde trataremos de traer a Pilotos y Co-Pilotos C\u00e1ntabros \u00abIlustres\u00bb, para charlar con ellos de nuestra afici\u00f3n.<br \/>\nEsta secci\u00f3n, nos la hab\u00edan demandado mucha gente, si bien tambi\u00e9n es una apuesta personal, para \u00abPODER PRESUMIR\u00bb de los MAGNIFICOS pilotos y co-pilotos que hemos tenido en Cantabria.<br \/>\nEl primero de estos Ilustres, ha sido Nacho Arrarte, piloto de la d\u00e9cada de los a\u00f1os 80, con el que hemos disfrutado muchisimo.<\/p>\n<table border=\"0\" align=\"center\">\n<tbody>\n<tr>\n<td colspan=\"1\" rowspan=\"1\">\n<p align=\"center\"><img decoding=\"async\" src=\"https:\/\/www.cantabriarallye.net\/newcantabriarallye\/wp-content\/uploads\/2022\/noticias\/ilustres\/arrarte\/portada.jpg\" \/><\/p>\n<\/td>\n<\/tr>\n<tr>\n<td colspan=\"1\" rowspan=\"1\">\n<p align=\"center\"><span style=\"font-size: small;\">Foto: Cantabriarallye.net<\/span><\/p>\n<\/td>\n<\/tr>\n<\/tbody>\n<\/table>\n<p><!--more--><\/p>\n<p>Ten\u00edamos ganas de realizar estas Video-Entrevistas a pilotos y co-piloyos Ilustres de Cantabria. Hemos comenzado con Nacho Arrarte, pero si Dios quiere, seguiremos realiz\u00e1ndolas, en funci\u00f3n del tiempo que podamos disponer.<br \/>\nCada vez la lista de Ilustres crece y crece, pues en Cantabria podemos presumir de eso, de haber tenido unos grandes pilotos y co-pilotos.<br \/>\nPoco a poco y con buena letra, intentaremos traerles a todos a nuestros estudios del Alto de Malia\u00f1o, para repasar su historia y pasarlo bien, que es lo importante.<\/p>\n<h1 style=\"text-align: center;\"><strong>VIDEO-ENTREVISTAS \u00abLOS ILUSTRES\u00bb<\/strong><\/h1>\n<table style=\"width: 100%; height: 828px;\" border=\"0\" width=\"57%\" align=\"center\">\n<tbody>\n<tr style=\"height: 142px;\">\n<td style=\"height: 142px; width: 100%;\" colspan=\"1\" rowspan=\"1\">\n<p align=\"center\">Nacho Arrarte<\/p>\n<\/td>\n<\/tr>\n<tr style=\"height: 383px;\">\n<td style=\"height: 383px; width: 100%;\" colspan=\"1\" rowspan=\"1\">\n<p align=\"center\"><iframe loading=\"lazy\" src=\"\/\/www.youtube.com\/embed\/-VwTrHsXX6U\" width=\"560\" height=\"314\" allowfullscreen=\"allowfullscreen\"><\/iframe><\/p>\n<\/td>\n<\/tr>\n<tr style=\"height: 22px;\">\n<td style=\"height: 22px; width: 100%;\" colspan=\"1\" rowspan=\"1\">\n<hr align=\"center\" \/>\n<\/td>\n<\/tr>\n<tr style=\"height: 193px;\">\n<td style=\"height: 193px; width: 100%;\" colspan=\"1\" rowspan=\"1\">\n<p align=\"center\"><a href=\"http:\/\/carpinteriabenjamin.com\/carpinteria.htm\"><img decoding=\"async\" src=\"https:\/\/www.cantabriarallye.net\/newcantabriarallye\/wp-content\/uploads\/2017\/noticias\/varios\/benjamin.jpg\" border=\"0\" \/><\/a><\/p>\n<\/td>\n<\/tr>\n<tr style=\"height: 88px;\">\n<td style=\"height: 88px; width: 100%;\" colspan=\"1\" rowspan=\"1\">\n<p align=\"center\">\n<\/td>\n<\/tr>\n<\/tbody>\n<\/table>\n<!-- AddThis Advanced Settings generic via filter on the_content --><!-- AddThis Share Buttons generic via filter on the_content -->","protected":false},"excerpt":{"rendered":"<p>Llega una nueva secci\u00f3n a nuestro Canal de v\u00eddeo, denominada \u00abLos Ilustres\u00bb en donde trataremos de traer a Pilotos y Co-Pilotos C\u00e1ntabros \u00abIlustres\u00bb, para charlar con ellos de nuestra afici\u00f3n. Esta secci\u00f3n, nos la hab\u00edan demandado mucha gente, si bien tambi\u00e9n es una apuesta personal, para \u00abPODER PRESUMIR\u00bb de los MAGNIFICOS pilotos y co-pilotos que [&hellip;]<!-- AddThis Advanced Settings generic via filter on wp_trim_excerpt --><!-- AddThis Share Buttons generic via filter on wp_trim_excerpt --><\/p>\n","protected":false},"author":2,"featured_media":5659,"comment_status":"closed","ping_status":"closed","sticky":false,"template":"","format":"standard","meta":{"_exactmetrics_skip_tracking":false,"_exactmetrics_sitenote_active":false,"_exactmetrics_sitenote_note":"","_exactmetrics_sitenote_category":0,"footnotes":""},"categories":[56],"tags":[],"class_list":["post-5657","post","type-post","status-publish","format-standard","has-post-thumbnail","hentry","category-ilustres"],"_links":{"self":[{"href":"https:\/\/www.cantabriarallye.net\/newcantabriarallye\/wp-json\/wp\/v2\/posts\/5657","targetHints":{"allow":["GET"]}}],"collection":[{"href":"https:\/\/www.cantabriarallye.net\/newcantabriarallye\/wp-json\/wp\/v2\/posts"}],"about":[{"href":"https:\/\/www.cantabriarallye.net\/newcantabriarallye\/wp-json\/wp\/v2\/types\/post"}],"author":[{"embeddable":true,"href":"https:\/\/www.cantabriarallye.net\/newcantabriarallye\/wp-json\/wp\/v2\/users\/2"}],"replies":[{"embeddable":true,"href":"https:\/\/www.cantabriarallye.net\/newcantabriarallye\/wp-json\/wp\/v2\/comments?post=5657"}],"version-history":[{"count":5,"href":"https:\/\/www.cantabriarallye.net\/newcantabriarallye\/wp-json\/wp\/v2\/posts\/5657\/revisions"}],"predecessor-version":[{"id":5859,"href":"https:\/\/www.cantabriarallye.net\/newcantabriarallye\/wp-json\/wp\/v2\/posts\/5657\/revisions\/5859"}],"wp:featuredmedia":[{"embeddable":true,"href":"https:\/\/www.cantabriarallye.net\/newcantabriarallye\/wp-json\/wp\/v2\/media\/5659"}],"wp:attachment":[{"href":"https:\/\/www.cantabriarallye.net\/newcantabriarallye\/wp-json\/wp\/v2\/media?parent=5657"}],"wp:term":[{"taxonomy":"category","embeddable":true,"href":"https:\/\/www.cantabriarallye.net\/newcantabriarallye\/wp-json\/wp\/v2\/categories?post=5657"},{"taxonomy":"post_tag","embeddable":true,"href":"https:\/\/www.cantabriarallye.net\/newcantabriarallye\/wp-json\/wp\/v2\/tags?post=5657"}],"curies":[{"name":"wp","href":"https:\/\/api.w.org\/{rel}","templated":true}]}}