{"id":6017,"date":"2022-08-01T08:34:22","date_gmt":"2022-08-01T06:34:22","guid":{"rendered":"http:\/\/www.cantabriarallye.net\/newcantabriarallye\/?p=6017"},"modified":"2022-08-01T08:34:05","modified_gmt":"2022-08-01T06:34:05","slug":"xv-edicion-rallye-blendio-video-entrevistas","status":"publish","type":"post","link":"https:\/\/www.cantabriarallye.net\/newcantabriarallye\/xv-edicion-rallye-blendio-video-entrevistas\/","title":{"rendered":"XV Edicion Rallye Blendio &#8211; Video-Entrevistas"},"content":{"rendered":"<p>Ya tenemos la XV Edici\u00f3n del Rallye Blendio, memorial Cristian L\u00f3pez Herrero, Cantabria deporte. La prueba del la Copa de Espa\u00f1a de asfalto Recalvi.<br \/>\nOtra nueva edici\u00f3n del conocido, Rallye, que desde la pasada temporada es valedera para la copa de Espa\u00f1a de asfalto.<br \/>\nToda la \u00abmarea Roja\u00bb se ha puesto en marcha, para volver a tener una prueba del m\u00e1ximo coeficiente en Cantabria.<br \/>\nPara esta ocasi\u00f3n nos visitaba Chechu Goya, uno de los organizadores de la prueba, que ha estado en labores organizativas desde que comenz\u00f3 el memorial.<\/p>\n<table border=\"0\" align=\"center\">\n<tbody>\n<tr>\n<td colspan=\"1\" rowspan=\"1\">\n<p align=\"center\"><img decoding=\"async\" src=\"https:\/\/www.cantabriarallye.net\/newcantabriarallye\/wp-content\/uploads\/2022\/noticias\/videoimpresiones\/saron\/portada.jpg\" \/><\/p>\n<\/td>\n<\/tr>\n<tr>\n<td colspan=\"1\" rowspan=\"1\">\n<p align=\"center\"><span style=\"font-size: small;\">Foto: Cantabriarallye.net<\/span><\/p>\n<\/td>\n<\/tr>\n<\/tbody>\n<\/table>\n<p><!--more--><\/p>\n<p>Chechu Goya, nos hacia un \u00abhueco\u00bb en su dilatada agenda, para venir a nuestros estudios del alto de Malia\u00f1o.<br \/>\nHablamos de todas las novedades de la nueva edici\u00f3n del Rallye, de la seguridad, la buena inscripci\u00f3n y en general, de todos los pormenores de la prueba. Tambi\u00e9n se detallaban los tramos, as\u00ed como que la prueba se celebrara en dos d\u00edas, siendo las verificaciones el jueves en Santander, para el Viernes por la tarde, comenzar los tramos. Ya el s\u00e1bado, tambi\u00e9n se celebrar\u00eda, las especiales, para terminar con la entrega de premios en Sar\u00f3n.<br \/>\nAlgunas tomas falsas, para el recuerdo, varias risas y la entrevista quedaba realizada.<br \/>\nDe nuevo, disfruten como hemos disfrutado nosotros, charlando con Chechu Goya de la nueva edici\u00f3n del Rallye Blendio, memorial Cristian L\u00f3pez Herrero.<\/p>\n<h1 style=\"text-align: center;\"><strong>VIDEO-ENTREVISTAS<\/strong><\/h1>\n<table border=\"0\" width=\"57%\" align=\"center\">\n<tbody>\n<tr>\n<td colspan=\"1\" rowspan=\"1\">\n<p align=\"center\">Chechu Goya organizador del Rallye Blendio, memorial Cristian L\u00f3pez Herrero<\/p>\n<\/td>\n<\/tr>\n<tr>\n<td colspan=\"1\" rowspan=\"1\">\n<p align=\"center\"><iframe loading=\"lazy\" src=\"\/\/www.youtube.com\/embed\/XZYO_3JMeYM\" width=\"560\" height=\"314\" allowfullscreen=\"allowfullscreen\"><\/iframe><\/p>\n<\/td>\n<\/tr>\n<tr>\n<td colspan=\"1\" rowspan=\"1\">\n<hr align=\"center\" \/>\n<\/td>\n<\/tr>\n<tr>\n<td colspan=\"1\" rowspan=\"1\">\n<p align=\"center\"><a href=\"http:\/\/carpinteriabenjamin.com\/carpinteria.htm\"><img decoding=\"async\" src=\"https:\/\/www.cantabriarallye.net\/newcantabriarallye\/wp-content\/uploads\/2017\/noticias\/varios\/benjamin.jpg\" border=\"0\" \/><\/a><\/p>\n<\/td>\n<\/tr>\n<tr>\n<td colspan=\"1\" rowspan=\"1\">\n<p align=\"center\">\n<\/td>\n<\/tr>\n<\/tbody>\n<\/table>\n<!-- AddThis Advanced Settings generic via filter on the_content --><!-- AddThis Share Buttons generic via filter on the_content -->","protected":false},"excerpt":{"rendered":"<p>Ya tenemos la XV Edici\u00f3n del Rallye Blendio, memorial Cristian L\u00f3pez Herrero, Cantabria deporte. La prueba del la Copa de Espa\u00f1a de asfalto Recalvi. Otra nueva edici\u00f3n del conocido, Rallye, que desde la pasada temporada es valedera para la copa de Espa\u00f1a de asfalto. Toda la \u00abmarea Roja\u00bb se ha puesto en marcha, para volver [&hellip;]<!-- AddThis Advanced Settings generic via filter on wp_trim_excerpt --><!-- AddThis Share Buttons generic via filter on wp_trim_excerpt --><\/p>\n","protected":false},"author":2,"featured_media":6018,"comment_status":"closed","ping_status":"closed","sticky":false,"template":"","format":"standard","meta":{"_exactmetrics_skip_tracking":false,"_exactmetrics_sitenote_active":false,"_exactmetrics_sitenote_note":"","_exactmetrics_sitenote_category":0,"footnotes":""},"categories":[47],"tags":[],"class_list":["post-6017","post","type-post","status-publish","format-standard","has-post-thumbnail","hentry","category-video-impresiones"],"_links":{"self":[{"href":"https:\/\/www.cantabriarallye.net\/newcantabriarallye\/wp-json\/wp\/v2\/posts\/6017","targetHints":{"allow":["GET"]}}],"collection":[{"href":"https:\/\/www.cantabriarallye.net\/newcantabriarallye\/wp-json\/wp\/v2\/posts"}],"about":[{"href":"https:\/\/www.cantabriarallye.net\/newcantabriarallye\/wp-json\/wp\/v2\/types\/post"}],"author":[{"embeddable":true,"href":"https:\/\/www.cantabriarallye.net\/newcantabriarallye\/wp-json\/wp\/v2\/users\/2"}],"replies":[{"embeddable":true,"href":"https:\/\/www.cantabriarallye.net\/newcantabriarallye\/wp-json\/wp\/v2\/comments?post=6017"}],"version-history":[{"count":1,"href":"https:\/\/www.cantabriarallye.net\/newcantabriarallye\/wp-json\/wp\/v2\/posts\/6017\/revisions"}],"predecessor-version":[{"id":6019,"href":"https:\/\/www.cantabriarallye.net\/newcantabriarallye\/wp-json\/wp\/v2\/posts\/6017\/revisions\/6019"}],"wp:featuredmedia":[{"embeddable":true,"href":"https:\/\/www.cantabriarallye.net\/newcantabriarallye\/wp-json\/wp\/v2\/media\/6018"}],"wp:attachment":[{"href":"https:\/\/www.cantabriarallye.net\/newcantabriarallye\/wp-json\/wp\/v2\/media?parent=6017"}],"wp:term":[{"taxonomy":"category","embeddable":true,"href":"https:\/\/www.cantabriarallye.net\/newcantabriarallye\/wp-json\/wp\/v2\/categories?post=6017"},{"taxonomy":"post_tag","embeddable":true,"href":"https:\/\/www.cantabriarallye.net\/newcantabriarallye\/wp-json\/wp\/v2\/tags?post=6017"}],"curies":[{"name":"wp","href":"https:\/\/api.w.org\/{rel}","templated":true}]}}