{"id":6020,"date":"2022-08-02T10:04:00","date_gmt":"2022-08-02T08:04:00","guid":{"rendered":"http:\/\/www.cantabriarallye.net\/newcantabriarallye\/?p=6020"},"modified":"2022-08-02T13:38:57","modified_gmt":"2022-08-02T11:38:57","slug":"los-ilustres-video-entrevista-alberto-gomez-amigo","status":"publish","type":"post","link":"https:\/\/www.cantabriarallye.net\/newcantabriarallye\/los-ilustres-video-entrevista-alberto-gomez-amigo\/","title":{"rendered":"Los Ilustres, Video-Entrevista Alberto G\u00f3mez Amigo"},"content":{"rendered":"<p>Siguiendo con nuestra secci\u00f3n de pilotos \u00abIlustres\u00bb de Cantabria, para esta ocasi\u00f3n, nuestro invitado es un piloto Ilustre muy querido por la afici\u00f3n de Cantabria. Alberto G\u00f3mez Amigo.<br \/>\nToralense, Concretamente de Toral de los Vados en el Bierzo, pero C\u00e1ntabro de adopci\u00f3n.<br \/>\nAlberto nos contaba toda sus historia para poder competir, en el motor, as\u00ed como sus mas de 50 a\u00f1os en el mundo del motor.<\/p>\n<table align=\"center\" border=\"0\">\n<tbody>\n<tr>\n<td colspan=\"1\" rowspan=\"1\">\n<p align=\"center\"><img decoding=\"async\" src=\"https:\/\/www.cantabriarallye.net\/newcantabriarallye\/wp-content\/uploads\/2022\/noticias\/ilustres\/amigo\/portada.jpg\"><\/p>\n<\/td>\n<\/tr>\n<tr>\n<td colspan=\"1\" rowspan=\"1\">\n<p align=\"center\"><span style=\"font-size: small;\">Foto: Cantabriarallye.net<\/span><\/p>\n<\/td>\n<\/tr>\n<\/tbody>\n<\/table>\n<p><!--more--><\/p>\n<p>Cada vez ten\u00edamos mas ganas de hablar con otro \u00abilustre\u00bb piloto de Cantabria. En esta ocasi\u00f3n, Alberto G\u00f3mez Amigo, fue nuestro invitado, con el cual disfrutamos muchisimo realiz\u00e1ndole la entrevista.<br \/>\nVolvemos una vez mas a \u00abpresumir\u00bb de pilotos Ilustres y gracias a Dios, lo que nos queda.<br \/>\nPoco a poco y con buena letra, intentaremos traerles a todos a nuestros estudios del Alto de Malia\u00f1o, para repasar su historia y pasarlo bien, que es lo importante.<\/p>\n<h1 style=\"text-align:center;\"><strong>VIDEO-ENTREVISTAS \u00abLOS ILUSTRES\u00bb<\/strong><\/h1>\n<table align=\"center\" width=\"57%\" border=\"0\">\n<tbody>\n<tr>\n<td colspan=\"1\" rowspan=\"1\">\n<p align=\"center\">Alberto G\u00f3mez Amigo<\/p>\n<\/td>\n<\/tr>\n<tr>\n<td colspan=\"1\" rowspan=\"1\">\n<p align=\"center\"><iframe loading=\"lazy\" src=\"\/\/www.youtube.com\/embed\/dJmcYOgid2w\" allowfullscreen width=\"560\" height=\"314\"><\/iframe><\/p>\n<\/td>\n<\/tr>\n<tr>\n<td colspan=\"1\" rowspan=\"1\">\n<hr align=\"center\"><\/td>\n<\/tr>\n<tr>\n<td colspan=\"1\" rowspan=\"1\">\n<p align=\"center\"><a href=\"http:\/\/carpinteriabenjamin.com\/carpinteria.htm\"><img decoding=\"async\" src=\"https:\/\/www.cantabriarallye.net\/newcantabriarallye\/wp-content\/uploads\/2017\/noticias\/varios\/benjamin.jpg\" border=\"0\"><\/a><\/p>\n<\/td>\n<\/tr>\n<tr>\n<td colspan=\"1\" rowspan=\"1\">\n<p align=\"center\">\n<\/td>\n<\/tr>\n<\/tbody>\n<\/table>\n<!-- AddThis Advanced Settings generic via filter on the_content --><!-- AddThis Share Buttons generic via filter on the_content -->","protected":false},"excerpt":{"rendered":"<p>Siguiendo con nuestra secci\u00f3n de pilotos \u00abIlustres\u00bb de Cantabria, para esta ocasi\u00f3n, nuestro invitado es un piloto Ilustre muy querido por la afici\u00f3n de Cantabria. Alberto G\u00f3mez Amigo. Toralense, Concretamente de Toral de los Vados en el Bierzo, pero C\u00e1ntabro de adopci\u00f3n. Alberto nos contaba toda sus historia para poder competir, en el motor, as\u00ed [&hellip;]<!-- AddThis Advanced Settings generic via filter on wp_trim_excerpt --><!-- AddThis Share Buttons generic via filter on wp_trim_excerpt --><\/p>\n","protected":false},"author":2,"featured_media":6022,"comment_status":"closed","ping_status":"closed","sticky":false,"template":"","format":"standard","meta":{"_exactmetrics_skip_tracking":false,"_exactmetrics_sitenote_active":false,"_exactmetrics_sitenote_note":"","_exactmetrics_sitenote_category":0,"footnotes":""},"categories":[56],"tags":[],"class_list":["post-6020","post","type-post","status-publish","format-standard","has-post-thumbnail","hentry","category-ilustres"],"_links":{"self":[{"href":"https:\/\/www.cantabriarallye.net\/newcantabriarallye\/wp-json\/wp\/v2\/posts\/6020","targetHints":{"allow":["GET"]}}],"collection":[{"href":"https:\/\/www.cantabriarallye.net\/newcantabriarallye\/wp-json\/wp\/v2\/posts"}],"about":[{"href":"https:\/\/www.cantabriarallye.net\/newcantabriarallye\/wp-json\/wp\/v2\/types\/post"}],"author":[{"embeddable":true,"href":"https:\/\/www.cantabriarallye.net\/newcantabriarallye\/wp-json\/wp\/v2\/users\/2"}],"replies":[{"embeddable":true,"href":"https:\/\/www.cantabriarallye.net\/newcantabriarallye\/wp-json\/wp\/v2\/comments?post=6020"}],"version-history":[{"count":5,"href":"https:\/\/www.cantabriarallye.net\/newcantabriarallye\/wp-json\/wp\/v2\/posts\/6020\/revisions"}],"predecessor-version":[{"id":6026,"href":"https:\/\/www.cantabriarallye.net\/newcantabriarallye\/wp-json\/wp\/v2\/posts\/6020\/revisions\/6026"}],"wp:featuredmedia":[{"embeddable":true,"href":"https:\/\/www.cantabriarallye.net\/newcantabriarallye\/wp-json\/wp\/v2\/media\/6022"}],"wp:attachment":[{"href":"https:\/\/www.cantabriarallye.net\/newcantabriarallye\/wp-json\/wp\/v2\/media?parent=6020"}],"wp:term":[{"taxonomy":"category","embeddable":true,"href":"https:\/\/www.cantabriarallye.net\/newcantabriarallye\/wp-json\/wp\/v2\/categories?post=6020"},{"taxonomy":"post_tag","embeddable":true,"href":"https:\/\/www.cantabriarallye.net\/newcantabriarallye\/wp-json\/wp\/v2\/tags?post=6020"}],"curies":[{"name":"wp","href":"https:\/\/api.w.org\/{rel}","templated":true}]}}