{"id":7090,"date":"2025-01-20T12:15:00","date_gmt":"2025-01-20T10:15:00","guid":{"rendered":"https:\/\/www.cantabriarallye.net\/newcantabriarallye\/?p=7090"},"modified":"2025-01-20T00:09:36","modified_gmt":"2025-01-19T22:09:36","slug":"campeones-de-montana-2024-video-entrevistas","status":"publish","type":"post","link":"https:\/\/www.cantabriarallye.net\/newcantabriarallye\/campeones-de-montana-2024-video-entrevistas\/","title":{"rendered":"Campeones de Monta\u00f1a 2024- Video Entrevistas"},"content":{"rendered":"<p>Seguimos con nuestras Video-entrevistas a pilotos campeones y en esta ocasi\u00f3n, nos visitaba el Campe\u00f3n de Monta\u00f1a 2024.<br \/>\nYa hab\u00eda estado en alguna otra ocasi\u00f3n, en nuestros estudios, hablando de Carreras. R\u00e1pidamente, despu\u00e9s de las pruebas de sonido, comenz\u00e1bamos la video entrevista, en la que repas\u00e1bamos sus carreras, as\u00ed como los planes de futuro para esta nueva temporada.<br \/>\nExcelente piloto y mejor persona, que le ENCANTA correr en Cantabria, delante de toda su gente.<\/p>\n<table border=\"0\" align=\"center\">\n<tbody>\n<tr>\n<td colspan=\"1\" rowspan=\"1\">\n<p align=\"center\"><img decoding=\"async\" src=\"https:\/\/www.cantabriarallye.net\/newcantabriarallye\/wp-content\/uploads\/2025\/noticias\/videoimpresiones\/montana\/portada.jpg\" border=\"0\" \/><\/p>\n<\/td>\n<\/tr>\n<tr>\n<td colspan=\"1\" rowspan=\"1\">\n<p align=\"center\"><span style=\"font-size: small;\">Foto: Cantabriarallye.net<\/span><\/p>\n<\/td>\n<\/tr>\n<\/tbody>\n<\/table>\n<p><!--more--><\/p>\n<p>Charl\u00e1bamos con Mario Asenjo, de todas sus carreras en la Monta\u00f1a de Cantabria, as\u00ed como de su periplo Europeo, que comienza con muchas ganas.<br \/>\nUna vez m\u00e1s el tiempo volaba y quedaba realizada la entrevista, sin apenas tomas falsas. Despu\u00e9s la Post entrevista, para hablar de Motor.<br \/>\nDe nuevo, disfruten como hemos disfrutado nosotros, charlando con el vigente Campe\u00f3n de Cantabria de Monta\u00f1a 2024.<\/p>\n<h1 style=\"text-align: center;\"><strong>VIDEO-ENTREVISTAS<\/strong><\/h1>\n<table border=\"0\" width=\"57%\" align=\"center\">\n<tbody>\n<tr>\n<td colspan=\"1\" rowspan=\"1\">\n<p align=\"center\">Campeones de Monta\u00f1a &#8211; Mario Asenjo<\/p>\n<\/td>\n<\/tr>\n<tr>\n<td colspan=\"1\" rowspan=\"1\">\n<p align=\"center\"><iframe loading=\"lazy\" src=\"\/\/www.youtube.com\/embed\/Y7n01xVyDNA\" width=\"560\" height=\"314\" allowfullscreen=\"allowfullscreen\"><\/iframe><\/p>\n<\/td>\n<\/tr>\n<tr>\n<td colspan=\"1\" rowspan=\"1\">\n<hr align=\"center\" \/>\n<\/td>\n<\/tr>\n<tr>\n<td colspan=\"1\" rowspan=\"1\">\n<p align=\"center\"><a href=\"http:\/\/carpinteriabenjamin.com\/carpinteria.htm\"><img decoding=\"async\" src=\"https:\/\/www.cantabriarallye.net\/newcantabriarallye\/wp-content\/uploads\/2017\/noticias\/varios\/benjamin.jpg\" border=\"0\" \/><\/a><\/p>\n<\/td>\n<\/tr>\n<tr>\n<td colspan=\"1\" rowspan=\"1\">\n<p align=\"center\">\n<\/td>\n<\/tr>\n<\/tbody>\n<\/table>\n<!-- AddThis Advanced Settings generic via filter on the_content --><!-- AddThis Share Buttons generic via filter on the_content -->","protected":false},"excerpt":{"rendered":"<p>Seguimos con nuestras Video-entrevistas a pilotos campeones y en esta ocasi\u00f3n, nos visitaba el Campe\u00f3n de Monta\u00f1a 2024. Ya hab\u00eda estado en alguna otra ocasi\u00f3n, en nuestros estudios, hablando de Carreras. R\u00e1pidamente, despu\u00e9s de las pruebas de sonido, comenz\u00e1bamos la video entrevista, en la que repas\u00e1bamos sus carreras, as\u00ed como los planes de futuro para [&hellip;]<!-- AddThis Advanced Settings generic via filter on wp_trim_excerpt --><!-- AddThis Share Buttons generic via filter on wp_trim_excerpt --><\/p>\n","protected":false},"author":2,"featured_media":7091,"comment_status":"closed","ping_status":"closed","sticky":false,"template":"","format":"standard","meta":{"_exactmetrics_skip_tracking":false,"_exactmetrics_sitenote_active":false,"_exactmetrics_sitenote_note":"","_exactmetrics_sitenote_category":0,"footnotes":""},"categories":[47],"tags":[],"class_list":["post-7090","post","type-post","status-publish","format-standard","has-post-thumbnail","hentry","category-video-impresiones"],"_links":{"self":[{"href":"https:\/\/www.cantabriarallye.net\/newcantabriarallye\/wp-json\/wp\/v2\/posts\/7090","targetHints":{"allow":["GET"]}}],"collection":[{"href":"https:\/\/www.cantabriarallye.net\/newcantabriarallye\/wp-json\/wp\/v2\/posts"}],"about":[{"href":"https:\/\/www.cantabriarallye.net\/newcantabriarallye\/wp-json\/wp\/v2\/types\/post"}],"author":[{"embeddable":true,"href":"https:\/\/www.cantabriarallye.net\/newcantabriarallye\/wp-json\/wp\/v2\/users\/2"}],"replies":[{"embeddable":true,"href":"https:\/\/www.cantabriarallye.net\/newcantabriarallye\/wp-json\/wp\/v2\/comments?post=7090"}],"version-history":[{"count":1,"href":"https:\/\/www.cantabriarallye.net\/newcantabriarallye\/wp-json\/wp\/v2\/posts\/7090\/revisions"}],"predecessor-version":[{"id":7092,"href":"https:\/\/www.cantabriarallye.net\/newcantabriarallye\/wp-json\/wp\/v2\/posts\/7090\/revisions\/7092"}],"wp:featuredmedia":[{"embeddable":true,"href":"https:\/\/www.cantabriarallye.net\/newcantabriarallye\/wp-json\/wp\/v2\/media\/7091"}],"wp:attachment":[{"href":"https:\/\/www.cantabriarallye.net\/newcantabriarallye\/wp-json\/wp\/v2\/media?parent=7090"}],"wp:term":[{"taxonomy":"category","embeddable":true,"href":"https:\/\/www.cantabriarallye.net\/newcantabriarallye\/wp-json\/wp\/v2\/categories?post=7090"},{"taxonomy":"post_tag","embeddable":true,"href":"https:\/\/www.cantabriarallye.net\/newcantabriarallye\/wp-json\/wp\/v2\/tags?post=7090"}],"curies":[{"name":"wp","href":"https:\/\/api.w.org\/{rel}","templated":true}]}}