{"id":7242,"date":"2025-06-03T23:15:40","date_gmt":"2025-06-03T21:15:40","guid":{"rendered":"https:\/\/www.cantabriarallye.net\/newcantabriarallye\/?p=7242"},"modified":"2025-06-04T14:54:21","modified_gmt":"2025-06-04T12:54:21","slug":"rallye-festival-hoznayo-espectaculo-sin-igual","status":"publish","type":"post","link":"https:\/\/www.cantabriarallye.net\/newcantabriarallye\/rallye-festival-hoznayo-espectaculo-sin-igual\/","title":{"rendered":"Rallye Festival Hoznayo. Espect\u00e1culo SIN igual"},"content":{"rendered":"<p>Volv\u00edamos a disfrutar una vez mas del Rallye Festival Hoznayo, una prueba que no tiene igual en Espa\u00f1a y parte de Europa. Si en la pasada edici\u00f3n nos dec\u00edan que la prueba pod\u00eda ser BI-ANUAL, al comienzo de la temporada , aparec\u00eda la prueba en el Calendario C\u00e1ntabro.<br \/>\nUna vez m\u00e1s aficionados venidos de todos los lugares de la geograf\u00eda nacional, as\u00ed como de varios pa\u00edses de Europa, se daban cita en este espect\u00e1culo, UNICO en Espa\u00f1a.<br \/>\nTRES d\u00edas de motor, en donde todos los aficionados al motor hemos disfrutado much\u00edsimo y si la temporada pasada era dif\u00edcil, de superar, en esta lo han \u00abvuelto a hacer\u00bb.<\/p>\n<table align=\"center\" border=\"0\">\n<tbody>\n<tr>\n<td colspan=\"1\" rowspan=\"1\">\n<div align=\"center\">\n<p><img decoding=\"async\" src=\"https:\/\/www.cantabriarallye.net\/newcantabriarallye\/wp-content\/uploads\/2025\/pruebas2025\/rfh\/portada.jpg\"><\/p>\n<\/div>\n<\/td>\n<\/tr>\n<tr>\n<td colspan=\"1\" rowspan=\"1\">\n<div align=\"center\">\n<p><span style=\"font-family: Verdana, Arial, Helvetica, sans-serif;\">Foto :CantabriaRallye.net<\/span><\/p>\n<\/div>\n<\/td>\n<\/tr>\n<\/tbody>\n<\/table>\n<p><!--more--><\/p>\n<p>Volv\u00edamos a tener el espect\u00e1culo del motor en nuestras carreteras. De nuevo el Rallye Festival Hoznayo estaba aqu\u00ed y casi no nos hab\u00edamos recuperado de la edici\u00f3n anterior, en la temporada 2024 y ya ten\u00edamos estos TRES d\u00edas de motor, en Cantabria.<br \/>\nCoches espectaculares, con pilotos de ensue\u00f1o, nos acompa\u00f1ar\u00edan en estos TRES d\u00edas de motor, sin igual.<br \/>\nEn esta ocasi\u00f3n, ten\u00edamos un \u00abplantel\u00bb de invitados m\u00e1s que espectacular. Por una parte ten\u00edamos a David de Bagration, hijo del legendario Jorge de Bagration, que asist\u00eda al Rallye Festival Hoznayo. Tambi\u00e9n ten\u00edamos a Salvador Serv\u00eda , Campe\u00f3n de Espa\u00f1a de Rallyes de 1985 y 1986.<br \/>\nPero aqu\u00ed no acaba la cosa, ten\u00edamos a tambi\u00e9n al piloto mundialista Dani Sordo, as\u00ed como al gran Campe\u00f3n Ari Vatanen y Fabrizia Pons, que tambi\u00e9n estar\u00edan en el Rallye Festival, pilotando un Peugeot 205 T16, original.<\/p>\n<p><b>Presentaci\u00f3n oficial en Emtrambasaguas. <\/b><\/p>\n<p>El espect\u00e1culo, en esta ocasi\u00f3n estaba en Entrambasaguas, en el Ayuntamiento, donde se celebraba la presentaci\u00f3n de la prueba. Lleno total, con los aficionados, organizaci\u00f3n y prensa que se daban cita, adem\u00e1s de algunos de los pilotos participantes, que no quer\u00edan perderse este espect\u00e1culo.<br \/>\nTambi\u00e9n algunos de los veh\u00edculos m\u00e1s representativos, eran los que nos acompa\u00f1aban en la presentaci\u00f3n.<br \/>\nEsto solo era la presentaci\u00f3n de la prueba, que oficialmente, acababa de empezar.<br \/>\nTodo esto se realizaba el Martes, para se puede decir \u00abcalentar Motores\u00bb.<\/p>\n<table align=\"center\" border=\"0\">\n<tbody>\n<tr>\n<td colspan=\"1\" rowspan=\"1\">\n<div align=\"center\">\n<p><img decoding=\"async\" src=\"https:\/\/www.cantabriarallye.net\/newcantabriarallye\/wp-content\/uploads\/2025\/pruebas2025\/rfh\/uno.jpg\"><\/p>\n<\/div>\n<\/td>\n<\/tr>\n<tr>\n<td colspan=\"1\" rowspan=\"1\">\n<div align=\"center\">\n<p><span style=\"font-family: Verdana, Arial, Helvetica, sans-serif;\">Foto :CantabriaRallye.net<\/span><\/p>\n<\/div>\n<\/td>\n<\/tr>\n<\/tbody>\n<\/table>\n<p><b>Parque de Trabajo en el Adelma.<\/b><br \/>\nUna vez m\u00e1s, Incre\u00edble el Parque de Trabajo del Adelma. Incre\u00edble por todo, pues ten\u00edamos a las principales maquinas, con todos sus mec\u00e1nicos, realizando sus labores, as\u00ed como los incre\u00edbles pilotos.<br \/>\nEn esta ocasi\u00f3n, el Parque se quedaba Peque\u00f1o, por la cantidad de maquinas y de aficionados que se daban cita en el Parking del Adelma. Incre\u00edble.<\/p>\n<p>Tambi\u00e9n podemos decir que las colas eran interminables para acceder al Parque, con la pulsera para poder entrar.<br \/>\nTambi\u00e9n decir que en esta ocasi\u00f3n, hemos podido comprobar, que la afluencia de p\u00fablico ha sido MAS QUE ESPECTACULAR.<br \/>\nsi la pasada temporada, la afluencia era muy grande, en esta ocasi\u00f3n lo ha superado, en TRES o CUATRO veces.<br \/>\nEra incre\u00edble ver a tanta gente, un Mi\u00e9rcoles, por la tarde, un Jueves o un Viernes. claro. El SABADO, no se pod\u00eda caminar por el Parque cerrado, de tanta gente que hab\u00eda. Mas que INCREIBLE.<br \/>\nAdem\u00e1s si a todo esto, a\u00f1adimos unos d\u00edas, con una temperatura perfecta, que m\u00e1s se puede pedir. (Tambi\u00e9n algo de agua, es bueno).<br \/>\nDesde la organizaci\u00f3n, nos \u00abaseguraban que estaba contratado\u00bb, estos magn\u00edficos d\u00edas que hemos disfrutado.<\/p>\n<table align=\"center\" border=\"0\">\n<tbody>\n<tr>\n<td colspan=\"1\" rowspan=\"1\">\n<div align=\"center\">\n<p><img decoding=\"async\" src=\"https:\/\/www.cantabriarallye.net\/newcantabriarallye\/wp-content\/uploads\/2025\/pruebas2025\/rfh\/dos.jpg\"><\/p>\n<\/div>\n<\/td>\n<\/tr>\n<tr>\n<td colspan=\"1\" rowspan=\"1\">\n<div align=\"center\">\n<p><span style=\"font-family: Verdana, Arial, Helvetica, sans-serif;\">Foto :CantabriaRallye.net<\/span><\/p>\n<\/div>\n<\/td>\n<\/tr>\n<\/tbody>\n<\/table>\n<table align=\"center\" border=\"0\">\n<tbody>\n<tr>\n<td colspan=\"1\" rowspan=\"1\">\n<div align=\"center\">\n<p><img decoding=\"async\" src=\"https:\/\/www.cantabriarallye.net\/newcantabriarallye\/wp-content\/uploads\/2025\/pruebas2025\/rfh\/tres.jpg\"><\/p>\n<\/div>\n<\/td>\n<\/tr>\n<tr>\n<td colspan=\"1\" rowspan=\"1\">\n<div align=\"center\">\n<p><span style=\"font-family: Verdana, Arial, Helvetica, sans-serif;\"><br \/>\nFoto :CantabriaRallye.net<\/span><\/p>\n<\/div>\n<\/td>\n<\/tr>\n<\/tbody>\n<\/table>\n<p><b>Shakedown.<\/b><br \/>\nYa el Mi\u00e9rcoles era un d\u00eda fenomenal, pues se realizaban las verificaciones administrativas y T\u00e9cnicas, en donde los comisarios verificaban todos los coches.<br \/>\nEl d\u00eda siguiente, el tramo de pruebas o Shakedown.<br \/>\nTodos est\u00e1bamos esperando a este magn\u00edfico momento en donde disfrutar\u00edamos de los coches de ensue\u00f1o, por espacio de unas CINCO horas.<br \/>\nEl tramo de pruebas una vez mas era un verdadero espect\u00e1culo. Los pilotos \u00abno defraudaban\u00bb y el poder ver en nuestras carreteras, estos coches m\u00edticos, era una estampa sin igual.<\/p>\n<p>En esta ocasi\u00f3n, pod\u00edamos ver al tan ansiado Paolo Diana, que era uno de los pilotos representativos y que vamos a decir de los WRC, que nos visitaban o Dani Sordo, con su espectacular Hyundai.<br \/>\nNo tenemos que olvidarnos de los pilotos C\u00e1ntabros, que tambi\u00e9n nos hac\u00edan disfrutar, en este tramo de Pruebas.<br \/>\ncoches, coches y m\u00e1s coches y no nos cans\u00e1bamos de verlos a todos. Al final despu\u00e9s de casi cinco horas de coches, algunos \u00bb nos sabia a poco\u00bb. Tambi\u00e9n decir que todo esto era el \u00abcalentamiento\u00bb de lo que pod\u00edamos ver.<\/p>\n<table align=\"center\" border=\"0\">\n<tbody>\n<tr>\n<td colspan=\"1\" rowspan=\"1\">\n<div align=\"center\">\n<p><img decoding=\"async\" src=\"https:\/\/www.cantabriarallye.net\/newcantabriarallye\/wp-content\/uploads\/2025\/pruebas2025\/rfh\/cuatro.jpg\"><\/p>\n<\/div>\n<\/td>\n<\/tr>\n<tr>\n<td colspan=\"1\" rowspan=\"1\">\n<div align=\"center\">\n<p><span style=\"font-family: Verdana, Arial, Helvetica, sans-serif;\"><br \/>\nFoto :CantabriaRallye.net<\/span><\/p>\n<\/div>\n<\/td>\n<\/tr>\n<\/tbody>\n<\/table>\n<table align=\"center\" border=\"0\">\n<tbody>\n<tr>\n<td colspan=\"1\" rowspan=\"1\">\n<div align=\"center\">\n<p><img decoding=\"async\" src=\"https:\/\/www.cantabriarallye.net\/newcantabriarallye\/wp-content\/uploads\/2025\/pruebas2025\/rfh\/once.jpg\"><\/p>\n<\/div>\n<\/td>\n<\/tr>\n<tr>\n<td colspan=\"1\" rowspan=\"1\">\n<div align=\"center\">\n<p><span style=\"font-family: Verdana, Arial, Helvetica, sans-serif;\"><br \/>\nFoto :CantabriaRallye.net<\/span><\/p>\n<\/div>\n<\/td>\n<\/tr>\n<\/tbody>\n<\/table>\n<table align=\"center\" border=\"0\">\n<tbody>\n<tr>\n<td colspan=\"1\" rowspan=\"1\">\n<div align=\"center\">\n<p><img decoding=\"async\" src=\"https:\/\/www.cantabriarallye.net\/newcantabriarallye\/wp-content\/uploads\/2025\/pruebas2025\/rfh\/cinco.jpg\"><\/p>\n<\/div>\n<\/td>\n<\/tr>\n<tr>\n<td colspan=\"1\" rowspan=\"1\">\n<div align=\"center\">\n<p><span style=\"font-family: Verdana, Arial, Helvetica, sans-serif;\"><br \/>\nFoto :CantabriaRallye.net<\/span><\/p>\n<\/div>\n<\/td>\n<\/tr>\n<\/tbody>\n<\/table>\n<p><b>Ceremonia de Salida en Lierganes, Mejor que bien<\/b><\/p>\n<p>En la pasada edici\u00f3n, la ceremonia de salida, se realizaba en Lierganes, un pueblo, que se volcaba con el Rallye y nos acog\u00eda en su casco hist\u00f3rico.<br \/>\nNo imagin\u00e1bamos nadie, el espect\u00e1culo que nos ten\u00edan preparado la organizaci\u00f3n del rallye, en esta ocasi\u00f3n. INCREIBLE la afici\u00f3n, INCREIBLE el montaje, que realizaban e INCREIBLE, todo lo que han \u00abcurrado\u00bb para vestir la prueba.<br \/>\nNos sorprend\u00edan en esta ocasi\u00f3n con un espectacular arco de salida, en donde todos los pilotos \u00abpasaban\u00bb por \u00e9l, con la salida protocolaria.<br \/>\nClaro, ni que decir tiene, que Lierganes y toda su afici\u00f3n \u00abse ca\u00eda\u00bb cuando pasaban por el arco, los pilotos favoritos.<\/p>\n<p>Por unas hora, Lierganes, se convert\u00eda en el epicentro del motor en Cantabria.<br \/>\nClaro, despu\u00e9s imag\u00ednense ustedes, en el casco antiguo de Lierganes, 120 coches aproximadamente, con todos sus pilotos y copilotos. INCREIBLE, pues esto no se puede explicar con palabras.<br \/>\ncon esto termin\u00e1bamos el Jueves en el Adelma, prepar\u00e1ndonos para las especiales, que nos ten\u00edan preparadas.<\/p>\n<table align=\"center\" border=\"0\">\n<tbody>\n<tr>\n<td colspan=\"1\" rowspan=\"1\">\n<div align=\"center\">\n<p><img decoding=\"async\" src=\"https:\/\/www.cantabriarallye.net\/newcantabriarallye\/wp-content\/uploads\/2025\/pruebas2025\/rfh\/seis.jpg\"><\/p>\n<\/div>\n<\/td>\n<\/tr>\n<tr>\n<td colspan=\"1\" rowspan=\"1\">\n<div align=\"center\">\n<p><span style=\"font-family: Verdana, Arial, Helvetica, sans-serif;\"><br \/>\nFoto :CantabriaRallye.net<\/span><\/p>\n<\/div>\n<\/td>\n<\/tr>\n<\/tbody>\n<\/table>\n<table align=\"center\" border=\"0\">\n<tbody>\n<tr>\n<td colspan=\"1\" rowspan=\"1\">\n<div align=\"center\">\n<p><img decoding=\"async\" src=\"https:\/\/www.cantabriarallye.net\/newcantabriarallye\/wp-content\/uploads\/2025\/pruebas2025\/rfh\/siete.jpg\"><\/p>\n<\/div>\n<\/td>\n<\/tr>\n<tr>\n<td colspan=\"1\" rowspan=\"1\">\n<div align=\"center\">\n<p><span style=\"font-family: Verdana, Arial, Helvetica, sans-serif;\"><br \/>\nFoto :CantabriaRallye.net<\/span><\/p>\n<\/div>\n<\/td>\n<\/tr>\n<\/tbody>\n<\/table>\n<p><b>Firma de Aut\u00f3grafos<\/b><br \/>\nEn esta ocasi\u00f3n, las jornada de Firmas era el Viernes en la ma\u00f1ana, en donde los pilotos Ari Vatanen, Fabrizia Pons, Salvador Servi\u00e0, Dani Sordo, Paolo Diana, Yvonne Mehta, Manuel Senra, Daniel Sordo padre, Xavi Pi\u00f1a, Jan Rosa, AntonioRius y Juan Petisco.<br \/>\nVerdadera legi\u00f3n de aficionados, que \u00abhac\u00edan cola\u00bb, para conseguir el aut\u00f3grafo de sus pilotos. La cola era \u00abkilom\u00e9trica\u00bb y los aficionados aguantaban estoicamente, su turno de firma.<br \/>\nLa tarde del viernes, tendr\u00edamos tres especiales, espectaculares.<br \/>\nComenzar\u00edamos con el tramo de \u00abLas Tetas\u00bb de Lierganes, un tramo que ya se realizaba en las primeras ediciones de esta prueba, para seguir con Hoznayo y Entrambasaguas.<\/p>\n<table align=\"center\" border=\"0\">\n<tbody>\n<tr>\n<td colspan=\"1\" rowspan=\"1\">\n<div align=\"center\">\n<p><img decoding=\"async\" src=\"https:\/\/www.cantabriarallye.net\/newcantabriarallye\/wp-content\/uploads\/2025\/pruebas2025\/rfh\/ocho.jpg\"><\/p>\n<\/div>\n<\/td>\n<\/tr>\n<tr>\n<td colspan=\"1\" rowspan=\"1\">\n<div align=\"center\">\n<p><span style=\"font-family: Verdana, Arial, Helvetica, sans-serif;\">Foto :CantabriaRallye.net<\/span><\/p>\n<\/div>\n<\/td>\n<\/tr>\n<\/tbody>\n<\/table>\n<table align=\"center\" border=\"0\">\n<tbody>\n<tr>\n<td colspan=\"1\" rowspan=\"1\">\n<div align=\"center\">\n<p><img decoding=\"async\" src=\"https:\/\/www.cantabriarallye.net\/newcantabriarallye\/wp-content\/uploads\/2025\/pruebas2025\/rfh\/nueve.jpg\"><\/p>\n<\/div>\n<\/td>\n<\/tr>\n<tr>\n<td colspan=\"1\" rowspan=\"1\">\n<div align=\"center\">\n<p><span style=\"font-family: Verdana, Arial, Helvetica, sans-serif;\">.<br \/>\nFoto :CantabriaRallye.net<\/span><\/p>\n<\/div>\n<\/td>\n<\/tr>\n<\/tbody>\n<\/table>\n<table align=\"center\" border=\"0\">\n<tbody>\n<tr>\n<td colspan=\"1\" rowspan=\"1\">\n<div align=\"center\">\n<p><img decoding=\"async\" src=\"https:\/\/www.cantabriarallye.net\/newcantabriarallye\/wp-content\/uploads\/2025\/pruebas2025\/rfh\/diez.jpg\"><\/p>\n<\/div>\n<\/td>\n<\/tr>\n<tr>\n<td colspan=\"1\" rowspan=\"1\">\n<div align=\"center\">\n<p><span style=\"font-family: Verdana, Arial, Helvetica, sans-serif;\"><br \/>\nFoto :CantabriaRallye.net<\/span><\/p>\n<\/div>\n<\/td>\n<\/tr>\n<\/tbody>\n<\/table>\n<p><!--nextpage--><\/p>\n<p><b>Comienza el Espect\u00e1culo con \u00abLas Tetas de Lierganes\u00bb<\/b><br \/>\nLos \u00abtramos\u00bb propiamente dichos, comenzaban con la disputa del tramo de \u00ablas tetas de Lierganes\u00bb un tramo con 7,15 kil\u00f3metros que ya se hab\u00eda disputado, en las primeras ediciones del rallye de Cl\u00e1sicos de Lierganes y en esta ocasi\u00f3n, este tramo \u00abpondr\u00eda\u00bb la competici\u00f3n en marcha.<br \/>\nEl tramo era de los \u00abantiguos\u00bb un poquito bacheado y en donde los equipos, tomar\u00edan contacto propiamente dicho, con la prueba.<\/p>\n<table align=\"center\" border=\"0\">\n<tbody>\n<tr>\n<td colspan=\"1\" rowspan=\"1\">\n<div align=\"center\">\n<p><img decoding=\"async\" src=\"https:\/\/www.cantabriarallye.net\/newcantabriarallye\/wp-content\/uploads\/2025\/pruebas2025\/rfh\/doce.jpg\"><\/p>\n<\/div>\n<\/td>\n<\/tr>\n<tr>\n<td colspan=\"1\" rowspan=\"1\">\n<div align=\"center\">\n<p><span style=\"font-family: Verdana, Arial, Helvetica, sans-serif;\">.<br \/>\nFoto :CantabriaRallye.net<\/span><\/p>\n<\/div>\n<\/td>\n<\/tr>\n<\/tbody>\n<\/table>\n<table align=\"center\" border=\"0\">\n<tbody>\n<tr>\n<td colspan=\"1\" rowspan=\"1\">\n<div align=\"center\">\n<p><img decoding=\"async\" src=\"https:\/\/www.cantabriarallye.net\/newcantabriarallye\/wp-content\/uploads\/2025\/pruebas2025\/rfh\/trece.jpg\"><\/p>\n<\/div>\n<\/td>\n<\/tr>\n<tr>\n<td colspan=\"1\" rowspan=\"1\">\n<div align=\"center\">\n<p><span style=\"font-family: Verdana, Arial, Helvetica, sans-serif;\"><br \/>\nFoto :CantabriaRallye.net<\/span><\/p>\n<\/div>\n<\/td>\n<\/tr>\n<\/tbody>\n<\/table>\n<p><b>Tramo de Hoznayo, no defrauda<\/b><br \/>\nDespu\u00e9s del primer tramo, llegaba el tramo de Hoznayo, una \u00abvariaci\u00f3n\u00bb del t\u00edpico tramo y en forma de \u00abbucle\u00bb. Los aficionados esperaban ansiosos a sus veh\u00edculos favoritos, para poder disfrutar de los mismos. El tramo se \u00abllenaba\u00bb de aficionados, para poder disfrutar de estos veh\u00edculos UNICOS, que estaban rodando por nuestras carreteras.<br \/>\nClaro, ni que decir tiene, que los derrapajes, trompos y dem\u00e1s, estaban a la orden del d\u00eda, si bien, aficionados y pilotos disfrutar\u00edan, de este espect\u00e1culo.<br \/>\nAdem\u00e1s si puedes ver a tu equipo, en dos o tres ocasiones, que m\u00e1s se puede pedir.<\/p>\n<p>En este tramo, pod\u00edamos disfrutarlo, con una buena temperatura y el piso, totalmente seco en donde los pilotos daban rienda suelta a su conducci\u00f3n, y en la ultima hora, ca\u00eda un peque\u00f1o aguacero, que complicaba el trazado. Hay pod\u00edamos ver a los Pilotos.<br \/>\nAlgun que otro susto de algunos equipos, pero que finalmente, terminaban la jornada, perfectamente.<\/p>\n<p><b>Entrambasaguas, el \u00abtramo de las rotondas\u00bb.<\/b><br \/>\nEn esta especial, de Emtrambasaguas, era un tramo que podemos decir que era muy COMODO, con varias rotondas en donde los aficionados, pod\u00edan disfrutar de sus equipos. Adem\u00e1s con varias rotondas, colocadas estrat\u00e9gicamente.<br \/>\n7,24 kil\u00f3metros era este tramo, que sal\u00eda Justo, enfrente del ayuntamiento de Entrambasaguas y a unos cien metros la primera de las rotondas, para disfrutar.<br \/>\nfinalmente, un tramo \u00abespect\u00e1culo\u00bb para acercar el Rallye al p\u00fablico, en general.<br \/>\nAl finalizar este tramo, terminaba la primera secci\u00f3n, para volver de nuevo, todos al Adelma, al parque cerrado, que era un \u00abmuseo\u00bb al aire libre, con todas las asistencias trabajando para dejar sus veh\u00edculos preparados para las siguientes jornadas.<\/p>\n<table align=\"center\" border=\"0\">\n<tbody>\n<tr>\n<td colspan=\"1\" rowspan=\"1\">\n<div align=\"center\">\n<p><img decoding=\"async\" src=\"https:\/\/www.cantabriarallye.net\/newcantabriarallye\/wp-content\/uploads\/2025\/pruebas2025\/rfh\/catorce.jpg\"><\/p>\n<\/div>\n<\/td>\n<\/tr>\n<tr>\n<td colspan=\"1\" rowspan=\"1\">\n<div align=\"center\">\n<p><span style=\"font-family: Verdana, Arial, Helvetica, sans-serif;\">.<br \/>\nFoto :CantabriaRallye.net<\/span><\/p>\n<\/div>\n<\/td>\n<\/tr>\n<\/tbody>\n<\/table>\n<table align=\"center\" border=\"0\">\n<tbody>\n<tr>\n<td colspan=\"1\" rowspan=\"1\">\n<div align=\"center\">\n<p><img decoding=\"async\" src=\"https:\/\/www.cantabriarallye.net\/newcantabriarallye\/wp-content\/uploads\/2025\/pruebas2025\/rfh\/quince.jpg\"><\/p>\n<\/div>\n<\/td>\n<\/tr>\n<tr>\n<td colspan=\"1\" rowspan=\"1\">\n<div align=\"center\">\n<p><span style=\"font-family: Verdana, Arial, Helvetica, sans-serif;\"><br \/>\nFoto :CantabriaRallye.net<\/span><\/p>\n<\/div>\n<\/td>\n<\/tr>\n<\/tbody>\n<\/table>\n<p><!--nextpage--><\/p>\n<p><b>Alisas, espectacular<\/b><br \/>\nLlegaba el s\u00e1bado, en la ma\u00f1ana, tendr\u00edamos dos tramos m\u00e1s que espectaculares. Alisas y Merilla.<br \/>\nEl primero de Ellos, el tramo de alisas, era \u00abapote\u00f3sico\u00bb. Miles y miles de espectadores, poblaban el tramo, con unos accesos, bloqueados por tanta gente.<br \/>\nSi en la primera especial, a las 8:20 de la ma\u00f1ana, el lleno era total, en la segunda pasada por este tramo, el lleno era mucho m\u00e1s.<br \/>\nIncre\u00edble la cantidad de gente, que ten\u00edamos en Alisas y sus alrededores.<\/p>\n<p>En Merilla \u00abtres cuartos de lo mismo\u00bb, en un tramo m\u00e1s \u00abcortito\u00bb de solo 6,30 kil\u00f3metros. Decir que en estos tramos no tenias que \u00abentretenerte\u00bb, pues luego los tramos de la tarde, estar\u00edan \u00abparecidos\u00bb.<br \/>\nAhora una asistencia en el Adelma, para acometer las siguientes especiales.<\/p>\n<table align=\"center\" border=\"0\">\n<tbody>\n<tr>\n<td colspan=\"1\" rowspan=\"1\">\n<div align=\"center\">\n<p><img decoding=\"async\" src=\"https:\/\/www.cantabriarallye.net\/newcantabriarallye\/wp-content\/uploads\/2025\/pruebas2025\/rfh\/dieciseis.jpg\"><\/p>\n<\/div>\n<\/td>\n<\/tr>\n<tr>\n<td colspan=\"1\" rowspan=\"1\">\n<div align=\"center\">\n<p><span style=\"font-family: Verdana, Arial, Helvetica, sans-serif;\"><br \/>\nFoto :CantabriaRallye.net<\/span><\/p>\n<\/div>\n<\/td>\n<\/tr>\n<\/tbody>\n<\/table>\n<table align=\"center\" border=\"0\">\n<tbody>\n<tr>\n<td colspan=\"1\" rowspan=\"1\">\n<div align=\"center\">\n<p><img decoding=\"async\" src=\"https:\/\/www.cantabriarallye.net\/newcantabriarallye\/wp-content\/uploads\/2025\/pruebas2025\/rfh\/diecisiete.jpg\"><\/p>\n<\/div>\n<\/td>\n<\/tr>\n<tr>\n<td colspan=\"1\" rowspan=\"1\">\n<div align=\"center\">\n<p><span style=\"font-family: Verdana, Arial, Helvetica, sans-serif;\"><br \/>\nFoto :CantabriaRallye.net<\/span><\/p>\n<\/div>\n<\/td>\n<\/tr>\n<\/tbody>\n<\/table>\n<p><b>El tramo de \u00abHermosa\u00bb No puede faltar.<\/b><br \/>\nEl tramo de Hermosa, sigue siendo \u00abespecial\u00bb como reza en nuestro titular. No podemos precisar la cantidad de gente que pod\u00eda estar en el tramo, para poder ver la \u00abcarrera\u00bb. Caravanas, Coches, Furgonetas, los prados colindantes llenos de gente, con Carpas, Barbacoas y mucho liquido, para poder aguantar la disputa del tramo.<br \/>\nEn esta ocasi\u00f3n, podemos decir que estaba MAS lleno que en otras ocasiones<br \/>\nMas de DOS horas viendo coches y Disfrutando del mundo del motor. Vamos que no nos cans\u00e1bamos de ver coches de competici\u00f3n.<\/p>\n<p><b>Hazas de Cesto, \u00abel nuevo\u00bb.<\/b><br \/>\nDespu\u00e9s del tramo de Hermosa, ten\u00edamos el tramo de Hazas de Cesto, un tramo \u00abnuevo\u00bb y que se incorporaba a la prueba. Un tramo \u00aburbano\u00bb, para \u00abdescongestionar a Hermosa, aunque NO SE si lo habr\u00e1 conseguido.<br \/>\naun as\u00ed, excelente criterio el de la organizaci\u00f3n, para realizar este tramo, seguido del m\u00edtico de Hermosa.<\/p>\n<p>Despu\u00e9s la llegada al parque del Adelma era otro gran espect\u00e1culo. Ten\u00edamos la oportunidad de ver \u00abin situ\u00bb estas maravillosas maquinas.<\/p>\n<p><b>Cabarga, SIEMPRE.<\/b><br \/>\nEra incre\u00edble ver los principales veh\u00edculos, prepar\u00e1ndose para subir al \u00abpico Yen\u00bb.<br \/>\nDespu\u00e9s la foto protocolaria de todos los asistentes, para la posteridad en Pe\u00f1a Cabarga, con el \u00abPirul\u00ed\u00bb era sublime.<br \/>\nUna vez realizada la foto, el descenso, era donde se juntaban los aficionados, los pilotos y las maquinas y hac\u00edan un \u00abtodo Uno\u00bb, que no se puede describir.<\/p>\n<table align=\"center\" border=\"0\">\n<tbody>\n<tr>\n<td colspan=\"1\" rowspan=\"1\">\n<div align=\"center\">\n<p><img decoding=\"async\" src=\"https:\/\/www.cantabriarallye.net\/newcantabriarallye\/wp-content\/uploads\/2025\/pruebas2025\/rfh\/dieciocho.jpg\"><\/p>\n<\/div>\n<\/td>\n<\/tr>\n<tr>\n<td colspan=\"1\" rowspan=\"1\">\n<div align=\"center\">\n<p><span style=\"font-family: Verdana, Arial, Helvetica, sans-serif;\"><br \/>\nFoto :CantabriaRallye.net<\/span><\/p>\n<\/div>\n<\/td>\n<\/tr>\n<\/tbody>\n<\/table>\n<table align=\"center\" border=\"0\">\n<tbody>\n<tr>\n<td colspan=\"1\" rowspan=\"1\">\n<div align=\"center\">\n<p><img decoding=\"async\" src=\"https:\/\/www.cantabriarallye.net\/newcantabriarallye\/wp-content\/uploads\/2025\/pruebas2025\/rfh\/diecinueve.jpg\"><\/p>\n<\/div>\n<\/td>\n<\/tr>\n<tr>\n<td colspan=\"1\" rowspan=\"1\">\n<div align=\"center\">\n<p><span style=\"font-family: Verdana, Arial, Helvetica, sans-serif;\"><br \/>\nFoto :CantabriaRallye.net<\/span><\/p>\n<\/div>\n<\/td>\n<\/tr>\n<\/tbody>\n<\/table>\n<p><!--nextpage--><\/p>\n<p><b>El Pasillo humano. Cada vez es mas GRANDE<\/b><br \/>\nLlegaba el final de la prueba con el \u00abpasillo humano\u00bb. Miles y miles de personas en Hoznayo, en la carretera esperando a los pilotos. Pod\u00edamos volver a comprobar las emociones de los pilotos.<br \/>\nUna vez entraban los coches y participantes al Adelma, comenzaban los aplausos de la gente. Hemos vivido en ese pasillo \u00abhumano\u00bb todas las ediciones, cuando comenzaba por casualidad, cuando un grupo de Medios de comunicaci\u00f3n, sal\u00edamos a recibir a los veh\u00edculos. Muchos lloros, muchas sensaciones incre\u00edbles, Despu\u00e9s todos los participantes, pasan por el p\u00f3dium de salida y son entrevistados, pero quiero defender, como \u00abnaci\u00f3\u00bb este espect\u00e1culo, en donde los pilotos, se sienten mas que arropados.<br \/>\nUna vez \u00abfiniquitado\u00bb el \u00abpasillo Humano\u00bb, comenzaba una macro fiesta como broche final, en donde pon\u00edamos el punto y final a la prueba.<br \/>\nLa temporada pasada fue muy grande y esta le ha superado, aun mas. Se ha colocado el list\u00f3n muy alto, en el Rallye Festival Hoznayo.<br \/>\nTan solo decir que este espect\u00e1culo no se tiene que perder y para eso, TODOS tenemos que empujar y sacarlo adelante.<br \/>\nEsperamos una nueva edici\u00f3n, lo m\u00e1s pronto posible y si Dios quiere, aqu\u00ed estaremos para contarlo.<\/p>\n<table align=\"center\" border=\"0\">\n<tbody>\n<tr>\n<td colspan=\"1\" rowspan=\"1\">\n<div align=\"center\">\n<p><img decoding=\"async\" src=\"https:\/\/www.cantabriarallye.net\/newcantabriarallye\/wp-content\/uploads\/2025\/pruebas2025\/rfh\/veinte.jpg\"><\/p>\n<\/div>\n<\/td>\n<\/tr>\n<tr>\n<td colspan=\"1\" rowspan=\"1\">\n<div align=\"center\">\n<p><span style=\"font-family: Verdana, Arial, Helvetica, sans-serif;\"><br \/>\nFoto :CantabriaRallye.net<\/span><\/p>\n<\/div>\n<\/td>\n<\/tr>\n<\/tbody>\n<\/table>\n<table align=\"center\" border=\"0\">\n<tbody>\n<tr>\n<td colspan=\"1\" rowspan=\"1\">\n<div align=\"center\">\n<p><img decoding=\"async\" src=\"https:\/\/www.cantabriarallye.net\/newcantabriarallye\/wp-content\/uploads\/2025\/pruebas2025\/rfh\/veintiuno.jpg\"><\/p>\n<\/div>\n<\/td>\n<\/tr>\n<tr>\n<td colspan=\"1\" rowspan=\"1\">\n<div align=\"center\">\n<p><span style=\"font-family: Verdana, Arial, Helvetica, sans-serif;\"><br \/>\nFoto :CantabriaRallye.net<\/span><\/p>\n<\/div>\n<\/td>\n<\/tr>\n<\/tbody>\n<\/table>\n<table align=\"center\" border=\"0\">\n<tbody>\n<tr>\n<td colspan=\"1\" rowspan=\"1\">\n<div align=\"center\">\n<p><img decoding=\"async\" src=\"https:\/\/www.cantabriarallye.net\/newcantabriarallye\/wp-content\/uploads\/2025\/pruebas2025\/rfh\/veintidos.jpg\"><\/p>\n<\/div>\n<\/td>\n<\/tr>\n<tr>\n<td colspan=\"1\" rowspan=\"1\">\n<div align=\"center\">\n<p><span style=\"font-family: Verdana, Arial, Helvetica, sans-serif;\">.<br \/>\nFoto :CantabriaRallye.net<\/span><\/p>\n<\/div>\n<\/td>\n<\/tr>\n<\/tbody>\n<\/table>\n<table align=\"center\" border=\"0\">\n<tbody>\n<tr>\n<td colspan=\"1\" rowspan=\"1\">\n<div align=\"center\">\n<p><b><span style=\"font-size: xx-large;\">LA FOTO<\/span><\/b><\/p>\n<\/div>\n<\/td>\n<\/tr>\n<tr>\n<td colspan=\"1\" rowspan=\"1\">\n<div align=\"center\">\n<p><img decoding=\"async\" src=\"https:\/\/www.cantabriarallye.net\/newcantabriarallye\/wp-content\/uploads\/2025\/pruebas2025\/rfh\/lafoto.jpg\"><\/p>\n<\/div>\n<\/td>\n<\/tr>\n<tr>\n<td colspan=\"1\" rowspan=\"1\">\n<div align=\"center\">\n<p><span style=\"font-family: Verdana, Arial, Helvetica, sans-serif;\">De todas las fotos que tenemos, destacar a este \u00abcopiloto\u00bb del Regional C\u00e1ntabro, (RUMATER) que no dudo,<br \/>\nUN SEGUNDO en ofrecer agua, a los pilotos, despu\u00e9s del conato de incendio.<br \/>\nFoto :CantabriaRallye.net<\/span><\/p>\n<\/div>\n<\/td>\n<\/tr>\n<\/tbody>\n<\/table>\n<!-- AddThis Advanced Settings generic via filter on the_content --><!-- AddThis Share Buttons generic via filter on the_content -->","protected":false},"excerpt":{"rendered":"<p>Volv\u00edamos a disfrutar una vez mas del Rallye Festival Hoznayo, una prueba que no tiene igual en Espa\u00f1a y parte de Europa. Si en la pasada edici\u00f3n nos dec\u00edan que la prueba pod\u00eda ser BI-ANUAL, al comienzo de la temporada , aparec\u00eda la prueba en el Calendario C\u00e1ntabro. Una vez m\u00e1s aficionados venidos de todos [&hellip;]<!-- AddThis Advanced Settings generic via filter on wp_trim_excerpt --><!-- AddThis Share Buttons generic via filter on wp_trim_excerpt --><\/p>\n","protected":false},"author":2,"featured_media":7243,"comment_status":"closed","ping_status":"closed","sticky":false,"template":"","format":"standard","meta":{"_exactmetrics_skip_tracking":false,"_exactmetrics_sitenote_active":false,"_exactmetrics_sitenote_note":"","_exactmetrics_sitenote_category":0,"footnotes":""},"categories":[22],"tags":[],"class_list":["post-7242","post","type-post","status-publish","format-standard","has-post-thumbnail","hentry","category-c41-otras-pruebas"],"_links":{"self":[{"href":"https:\/\/www.cantabriarallye.net\/newcantabriarallye\/wp-json\/wp\/v2\/posts\/7242","targetHints":{"allow":["GET"]}}],"collection":[{"href":"https:\/\/www.cantabriarallye.net\/newcantabriarallye\/wp-json\/wp\/v2\/posts"}],"about":[{"href":"https:\/\/www.cantabriarallye.net\/newcantabriarallye\/wp-json\/wp\/v2\/types\/post"}],"author":[{"embeddable":true,"href":"https:\/\/www.cantabriarallye.net\/newcantabriarallye\/wp-json\/wp\/v2\/users\/2"}],"replies":[{"embeddable":true,"href":"https:\/\/www.cantabriarallye.net\/newcantabriarallye\/wp-json\/wp\/v2\/comments?post=7242"}],"version-history":[{"count":3,"href":"https:\/\/www.cantabriarallye.net\/newcantabriarallye\/wp-json\/wp\/v2\/posts\/7242\/revisions"}],"predecessor-version":[{"id":7247,"href":"https:\/\/www.cantabriarallye.net\/newcantabriarallye\/wp-json\/wp\/v2\/posts\/7242\/revisions\/7247"}],"wp:featuredmedia":[{"embeddable":true,"href":"https:\/\/www.cantabriarallye.net\/newcantabriarallye\/wp-json\/wp\/v2\/media\/7243"}],"wp:attachment":[{"href":"https:\/\/www.cantabriarallye.net\/newcantabriarallye\/wp-json\/wp\/v2\/media?parent=7242"}],"wp:term":[{"taxonomy":"category","embeddable":true,"href":"https:\/\/www.cantabriarallye.net\/newcantabriarallye\/wp-json\/wp\/v2\/categories?post=7242"},{"taxonomy":"post_tag","embeddable":true,"href":"https:\/\/www.cantabriarallye.net\/newcantabriarallye\/wp-json\/wp\/v2\/tags?post=7242"}],"curies":[{"name":"wp","href":"https:\/\/api.w.org\/{rel}","templated":true}]}}