{"id":7248,"date":"2025-06-08T20:48:44","date_gmt":"2025-06-08T18:48:44","guid":{"rendered":"https:\/\/www.cantabriarallye.net\/newcantabriarallye\/?p=7248"},"modified":"2025-06-08T20:48:45","modified_gmt":"2025-06-08T18:48:45","slug":"pena-y-perez-lideres-en-el-valles-pasiegos","status":"publish","type":"post","link":"https:\/\/www.cantabriarallye.net\/newcantabriarallye\/pena-y-perez-lideres-en-el-valles-pasiegos\/","title":{"rendered":"Pe\u00f1a y P\u00e9rez, l\u00edderes en el Valles Pasiegos"},"content":{"rendered":"<p>Dani Pe\u00f1a y Ra\u00fal P\u00e9rez consegu\u00edan la victoria, en el Rallye Valles Pasiegos, espectacular prueba, realizada por la escuder\u00eda del mismo nombre.<br \/>\nLa segunda posici\u00f3n para Pablo Fern\u00e1ndez y \u00c1lvaro Guti\u00e9rrez, siendo la tercera posici\u00f3n en la prueba para Xavier Domenech y Susana Cercadillo.<br \/>\nEn las diferentes copas y trofeos de Cantabria, tenemos dentro de la Copa Braulio Ruiz, el l\u00edder era V\u00edctor Ariste y Cristiana Iglesias, siendo el trofeo Junior para Pablo Aizpeolea y Alba Saiz.<br \/>\nLa copa Kumho era para Javier Guti\u00e9rrez y Miguel Guti\u00e9rrez, siendo la propulsi\u00f3n para Fernando Prada y Paloma M\u00fagica.<br \/>\nUn rallye Muy duro, con unos tramos espectaculares, por la zona Pasiega.<\/p>\n<table border=\"0\" align=\"center\">\n<tbody>\n<tr>\n<td>\n<div align=\"center\"><img decoding=\"async\" src=\"https:\/\/www.cantabriarallye.net\/newcantabriarallye\/wp-content\/uploads\/2025\/pruebas2025\/pasiegos\/portada.jpg\" \/><\/div>\n<\/td>\n<\/tr>\n<tr>\n<td>\n<div align=\"center\"><span style=\"font-family: Verdana, Arial, Helvetica, sans-serif;\">Dani Pe\u00f1a y Ra\u00fal P\u00e9rez, consegu\u00edan la<br \/>\nvictoria en el Rallye de los Valles<br \/>\nPasiegos.<br \/>\nFoto :CantabriaRallye.net<\/span><\/div>\n<\/td>\n<\/tr>\n<\/tbody>\n<\/table>\n<p><!--more--><\/p>\n<table class=\" alignright\" style=\"width: 500px;\" border=\"0\" align=\"right\">\n<tbody>\n<tr>\n<td>\n<div align=\"center\"><img decoding=\"async\" src=\"https:\/\/www.cantabriarallye.net\/newcantabriarallye\/wp-content\/uploads\/2025\/pruebas2025\/pasiegos\/pena.jpg\" \/><\/div>\n<\/td>\n<\/tr>\n<tr>\n<td>\n<div align=\"center\"><span style=\"font-family: Verdana, Arial, Helvetica, sans-serif;\">Dani Pe\u00f1a y Ra\u00fal P\u00e9rez, consegu\u00edan la<br \/>\nvictoria en el Rallye de los Valles<br \/>\nPasiegos.<br \/>\nFoto :CantabriaRallye.net<\/span><\/div>\n<\/td>\n<\/tr>\n<tr>\n<td>\n<div align=\"center\"><img decoding=\"async\" src=\"https:\/\/www.cantabriarallye.net\/newcantabriarallye\/wp-content\/uploads\/2025\/pruebas2025\/pasiegos\/pablo.jpg\" \/><\/div>\n<\/td>\n<\/tr>\n<tr>\n<td>\n<div align=\"center\"><span style=\"font-family: Verdana, Arial, Helvetica, sans-serif;\">La segunda posici\u00f3n era para<br \/>\nPablo Fern\u00e1ndez y Alvaro Guti\u00e9rrez.<br \/>\nFoto :CantabriaRallye.net<\/span><\/div>\n<\/td>\n<\/tr>\n<tr>\n<td>\n<div align=\"center\"><img loading=\"lazy\" decoding=\"async\" class=\"\" src=\"https:\/\/www.cantabriarallye.net\/newcantabriarallye\/wp-content\/uploads\/2025\/pruebas2025\/pasiegos\/xavier.jpg\" width=\"481\" height=\"319\" \/><\/div>\n<\/td>\n<\/tr>\n<tr>\n<td>\n<div align=\"center\"><span style=\"font-family: Verdana, Arial, Helvetica, sans-serif;\">Xavier Domenech y Susana Cercadillo<br \/>\neran los terceros clasificados.<br \/>\nFoto :CantabriaRallye.net<\/span><\/div>\n<\/td>\n<\/tr>\n<\/tbody>\n<\/table>\n<p>Una nueva edici\u00f3n del Rallye Valles Pasiegos, que como en todas las ediciones anteriores, no defraudaba. Una prueba espectacular, con unos tramos para \u00abpilotazos\u00bb, en donde veh\u00edculos y pilotos, hacia todo lo posible para estar lo m\u00e1s alto en el p\u00f3dium final.<br \/>\nfinalmente, Dani Pe\u00f1a y Ra\u00fal P\u00e9rez, consegu\u00edan la victoria en la prueba, yo creo que f\u00e1cilmente.<br \/>\nsi en una primera secci\u00f3n del Rallye, Dani Pe\u00f1a se ten\u00eda que pelear con Shura Pernia, en los tramos, consiguiendo unos cronos muy parejos y con una bonita lucha entre el piloto de Ore\u00f1a y el piloto de Cartes, en la segunda secci\u00f3n del Rallye, cuando Shura Pernia abandonaba, Dani pe\u00f1a se dedicaba a \u00abpasar\u00bb por los tramos, sin ninguna presi\u00f3n y casi \u00absaludando\u00bb a los aficionados.<br \/>\nHemos disfrutado mucho en esta prueba, si bien como coche 0, ten\u00edamos a Nacho Cobo, que \u00abNO ENGA\u00d1ABA\u00bb, con su Citro\u00ebn C2 y despu\u00e9s ten\u00edamos a Dani Pe\u00f1a, que hac\u00eda \u00abtres cuartos de lo mismo\u00bb y a todos nos recordaban, aquellas luchas encarnizadas entre estos dos pilotos.<br \/>\nTenemos que decir, el comentario generalizado, en los tramos, era la gran conducci\u00f3n de Nacho Cobo, con su Citro\u00ebn C2. Vamos, algunos presagi\u00e1bamos, que se hab\u00eda quitado VEINTE a\u00f1os de encima, como m\u00ednimo.<br \/>\nA la memoria de los mas \u00abveteranos\u00bb se reviv\u00edan esas luchas, primeros con los Saxo y despu\u00e9s con los C2. Algunos pueden decir que son \u00abcuentos de abuelo, cebolleta\u00bb, pero, el recordarlo, esta mas que bien.<br \/>\nResumiendo, el rallye comenzaba con una bonita lucha, pero que despu\u00e9s con el abandono de Pernia, la prueba se le \u00abpon\u00eda en bandeja\u00bb a Dani Pe\u00f1a y Ra\u00fal P\u00e9rez, con su Ford fiesta del equipo Blendio.<br \/>\nEspectaculares los tramos de los Valles pasiegos, que siempre nos sorprenden en todas las ediciones, con unos tramos espectaculares y no me canso de decir, que son unos tramos para \u00abpilotazos\u00bb.<br \/>\nComenz\u00e1bamos con el primero de los tramos que era el de san Pedro del Romeral. Espectacular tramo, que se recuperaba en la pasada temporada y que en esta temporada, tumben se contaba con \u00e9l. El primer tramo ya era de 19,83 kil\u00f3metros, con dos zonas bien diferenciadas y que por lo menos a mi \u00abme chifla\u00bb.<br \/>\nen esta primera especial comenzaba la lucha entre los dos Ford Fiesta R5, siendo Dani Pe\u00f1a, quien consegu\u00eda el mejor de los cronos.<br \/>\n12:06,98 era el crono de Dani Pe\u00f1a, que se colocaba l\u00edder en la primera de las especiales.<br \/>\nPor detr\u00e1s ten\u00edamos a Shura Pernia y a Dani Cue, que se colocaban a SIETE SEGUNDOS Y MEDIO de actual l\u00edder y como se suele decir \u00abya estaba montada\u00bb.<br \/>\nLa tercera posici\u00f3n era para Pablo Fern\u00e1ndez y \u00c1lvaro Guti\u00e9rrez que se colocaban VEINTISIETE segundos del actual l\u00edder, siendo la cuarta y la quinta posici\u00f3n para Xavier Domenech y Fernando Prada. Domenech, nunca quiere perderse el rallye de los Valles pasiegos y consegu\u00eda un crono de 12:44,38, siendo la quinta posici\u00f3n para Fernando Prada, con su impresionante BMW, que en esta ocasi\u00f3n estaba copilotado por Paloma M\u00fagica. Prada consegu\u00eda un crono de 13:00,74, realizando una conducci\u00f3n que \u00abenamora\u00bb y levantando los aplausos del p\u00fablico. INCREIBLE, que rallye a realizado Prada, aunque tendremos m\u00e1s \u00abgallos\u00bb que son dignos de menci\u00f3n.<\/p>\n<p>Llegaba el segundo de los tramos, que no era otro que el tramo de el Soto Vega en donde Shura Pernia toma la delantera. el piloto de Ore\u00f1a consigue parar el crono en 8:50,11, siendo la segunda posici\u00f3n para Dani Pe\u00f1a, que se colocaba a CUATRO SEGUNDOS Y MEDIO, del actual l\u00edder de tramo.<br \/>\nLa tercera posici\u00f3n, era para Domenech, con su Skoda Fabia R5. El piloto Catal\u00e1n, que corre en el Rallye Valles Pasiegos, como en \u00abcasa\u00bb, se colocaba a VEINTIUN segundos del l\u00edder, siendo la cuarta y la quinta posici\u00f3n para Fernando Prada y Pablo Fern\u00e1ndez. Prada con su BMW, consegu\u00eda un crono de 9:19,91, siendo de 9:33,05, el crono de Pablo Fern\u00e1ndez.<br \/>\nUltima pasada al tramo de san Pedro del Romeral, en donde Shura Pernia, consegu\u00eda el liderato. Pernia consegu\u00eda un crono de 11:41,42, siendo la segunda posici\u00f3n para Dani Pe\u00f1a a tan solo DOS segundos. Ya empezaba la lucha por los puestos de Cabeza.<br \/>\nEl tercer clasificado era Pablo Fern\u00e1ndez y \u00c1lvaro Guti\u00e9rrez a TREINTA segundos del actual l\u00edder siendo Xavier Domenech y Gerardo Gonz\u00e1lez quienes ocupaban la cuarta y la quinta posici\u00f3n , con unos cronos de 12:21,41 y 12:30,18.<br \/>\nUna diferencia m\u00e1s que \u00abcuriosa, entre los dos pilotos de Ford y el resto de contrincantes.<br \/>\nUltima pasada al tramo de El Soto-Vega y terminar\u00eda la primera secci\u00f3n de la prueba.<br \/>\nen esta especial, Dani Pe\u00f1a consigue el liderato, con un crono de 8:25,11 y Shura Pernia AVANDONA por aver\u00eda mec\u00e1nica.<br \/>\nDomenech, consigue la segunda posici\u00f3n, con un crono de 8:55,40, coloc\u00e1ndose a casi TREINTA segundos del actual l\u00edder (29.930).<br \/>\nLa tercera posici\u00f3n era para Pablo Fern\u00e1ndez y \u00c1lvaro Guti\u00e9rrez, con un crono de 8:57,77, siendo la cuarta posici\u00f3n para Fernando Prada, copilotado por Paloma M\u00fagica.<br \/>\nPrada \u00ablevantaba\u00bb a todos los espectadores a su paso, por sus espectacular conducci\u00f3n, adem\u00e1s de que con su BMW, rueda mejor que bien. El joven piloto, consegu\u00eda un crono de 9:05,17 y se \u00ababonaba\u00bb a esta posici\u00f3n, en lo que restaba de rallye, eso SI, sin dejar de dar un espect\u00e1culo, de conducci\u00f3n, en cada pasada.<br \/>\nGerardo Gonz\u00e1lez y Juan Carral, eran los quintos clasificados, con su Skoda Fabia., consiguiendo un crono de 9:16,58.<br \/>\nCon esto terminaba la primera secci\u00f3n de la prueba, para en los tramos de la tarde, Dani Pe\u00f1a y Ra\u00fal P\u00e9rez, seguir con su liderato, \u00abpase\u00e1ndose\u00bb por los tramos, eso SI, haciendo USO de su gran ventaja, para rodar m\u00e1s que tranquilos y aguantar \u00ablos envites\u00bb de sus contrincantes.<\/p>\n<p><!--nextpage--><\/p>\n<table class=\" alignleft\" style=\"width: 500px;\" border=\"0\" align=\"right\">\n<tbody>\n<tr>\n<td>\n<div align=\"center\"><img decoding=\"async\" src=\"https:\/\/www.cantabriarallye.net\/newcantabriarallye\/wp-content\/uploads\/2025\/pruebas2025\/pasiegos\/victor.jpg\" \/><\/div>\n<\/td>\n<\/tr>\n<tr>\n<td>\n<div align=\"center\"><span style=\"font-family: Verdana, Arial, Helvetica, sans-serif;\">La Copa Braulio Ruiz era para victor<br \/>\nAriste.<br \/>\nFoto :CantabriaRallye.net<\/span><\/div>\n<\/td>\n<\/tr>\n<tr>\n<td>\n<div align=\"center\"><img decoding=\"async\" src=\"https:\/\/www.cantabriarallye.net\/newcantabriarallye\/wp-content\/uploads\/2025\/pruebas2025\/pasiegos\/aizpe.jpg\" \/><\/div>\n<\/td>\n<\/tr>\n<tr>\n<td>\n<div align=\"center\"><span style=\"font-family: Verdana, Arial, Helvetica, sans-serif;\">El trofeo Junior era para Aizpeolea.<br \/>\nFoto :CantabriaRallye.net<\/span><\/div>\n<\/td>\n<\/tr>\n<tr>\n<td>\n<div align=\"center\"><img decoding=\"async\" src=\"https:\/\/www.cantabriarallye.net\/newcantabriarallye\/wp-content\/uploads\/2025\/pruebas2025\/pasiegos\/javier.jpg\" \/><\/div>\n<\/td>\n<\/tr>\n<tr>\n<td>\n<div align=\"center\"><span style=\"font-family: Verdana, Arial, Helvetica, sans-serif;\">Javier Gutierrez, era el lider en el<br \/>\ntrofeo Khumo.<br \/>\nFoto :CantabriaRallye.net<\/span><\/div>\n<\/td>\n<\/tr>\n<tr>\n<td>\n<div align=\"center\"><img decoding=\"async\" src=\"https:\/\/www.cantabriarallye.net\/newcantabriarallye\/wp-content\/uploads\/2025\/pruebas2025\/pasiegos\/prada.jpg\" \/><\/div>\n<\/td>\n<\/tr>\n<tr>\n<td>\n<div align=\"center\"><span style=\"font-family: Verdana, Arial, Helvetica, sans-serif;\">Fernando Prada era el lider en la<br \/>\nPropulsion.<br \/>\nFoto :CantabriaRallye.net<\/span><\/div>\n<\/td>\n<\/tr>\n<\/tbody>\n<\/table>\n<p>Despu\u00e9s de una asistencia en la zona del Casta\u00f1al, que es \u00abfamiliar y acogedora\u00bb, con todos las asistencias perfectamente delimitadas por la organizaci\u00f3n, comenzaban los tramos de la tarde, que si bien el primero de los tramos era de casi diez kil\u00f3metros, el segundo de ellos, era uno de los tramos estrella del rallye y el m\u00e1s largo de la prueba.<br \/>\nComenzaba la prueba con la disputa del tramo de Saro -Abionzo, en donde Pe\u00f1a, rodaba nuevamente l\u00edder. el piloto del Grupo Blendio, copilotado por Ra\u00fal P\u00e9rez, consegu\u00eda un crono de 6:56,72, siendo la segunda posici\u00f3n para Pablo Fern\u00e1ndez y \u00c1lvaro Guti\u00e9rrez, que se colocaban en este tramo a casi NUEVE segundos del l\u00edder (8.799).<br \/>\nLa tercera posici\u00f3n era para Domenech, que se colocaba a CATORCE SEGUNDOS (14.500), del actual l\u00edder, siendo la cuarta posici\u00f3n para Fernando Prada y Rub\u00e9n Hoyos. Prada volv\u00eda a hacer gala de su gran conducci\u00f3n, \u00abregal\u00e1ndonos\u00bb una conducci\u00f3n digna de vez\u00bb. Prada paraba el crono en 7:16,52.<br \/>\nLa quinta posici\u00f3n en esta especial, era para un piloto muy espectacular, como es Rub\u00e9n Hoyos, con su Impresionante Renault Clio R3. Rub\u00e9n copilotado por Alex Guti\u00e9rrez, consegu\u00eda un crono de 7:29,60.<br \/>\nLlegaba la primera pasada al tramo m\u00e1s largo del Rallye, un tramo estrella y muy querido por todos. La Canal-Selaya y m\u00e1s de 20 kil\u00f3metros de diversi\u00f3n y de gran pilotaje.<br \/>\nDani Pe\u00f1a de nuevo segu\u00eda l\u00edder en el tramo, consiguiendo un crono de 14:28,04, siendo Pablo Fern\u00e1ndez , el segundo clasificado a tan solo TRES segundos. Aun as\u00ed, la ventaja del piloto del Grupo BLENDIO, era abismal, con un colch\u00f3n de segundos, m\u00e1s que importante.<br \/>\nEl tercer clasificado en esta especial, era Domenech a VEINTCINCO segundos del l\u00edder, siendo Prada y en esta ocasi\u00f3n Gerardo Gonz\u00e1lez, quienes ocupaban la cuarta y quinta posici\u00f3n respectivamente.<br \/>\nPrada araba el crono en 15:03,47, siendo de 15:27,63, el crono de Gerardo Gonz\u00e1lez.<br \/>\nEl espect\u00e1culo estaba servido, el Rallye casi estaba decidido, aunque ya se sabe como es el refran, \u00abhasta el rabo, todo es toro\u00bb y hab\u00eda que acabar.<br \/>\nUltima pasada al tramo de Saro Abionzo, en donde Pe\u00f1a y P\u00e9rez, volv\u00edan a conseguir el liderato del tramo. El equipo consegu\u00eda un crono de 6:53,95, rodando tranquilo, aunque sin pausa. Por otra parte el equipo Pe Flash, con Pablo y \u00c1lvaro, en esta ocasi\u00f3n, se volv\u00edan a colocar a TRES segundos del actual l\u00edder, conscientes de que la segunda posici\u00f3n era suya y esta posici\u00f3n, era mejor que buena, en este rallye Valles pasiegos, una prueba muy dura y como hemos dicho, varias veces, una prueba para \u00abPILOTAZOS\u00bb.<br \/>\nLa tercera posici\u00f3n en esta especial era para Domenech, en esta ocasi\u00f3n a DIECISIETE segundos del actual l\u00edder, siendo la cuarta posici\u00f3n para Prada, que como dec\u00edamos anteriormente, se hab\u00eda abonado a esta posici\u00f3n y \u00abse quedaba aqu\u00ed\u00bb, sin descuidar su conducci\u00f3n, pues era uno de los pilotos m\u00e1s esperados por el p\u00fablico, que poblaba las cunetas de esta espectacular rallye valles Pasiegos.<br \/>\nGerardo Gonzalez y Juan Carral, en esta especial, consegu\u00edan EL MISMO crono que Prada (7:15,698), tan solo diferenciado por unas cent\u00e9simas de segundo (245).<br \/>\nUltima pasada tambi\u00e9n al tramo de la Canal Selaya, el \u00faltimo tramo de la prueba, con sus m\u00e1s de 20 kil\u00f3metros.<br \/>\nEn esta especial, al igual que en el resto de especiales, ten\u00edamos a Pe\u00f1a y P\u00e9rez, que volv\u00edan a conseguir el mejor de los registros. 14:22,78 era el crono de los vencedores del Rallye, que hab\u00edan estado rodando rapid\u00edsimo, con una gran ventaja en Segundos, que les permit\u00eda, rodar muy tranquilos, aunque sin descuidar sus posiciones de cabeza.<br \/>\nEn esta especial, la segunda posici\u00f3n volv\u00eda a ser para Pablo y \u00c1lvaro. Los actuales campeones de Rallysprint de Cantabria, se hab\u00edan \u00ababonado\u00bb a esta segunda posici\u00f3n y as\u00ed la han mantenido durante toda la prueba.14:29,64 era el crono del equipo.<br \/>\nEl tercer clasificado en el tramo era Fernando Prada, nuevamente rodando rapid\u00edsimo y con mucha espectacularidad.14:50,68 era el crono de Prada.<br \/>\nLa cuarta y la quinta posici\u00f3n en este \u00faltimo tramo, eran para Gerardo Gonz\u00e1lez y Xavier Domenech. 15:16,12 y 15:17,52 eran los cronos de estos dos equipos.<br \/>\nFinalmente con los cronos en la mano, Pe\u00f1a y P\u00e9rez consegu\u00edan la victoria, siendo la segunda posici\u00f3n para Pablo Fern\u00e1ndez y \u00c1lvaro Guti\u00e9rrez, siendo la tercera posici\u00f3n en la prueba para Xavier Domenech y Susana Cercadillo.<br \/>\nEn las diferentes copas y trofeos de Cantabria, destacar a:<br \/>\nLa Copa Braulio Ruiz, el l\u00edder era V\u00edctor Ariste y Cristiana Iglesias, siendo la segunda posici\u00f3n, para Pablo Pacheco y Jorge Barriuso.<br \/>\nEl tercer clasificado era Mario Vega y Mar\u00eda Carames.<br \/>\nEl trofeo Junior era para Pablo Aizpeolea y Alba Saiz, siendo la segunda posici\u00f3n para Aitor Llarena y Ander Garc\u00eda.<br \/>\nLa copa Kumho era para Javier Guti\u00e9rrez y Miguel Guti\u00e9rrez, siendo la segunda posici\u00f3n para Diego Ortiz y Raquel Madrazo. El tercer clasificado era Jairo G\u00f3mez y Marcos Llanos.<br \/>\nLa propulsi\u00f3n era para Fernando Prada y Paloma M\u00fagica, siendo la segunda posici\u00f3n para Pablo Pacheco y Jorge Barriuso.<br \/>\nLa tercera posici\u00f3n era para Mario Vega y Mar\u00eda Carames.<\/p>\n<p>As\u00ed terminaba otra edici\u00f3n del rallye Valles pasiegos, organizado por la escuder\u00eda del mismo nombre, un espectacular rallye, con unos tramos dif\u00edciles y en general un Rallye para Pilotazos, como son todos nuestros pilotos C\u00e1ntabros.<\/p>\n<table border=\"0\" align=\"center\">\n<tbody>\n<tr>\n<td>\n<div align=\"center\"><b><span style=\"font-size: xx-large;\">LAS FOTOS<\/span><\/b><\/div>\n<\/td>\n<\/tr>\n<tr>\n<td>\n<div align=\"center\"><img decoding=\"async\" src=\"https:\/\/www.cantabriarallye.net\/newcantabriarallye\/wp-content\/uploads\/2025\/pruebas2025\/pasiegos\/lafototres.jpg\" \/><\/div>\n<\/td>\n<\/tr>\n<tr>\n<td>\n<div align=\"center\"><span style=\"font-family: Verdana, Arial, Helvetica, sans-serif;\">En esta ocasi\u00f3n, tenemos TRES fotos de la prueba. La primera de ellas esta dedicada a Nacho Cobo, que rodaba de coche 0, con su citroen C2.<br \/>\nEl bravo piloto en esta prueba, se ha quitado \u00abVEINTE A\u00d1OS DE ENCIMA\u00bb.<br \/>\nFoto :CantabriaRallye.net<\/span><\/div>\n<\/td>\n<\/tr>\n<tr>\n<td>\n<div align=\"center\"><img decoding=\"async\" src=\"https:\/\/www.cantabriarallye.net\/newcantabriarallye\/wp-content\/uploads\/2025\/pruebas2025\/pasiegos\/lafoto.jpg\" \/><\/div>\n<\/td>\n<\/tr>\n<tr>\n<td>\n<div align=\"center\"><span style=\"font-family: Verdana, Arial, Helvetica, sans-serif;\">La segunda de las fotos esta dedicada a Tomas L\u00f3pez Allica y a su Hijo David L\u00f3pez Acha.<br \/>\nCorrer con tu hijo de copiloto, es lo mas para este veterano piloto, ademas en el d\u00eda, del cumplea\u00f1os de David. Muchas FELICIDADES.<br \/>\nFoto :CantabriaRallye.net<\/span><\/div>\n<\/td>\n<\/tr>\n<tr>\n<td>\n<div align=\"center\"><img decoding=\"async\" src=\"https:\/\/www.cantabriarallye.net\/newcantabriarallye\/wp-content\/uploads\/2025\/pruebas2025\/pasiegos\/lafotodos.jpg\" \/><\/div>\n<\/td>\n<\/tr>\n<tr>\n<td>\n<div align=\"center\"><span style=\"font-family: Verdana, Arial, Helvetica, sans-serif;\">La tercera foto, es para la asistencia de Tomas y David. Por all\u00ed, ten\u00edamos a \u00abTorete\u00bb a Teja, Manu Canales, a David L\u00f3pez, faltaba Chaco y alguno<br \/>\nmas de \u00abla Banda\u00bb. Espectacular, ver a toda esta gente, con la sabidur\u00eda que tienen en los Rallyes.<br \/>\nFoto :CantabriaRallye.net<\/span><\/div>\n<\/td>\n<\/tr>\n<\/tbody>\n<\/table>\n<!-- AddThis Advanced Settings generic via filter on the_content --><!-- AddThis Share Buttons generic via filter on the_content -->","protected":false},"excerpt":{"rendered":"<p>Dani Pe\u00f1a y Ra\u00fal P\u00e9rez consegu\u00edan la victoria, en el Rallye Valles Pasiegos, espectacular prueba, realizada por la escuder\u00eda del mismo nombre. La segunda posici\u00f3n para Pablo Fern\u00e1ndez y \u00c1lvaro Guti\u00e9rrez, siendo la tercera posici\u00f3n en la prueba para Xavier Domenech y Susana Cercadillo. En las diferentes copas y trofeos de Cantabria, tenemos dentro de [&hellip;]<!-- AddThis Advanced Settings generic via filter on wp_trim_excerpt --><!-- AddThis Share Buttons generic via filter on wp_trim_excerpt --><\/p>\n","protected":false},"author":2,"featured_media":7249,"comment_status":"closed","ping_status":"closed","sticky":false,"template":"","format":"standard","meta":{"_exactmetrics_skip_tracking":false,"_exactmetrics_sitenote_active":false,"_exactmetrics_sitenote_note":"","_exactmetrics_sitenote_category":0,"footnotes":""},"categories":[18],"tags":[],"class_list":["post-7248","post","type-post","status-publish","format-standard","has-post-thumbnail","hentry","category-c31-rallyes"],"_links":{"self":[{"href":"https:\/\/www.cantabriarallye.net\/newcantabriarallye\/wp-json\/wp\/v2\/posts\/7248","targetHints":{"allow":["GET"]}}],"collection":[{"href":"https:\/\/www.cantabriarallye.net\/newcantabriarallye\/wp-json\/wp\/v2\/posts"}],"about":[{"href":"https:\/\/www.cantabriarallye.net\/newcantabriarallye\/wp-json\/wp\/v2\/types\/post"}],"author":[{"embeddable":true,"href":"https:\/\/www.cantabriarallye.net\/newcantabriarallye\/wp-json\/wp\/v2\/users\/2"}],"replies":[{"embeddable":true,"href":"https:\/\/www.cantabriarallye.net\/newcantabriarallye\/wp-json\/wp\/v2\/comments?post=7248"}],"version-history":[{"count":1,"href":"https:\/\/www.cantabriarallye.net\/newcantabriarallye\/wp-json\/wp\/v2\/posts\/7248\/revisions"}],"predecessor-version":[{"id":7250,"href":"https:\/\/www.cantabriarallye.net\/newcantabriarallye\/wp-json\/wp\/v2\/posts\/7248\/revisions\/7250"}],"wp:featuredmedia":[{"embeddable":true,"href":"https:\/\/www.cantabriarallye.net\/newcantabriarallye\/wp-json\/wp\/v2\/media\/7249"}],"wp:attachment":[{"href":"https:\/\/www.cantabriarallye.net\/newcantabriarallye\/wp-json\/wp\/v2\/media?parent=7248"}],"wp:term":[{"taxonomy":"category","embeddable":true,"href":"https:\/\/www.cantabriarallye.net\/newcantabriarallye\/wp-json\/wp\/v2\/categories?post=7248"},{"taxonomy":"post_tag","embeddable":true,"href":"https:\/\/www.cantabriarallye.net\/newcantabriarallye\/wp-json\/wp\/v2\/tags?post=7248"}],"curies":[{"name":"wp","href":"https:\/\/api.w.org\/{rel}","templated":true}]}}