{"id":7251,"date":"2025-06-09T12:15:00","date_gmt":"2025-06-09T10:15:00","guid":{"rendered":"https:\/\/www.cantabriarallye.net\/newcantabriarallye\/?p=7251"},"modified":"2025-06-08T23:01:01","modified_gmt":"2025-06-08T21:01:01","slug":"subida-a-la-granja-videoentrevistas-4","status":"publish","type":"post","link":"https:\/\/www.cantabriarallye.net\/newcantabriarallye\/subida-a-la-granja-videoentrevistas-4\/","title":{"rendered":"Subida a La Granja &#8211; Videoentrevistas"},"content":{"rendered":"<p>Llaga una nueva edici\u00f3n de la subida a La Granja, la prueba que recuperaba la escuder\u00eda La Trazada sport, para todos nosotros. Una vez m\u00e1s, los pilotos de monta\u00f1a, estar\u00e1n compitiendo en esta espectacular Subida de Monta\u00f1a, en esta ocasi\u00f3n con una gran inscripci\u00f3n.<br \/>\nNos visitaba Fernando Lav\u00edn, un asiduo de nuestros entrevistas, que gustosamente, nos daba la ultimas noticias, sobre la subida de monta\u00f1a.<\/p>\n<table border=\"0\" align=\"center\">\n<tbody>\n<tr>\n<td colspan=\"1\" rowspan=\"1\">\n<p align=\"center\"><img decoding=\"async\" src=\"https:\/\/www.cantabriarallye.net\/newcantabriarallye\/wp-content\/uploads\/2025\/noticias\/videoimpresiones\/lagranja\/portada.jpg\" border=\"0\" \/><\/p>\n<\/td>\n<\/tr>\n<tr>\n<td colspan=\"1\" rowspan=\"1\">\n<p align=\"center\"><span style=\"font-size: small;\">Foto: Cantabriarallye.net<\/span><\/p>\n<\/td>\n<\/tr>\n<\/tbody>\n<\/table>\n<p><!--more--><\/p>\n<p>Nos visitaban nuevamente Fernando Lav\u00edn, uno de los organizadores de La subida a La Granja, para darnos la ultima hora de la prueba \u00abcastre\u00f1a\u00bb.<br \/>\nFernando ya es veterano en nuestras entrevistas, as\u00ed que r\u00e1pidamente, quedaba la entrevista realizada, para una vez m\u00e1s, realizar la Post entrevista, delante de un refrigerio.<br \/>\nDe nuevo, disfruten como hemos disfrutado nosotros, charlando con Fernando Lav\u00edn, sobre una nueva edici\u00f3n de la subida a La Granja, concretamente la X edici\u00f3n.<\/p>\n<h1 style=\"text-align: center;\"><strong>VIDEO-ENTREVISTA<\/strong><\/h1>\n<table border=\"0\" width=\"57%\" align=\"center\">\n<tbody>\n<tr>\n<td colspan=\"1\" rowspan=\"1\">\n<p align=\"center\">Fernando Lav\u00edn &#8211; Subida a La Granja<\/p>\n<\/td>\n<\/tr>\n<tr>\n<td colspan=\"1\" rowspan=\"1\">\n<p align=\"center\"><iframe loading=\"lazy\" src=\"\/\/www.youtube.com\/embed\/ajtDYZ4fRGc\" width=\"560\" height=\"314\" allowfullscreen=\"allowfullscreen\"><\/iframe><\/p>\n<\/td>\n<\/tr>\n<tr>\n<td colspan=\"1\" rowspan=\"1\">\n<hr align=\"center\" \/>\n<\/td>\n<\/tr>\n<tr>\n<td colspan=\"1\" rowspan=\"1\">\n<p align=\"center\"><a href=\"http:\/\/carpinteriabenjamin.com\/carpinteria.htm\"><img decoding=\"async\" src=\"https:\/\/www.cantabriarallye.net\/newcantabriarallye\/wp-content\/uploads\/2017\/noticias\/varios\/benjamin.jpg\" border=\"0\" \/><\/a><\/p>\n<\/td>\n<\/tr>\n<tr>\n<td colspan=\"1\" rowspan=\"1\">\n<p align=\"center\">\n<\/td>\n<\/tr>\n<\/tbody>\n<\/table>\n<!-- AddThis Advanced Settings generic via filter on the_content --><!-- AddThis Share Buttons generic via filter on the_content -->","protected":false},"excerpt":{"rendered":"<p>Llaga una nueva edici\u00f3n de la subida a La Granja, la prueba que recuperaba la escuder\u00eda La Trazada sport, para todos nosotros. Una vez m\u00e1s, los pilotos de monta\u00f1a, estar\u00e1n compitiendo en esta espectacular Subida de Monta\u00f1a, en esta ocasi\u00f3n con una gran inscripci\u00f3n. Nos visitaba Fernando Lav\u00edn, un asiduo de nuestros entrevistas, que gustosamente, [&hellip;]<!-- AddThis Advanced Settings generic via filter on wp_trim_excerpt --><!-- AddThis Share Buttons generic via filter on wp_trim_excerpt --><\/p>\n","protected":false},"author":2,"featured_media":7252,"comment_status":"closed","ping_status":"closed","sticky":false,"template":"","format":"standard","meta":{"_exactmetrics_skip_tracking":false,"_exactmetrics_sitenote_active":false,"_exactmetrics_sitenote_note":"","_exactmetrics_sitenote_category":0,"footnotes":""},"categories":[47],"tags":[],"class_list":["post-7251","post","type-post","status-publish","format-standard","has-post-thumbnail","hentry","category-video-impresiones"],"_links":{"self":[{"href":"https:\/\/www.cantabriarallye.net\/newcantabriarallye\/wp-json\/wp\/v2\/posts\/7251","targetHints":{"allow":["GET"]}}],"collection":[{"href":"https:\/\/www.cantabriarallye.net\/newcantabriarallye\/wp-json\/wp\/v2\/posts"}],"about":[{"href":"https:\/\/www.cantabriarallye.net\/newcantabriarallye\/wp-json\/wp\/v2\/types\/post"}],"author":[{"embeddable":true,"href":"https:\/\/www.cantabriarallye.net\/newcantabriarallye\/wp-json\/wp\/v2\/users\/2"}],"replies":[{"embeddable":true,"href":"https:\/\/www.cantabriarallye.net\/newcantabriarallye\/wp-json\/wp\/v2\/comments?post=7251"}],"version-history":[{"count":1,"href":"https:\/\/www.cantabriarallye.net\/newcantabriarallye\/wp-json\/wp\/v2\/posts\/7251\/revisions"}],"predecessor-version":[{"id":7253,"href":"https:\/\/www.cantabriarallye.net\/newcantabriarallye\/wp-json\/wp\/v2\/posts\/7251\/revisions\/7253"}],"wp:featuredmedia":[{"embeddable":true,"href":"https:\/\/www.cantabriarallye.net\/newcantabriarallye\/wp-json\/wp\/v2\/media\/7252"}],"wp:attachment":[{"href":"https:\/\/www.cantabriarallye.net\/newcantabriarallye\/wp-json\/wp\/v2\/media?parent=7251"}],"wp:term":[{"taxonomy":"category","embeddable":true,"href":"https:\/\/www.cantabriarallye.net\/newcantabriarallye\/wp-json\/wp\/v2\/categories?post=7251"},{"taxonomy":"post_tag","embeddable":true,"href":"https:\/\/www.cantabriarallye.net\/newcantabriarallye\/wp-json\/wp\/v2\/tags?post=7251"}],"curies":[{"name":"wp","href":"https:\/\/api.w.org\/{rel}","templated":true}]}}