{"id":7291,"date":"2025-07-13T16:06:42","date_gmt":"2025-07-13T14:06:42","guid":{"rendered":"https:\/\/www.cantabriarallye.net\/newcantabriarallye\/?p=7291"},"modified":"2025-07-13T16:06:42","modified_gmt":"2025-07-13T14:06:42","slug":"pernia-y-cue-sin-oposicion-en-reocin","status":"publish","type":"post","link":"https:\/\/www.cantabriarallye.net\/newcantabriarallye\/pernia-y-cue-sin-oposicion-en-reocin\/","title":{"rendered":"Pernia y Cue, sin oposici\u00f3n en Reocin."},"content":{"rendered":"<p>Shura Pernia y Dani Cue, consegu\u00edan la victoria en el Rallysprint de Reocin, prueba organizada por Reocin Motor Club, con una gran inscripci\u00f3n. La segunda posici\u00f3n era para Dani Pe\u00f1a y Ra\u00fal P\u00e9rez, siendo los terceros clasificados Oscar Palacio y Andr\u00e9s Blanco.<br \/>\nEn las diferentes copas y trofeos de Cantabria, destacar, La challenger R2 Tomas Saiz, era para Jorge canales y Borja M\u00e9ndez, siendo los cl\u00e1sicos de Velocidad, para Aitor Zorroza y Xabier Zorroza. La Copa 2RM Nuevo Arte eran para Adrian P\u00e9rez y Diego Corta, siendo el desaf\u00edo nuevo Arte MK, para Alejandro Guti\u00e9rrez y Roberto S\u00e1nchez.<br \/>\nLa evo Cup Evoluci\u00f3n A era para Pablo Fern\u00e1ndez y Jos\u00e9 Mar\u00eda Alonso, siendo la propulsi\u00f3n era para Marcos Diego y Gabino Mart\u00ednez.<br \/>\nEl trofeo GT2I R5\/Rally 2 era para Shura Pernia y Dani Cue. El trofeo Solo BMW, Talleres Esga era para Fernando Prada y Eva Bernardos.<br \/>\nEspectacular prueba, con una inscripci\u00f3n de 115 veh\u00edculos, para un Rallysprint.<\/p>\n<table border=\"0\" align=\"center\">\n<tbody>\n<tr>\n<td>\n<div align=\"center\"><img decoding=\"async\" src=\"https:\/\/www.cantabriarallye.net\/newcantabriarallye\/wp-content\/uploads\/2025\/pruebas2025\/reocin\/portada.jpg\" \/><\/div>\n<\/td>\n<\/tr>\n<tr>\n<td>\n<div align=\"center\"><span style=\"font-family: Verdana, Arial, Helvetica, sans-serif;\">Shura Pernia y Dani Cue, consegu\u00edan<br \/>\nimponerse en Reocin, ademas del trofeo GT2-I.<br \/>\nFoto : CantabriaRallye.net<\/span><\/div>\n<\/td>\n<\/tr>\n<\/tbody>\n<\/table>\n<p><!--more--><\/p>\n<table class=\" alignright\" style=\"width: 500px;\" border=\"0\" align=\"right\">\n<tbody>\n<tr>\n<td>\n<div align=\"center\"><img decoding=\"async\" src=\"https:\/\/www.cantabriarallye.net\/newcantabriarallye\/wp-content\/uploads\/2025\/pruebas2025\/reocin\/shura.jpg\" \/><\/div>\n<\/td>\n<\/tr>\n<tr>\n<td>\n<div align=\"center\"><span style=\"font-family: Verdana, Arial, Helvetica, sans-serif;\">Shura Pernia y Dani Cue, consegu\u00edan<br \/>\nimponerse en Reocin, ademas del trofeo GT2-I.<br \/>\nFoto : CantabriaRallye.net<\/span><\/div>\n<\/td>\n<\/tr>\n<tr>\n<td>\n<div align=\"center\"><img decoding=\"async\" src=\"https:\/\/www.cantabriarallye.net\/newcantabriarallye\/wp-content\/uploads\/2025\/pruebas2025\/reocin\/pena.jpg\" \/><\/div>\n<\/td>\n<\/tr>\n<tr>\n<td>\n<div align=\"center\"><span style=\"font-family: Verdana, Arial, Helvetica, sans-serif;\">Dani Pe\u00f1a y Ra\u00fal P\u00e9rez, eran los<br \/>\nsegundos clasificados en Reocin.<br \/>\nFoto : CantabriaRallye.net<\/span><\/div>\n<\/td>\n<\/tr>\n<tr>\n<td>\n<div align=\"center\"><img decoding=\"async\" src=\"https:\/\/www.cantabriarallye.net\/newcantabriarallye\/wp-content\/uploads\/2025\/pruebas2025\/reocin\/palacio.jpg\" \/><\/div>\n<\/td>\n<\/tr>\n<tr>\n<td>\n<div align=\"center\"><span style=\"font-family: Verdana, Arial, Helvetica, sans-serif;\">Oscar Palacio, era el tercer clasificado.<br \/>\nFoto : CantabriaRallye.net<\/span><\/div>\n<\/td>\n<\/tr>\n<tr>\n<td>\n<div align=\"center\"><img decoding=\"async\" src=\"https:\/\/www.cantabriarallye.net\/newcantabriarallye\/wp-content\/uploads\/2025\/pruebas2025\/reocin\/jorge.jpg\" \/><\/div>\n<\/td>\n<\/tr>\n<tr>\n<td>\n<div align=\"center\"><span style=\"font-family: Verdana, Arial, Helvetica, sans-serif;\">Jorge Canales era el l\u00edder<br \/>\nen la challenger R2, Tomas Saiz.<br \/>\nFoto : CantabriaRallye.net<\/span><\/div>\n<\/td>\n<\/tr>\n<tr>\n<td>\n<div align=\"center\"><img decoding=\"async\" src=\"https:\/\/www.cantabriarallye.net\/newcantabriarallye\/wp-content\/uploads\/2025\/pruebas2025\/reocin\/aitor.jpg\" \/><\/div>\n<\/td>\n<\/tr>\n<tr>\n<td>\n<div align=\"center\"><span style=\"font-family: Verdana, Arial, Helvetica, sans-serif;\">Los cl\u00e1sicos de Velocidad eran<br \/>\npara Aitor y Xabier Zorroza.<br \/>\nFoto : CantabriaRallye.net<\/span><\/div>\n<\/td>\n<\/tr>\n<\/tbody>\n<\/table>\n<p>Otra nueva edici\u00f3n del Rallysprint de Reocin, ya estaba aqu\u00ed y de nuevo la escuder\u00eda Reocin Motor Club, ha vuelto a SUPERARSE. Si despu\u00e9s de las anteriores ediciones, la inscripci\u00f3n era \u00abbestial\u00bb y a cada edici\u00f3n se superaba, en esta del a\u00f1o 2025, la inscripci\u00f3n fue superior, con 142 preinscritos, para despu\u00e9s salir tan solo unos 115 coches y un cl\u00e1sico.<br \/>\nPor cuestiones de LOGISTICA, la organizaci\u00f3n, no pod\u00eda meter a tanto veh\u00edculo en la prueba, con lo que limitaba la participaci\u00f3n.<br \/>\nYa nos estaban \u00abpreparando\u00bb meses atr\u00e1s de la alta inscripci\u00f3n, pues esta organizaci\u00f3n, ha estado trabaj\u00e1ndola durante todo un a\u00f1o y los resultados hay est\u00e1n. \u00abTodos quer\u00edan estar en Reocin\u00bb, era el lema.<br \/>\nMuchas veces he preguntado a la Organizaci\u00f3n, que \u00ables da a los participantes\u00bb para venir incluso de Las islas Baleares&#8230; !!!!!Incre\u00edble, a correr un Rallysprint a Cantabria\u00a1\u00a1\u00a1\u00a1\u00a1\u00a1<br \/>\nLa organizaci\u00f3n me dice que el Trabajo, el trabajo y siempre el trabajo, pero estoy seguro que todos quieren lo mejor para su prueba, pero lo de esta gente \u00abes bestial\u00bb.<br \/>\nDespu\u00e9s la puesta de largo con la presentaci\u00f3n en La Finca Tavert, de Puente San Miguel, despu\u00e9s las firmas de los pilotos, antes de la ceremonia de Salida, en la robleda y como si se tratara de un nacional y mil detalles que no vamos a enumerar.<br \/>\nTodo estaba preparado para tener un estupendo d\u00eda de carreras y aparec\u00eda la lluvia, pero todo el mundo aguantaba estoicamente, en la celebraci\u00f3n. Destacar el Alcalde de Reocin Pablo Diestro y la concejal Margarita Mart\u00ednez (Margari), el aguantar toda la ceremonia de salida, con un intenso aguacero que ca\u00eda en la Robleda.<br \/>\nResumiendo, esta gente de Reocin, lo han vuelto a hacer, con una puesta de largo espectacular, en un rallysprint, que en n\u00famero de inscritos, no se hab\u00eda visto en Cantabria, en una prueba de este tipo..<br \/>\nDespu\u00e9s tambi\u00e9n hemos tenido la SUERTE de tener a varios pilotos de renombre, como Sergio Vallejo , Philippe Baffoun, Nicola Stampaert, o Chris Richmond, entre otros que le dan el \u00abtoque\u00bb internacional, pero el poder ver a nuestro paisano Enrique Garc\u00eda Ojeda y copilotado nuevamente por Raquel Fern\u00e1ndez, perm\u00edtanme ustedes&#8230;&#8230;Es todo un LUJAZO, que ha estado en Reocin.<br \/>\nEn general hemos tenido una prueba \u00abdiferente\u00bb, con unos pilotos diferentes y esto m\u00e1s que un Rallysprint de Cantabria, parec\u00eda mas un MINI FESTIVAL, del motor.<br \/>\nEn el terreno deportivo ten\u00edamos varios gallos en el corral, con opciones de triunfo, con el Vigente campe\u00f3n de Cantabria, Pablo Fern\u00e1ndez y \u00c1lvaro Guti\u00e9rrez, con Shura Pernia y Dani Cue, que quer\u00eda hacerlo muy bien en esta prueba y con Dani Pe\u00f1a, que NO les pondr\u00eda las cosas f\u00e1ciles, adem\u00e1s del resto de competidores, que conformaban la lista.<br \/>\nYa en la primera especial, con el abandono de Mora, que estranaba un bonito Toyota Yaris N5, por una salida de pista, comenzaba la lucha por la victoria. el mejor de los cronos en esta especial, era para Oscar Palacio, con su Skoda Fabia Rallye 2. el piloto asturiano, consegu\u00eda para el crono en 4:55,91, lo que le colocaba l\u00edder del tramo y otro de \u00ablos gallos\u00bb, que ten\u00edamos que tener en cuenta.<br \/>\nLa segunda posici\u00f3n era para Shura Pernia Y Dani Cue. El piloto patrocinado por Perniauto, consegu\u00eda colocarse a tan solo 1,87 segundos de Palacio, siendo la tercera posici\u00f3n para Dani Pe\u00f1a y Ra\u00fal P\u00e9rez a TRES SEGUNDOS Y MEDIO del actual l\u00edder.<br \/>\nCon estos cronos, ya se preve\u00eda una bonita lucha de pilotos, que dar\u00edan una bonita diversi\u00f3n al publico que poblaba el tramo de Reocin.<br \/>\nLa cuarta posici\u00f3n en esta especial era para Pablo Fern\u00e1ndez y \u00c1lvaro Guti\u00e9rrez con su DS3 R5, siendo la quinta posici\u00f3n para F\u00e9lix Mac\u00edas y Patricia Grande, con Skoda Fabia R5.<br \/>\nFern\u00e1ndez consegu\u00eda un crono de 5:00,03 y Mac\u00edas EL MISMO CRONO, tan solo diferenciado por unas cent\u00e9simas de segundo (148).<br \/>\nFinalmente, despu\u00e9s de una salida de pista, en donde el coche entorpec\u00eda el paso, los comisarios deportivos, deciden neutralizar el tramo y anular el control stop de dicho tramo.<\/p>\n<p>Comenzaba la segunda pasada en el mismo sentido, en donde Shura Pernia tomaba \u00abel mando\u00bb El piloto del Ford Fiesta R5, consegu\u00eda para el crono en 4:44,07, con lo que tomaba la delantera en el tramo y tambi\u00e9n en la general.<br \/>\nF\u00e9lix Mac\u00edas y Patricia Grande, con su Skoda Fabia eran quienes le segu\u00edan en el tramo a TRES SEGUNDOS Y MEDIO, del actual l\u00edder, siendo la tercera posici\u00f3n en esta especial, para Dani Pe\u00f1a y Ra\u00fal P\u00e9rez, que rodaban \u00abmuy cerquita\u00bb de Mac\u00edas. Pe\u00f1a y P\u00e9rez, consegu\u00edan para el crono en 4:48,16.<br \/>\nLa cuarta y la quinta posici\u00f3n eran para Oscar Palacio, con su Skoda Fabia Rally 2 y la quinta posici\u00f3n era para Nicola Stampaert, con id\u00e9ntico veh\u00edculo. 4:49,01 y 4:51,60 eran los cronos de ambos pilotos.<\/p>\n<p>As\u00ed terminaba la primera secci\u00f3n de la prueba, desde Helguera a Reocin. Ahora se disputar\u00edan las siguientes pasadas, en sentido contrario, lo que conformar\u00edan este espect\u00e1culo del rallysprint de Reocin.<\/p>\n<p><!--nextpage--><\/p>\n<table class=\" alignleft\" style=\"width: 500px;\" border=\"0\" align=\"right\">\n<tbody>\n<tr>\n<td>\n<div align=\"center\"><img decoding=\"async\" src=\"https:\/\/www.cantabriarallye.net\/newcantabriarallye\/wp-content\/uploads\/2025\/pruebas2025\/reocin\/jandron.jpg\" \/><\/div>\n<\/td>\n<\/tr>\n<tr>\n<td>\n<div align=\"center\"><span style=\"font-family: Verdana, Arial, Helvetica, sans-serif;\">Alejandro Guti\u00e9rrez, venc\u00eda en<br \/>\nel Desaf\u00edo Nuevo Arte MK.<br \/>\nFoto : CantabriaRallye.net<\/span><\/div>\n<\/td>\n<\/tr>\n<tr>\n<td>\n<div align=\"center\"><img decoding=\"async\" src=\"https:\/\/www.cantabriarallye.net\/newcantabriarallye\/wp-content\/uploads\/2025\/pruebas2025\/reocin\/pablo.jpg\" \/><\/div>\n<\/td>\n<\/tr>\n<tr>\n<td>\n<div align=\"center\"><span style=\"font-family: Verdana, Arial, Helvetica, sans-serif;\">La EVO CUP Evoluci\u00f3n A, era para<br \/>\nPablo Fern\u00e1ndez.<br \/>\nFoto : CantabriaRallye.net<\/span><\/div>\n<\/td>\n<\/tr>\n<tr>\n<td>\n<div align=\"center\"><img decoding=\"async\" src=\"https:\/\/www.cantabriarallye.net\/newcantabriarallye\/wp-content\/uploads\/2025\/pruebas2025\/reocin\/marcos.jpg\" \/><\/div>\n<\/td>\n<\/tr>\n<tr>\n<td>\n<div align=\"center\"><span style=\"font-family: Verdana, Arial, Helvetica, sans-serif;\">La propulsi\u00f3n era para Marcos Diego.<br \/>\nFoto : CantabriaRallye.net<\/span><\/div>\n<\/td>\n<\/tr>\n<tr>\n<td>\n<div align=\"center\"><img decoding=\"async\" src=\"https:\/\/www.cantabriarallye.net\/newcantabriarallye\/wp-content\/uploads\/2025\/pruebas2025\/reocin\/prada.jpg\" \/><\/div>\n<\/td>\n<\/tr>\n<tr>\n<td>\n<div align=\"center\"><span style=\"font-family: Verdana, Arial, Helvetica, sans-serif;\">Prada consegu\u00eda el trofeo BMW Talleres ESGA.<br \/>\nFoto : CantabriaRallye.net<\/span><\/div>\n<\/td>\n<\/tr>\n<tr>\n<td>\n<div align=\"center\"><img decoding=\"async\" src=\"https:\/\/www.cantabriarallye.net\/newcantabriarallye\/wp-content\/uploads\/2025\/pruebas2025\/reocin\/adrian.jpg\" \/><\/div>\n<\/td>\n<\/tr>\n<tr>\n<td>\n<div align=\"center\"><span style=\"font-family: Verdana, Arial, Helvetica, sans-serif;\">La Copa 2RM Trofeo Nuevo Arte era<br \/>\npara Adri\u00e1n P\u00e9rez<br \/>\nFoto : CantabriaRallye.net<\/span><\/div>\n<\/td>\n<\/tr>\n<\/tbody>\n<\/table>\n<p>Comenzaban las otras dos pasadas en sentido contrario, una vez que los equipos de seguridad daban el OK.<br \/>\nEn esta ocasi\u00f3n, el tramo discurr\u00eda de Reocin a Helguera, con lo que el espect\u00e1culo, estaba MAS, que servido.<br \/>\nen esta primera especial, el mejor de los cronos volv\u00eda a ser para Shura Pernia y Dani Cue. El piloto del Ford Fiesta R5, estaba rodando muy bien y en la general se estaba \u00abdistanciando\u00bb de sus enemigos. el piloto de Ore\u00f1a en esta especial, lo estaba \u00abdando todo\u00bb, con una espectacular conducci\u00f3n, para deleite del p\u00fablico. Pernia consegu\u00eda un crono de 4:49,73, siendo la segunda posici\u00f3n para Oscar Palacio y Andr\u00e9s Blanco, que se colocaba a CINCO segundos del actual l\u00edder.<br \/>\nEl tercer clasificado era Dani pe\u00f1a y Ra\u00fal P\u00e9rez, que tambi\u00e9n rodaban muy r\u00e1pido y se colocaba a (337) cent\u00e9simas de segundo de Palacio y a CINCO SEGUNDOS Y MEDIO de Shura Pernia. bonita lucha por los puestos de cabeza, est\u00e1bamos presenciado en este rallysprint de Reocin.<br \/>\nPablo Fern\u00e1ndez y Nicola Stampaert, eran quienes le segu\u00edan en la tabla, ocupando la cuarta y quinta posici\u00f3n respectivamente. Id\u00e9ntico crono para ambos pilotos, tan solo diferenciado por unas cent\u00e9simas de segundo.(5:01,04 y 5:01,78). Los cronos estaban m\u00e1s que \u00abjustitos\u00bb y tan solo quedaba una especial, en esta fiesta que era el Rallysprint de Reocin.<br \/>\nUltima especial en donde Shura, ya m\u00e1s tranquilo da \u00abel do de pecho\u00bb y se alza con la victoria, pues su m\u00e1ximo perseguidor era Dani Pe\u00f1a y Ra\u00fal P\u00e9rez.<br \/>\nEn esta ocasi\u00f3n el piloto de Ore\u00f1a consigue parar el crono en 4:49,04, siendo su m\u00e1ximo perseguidor en esta especial, Oscar Palacio a 361 cent\u00e9simas de segundo. Palacio lo intento todo, pero Shura le llevaba la delantera, aun as\u00ed, con algunas penalizaciones que sumaba el piloto asturiano, no pod\u00eda hacer nada, para estar por delante del piloto c\u00e1ntabro.<br \/>\nLa tercera posici\u00f3n en esta especial, era para F\u00e9lix Mac\u00edas y Patricia Grande con su Skoda Fabia R5 a DOS segundos del l\u00edder, siendo la cuarta y la quinta posici\u00f3n para Nicola Stampaert y Pablo Fern\u00e1ndez. Stampaert paraba el crono en 4:56,01, siendo de 4:56,65, el crono de Pablo Fern\u00e1ndez.<br \/>\nFinalmente, Shura Pernia y Dani Cue, eran los l\u00edderes de la prueba, siendo la segunda posici\u00f3n para Dani Pe\u00f1a y Ra\u00fal P\u00e9rez.<br \/>\nel tercer clasificado en el P\u00f3dium de Reocin, era Oscar Palacio y Andr\u00e9s Blanco.<\/p>\n<p>en las diferentes copas y trofeos de Cantabria, destacar:<br \/>\nLa challenger R2 Tomas Saiz, era para Jorge canales y Borja M\u00e9ndez, siendo la segunda posici\u00f3n para Antonio Fern\u00e1ndez y enrique Saiz-Pardo. La tercera posici\u00f3n era para Oscar Lastra y Abrah\u00e1n Prendes.<\/p>\n<p>Los cl\u00e1sicos de Velocidad, eran para Aitor Zorroza y Xabier Zorroza, siendo la segunda posici\u00f3n para Santiago S\u00e1nchez y Pedro L\u00f3pez.<\/p>\n<p>Copa 2RM Nuevo Arte eran para Adrian P\u00e9rez y Diego Corta, siendo la segunda posici\u00f3n para Iban Garc\u00eda y Patricia Ruiz. El tercer clasificado era Omar Fern\u00e1ndez y Carmen Toscano.<\/p>\n<p>El desaf\u00edo nuevo Arte MK, el l\u00edder era Alejandro Guti\u00e9rrez y Roberto S\u00e1nchez, siendo la segunda posici\u00f3n para Aitor Zorroza y Xabier Zorroza. El tercer clasificado era Miquel Rigo y Margalida Caldentey<\/p>\n<p>La evo Cup Evoluci\u00f3n A era para Pablo Fern\u00e1ndez y Jos\u00e9 Mar\u00eda Alonso, siendo la segunda posici\u00f3n para Emilio \u00c1lvarez y Marcos Fern\u00e1ndez. el tercer clasificado era Oliver Garc\u00eda y Pedro L\u00f3pez.<\/p>\n<p>La propulsi\u00f3n era para Marcos Diego y Gabino Mart\u00ednez, siendo la segunda posici\u00f3n para Sergio Vallejo y Jovino Pel\u00e1ez. Fernando Padra y Eva Bernardos, era los terceros clasificados.<\/p>\n<p>El trofeo GT2I R5\/Rally 2 era para Shura Pernia y Dani Cue, siendo la segunda posici\u00f3n para Dani Pe\u00f1a y Ra\u00fal P\u00e9rez. El tercer clasificado era Oscar Palacio y Andr\u00e9s Blanco.<\/p>\n<p>El trofeo Solo BMW, Talleres Esga era para Fernando Prada y Eva Bernardos, siendo la segunda posici\u00f3n para \u00c1ngel Rivero y Roberto Gonz\u00e1lez. el tercer clasificado era Ignacio Cimadevilla y Pedro Garcia.<br \/>\nAsi terminaba esta nueva edici\u00f3n de Reocin. el a\u00f1o que viene, mas.<\/p>\n<table border=\"0\" align=\"center\">\n<tbody>\n<tr>\n<td>\n<div align=\"center\"><b><span style=\"font-size: xx-large;\">LAS FOTOS<\/span><\/b><\/div>\n<\/td>\n<\/tr>\n<tr>\n<td>\n<div align=\"center\"><img decoding=\"async\" src=\"https:\/\/www.cantabriarallye.net\/newcantabriarallye\/wp-content\/uploads\/2025\/pruebas2025\/reocin\/lafotodos.jpg\" \/><\/div>\n<\/td>\n<\/tr>\n<tr>\n<td>\n<div align=\"center\"><span style=\"font-family: Verdana, Arial, Helvetica, sans-serif;\">Hemos querido destacar DOS fotos de las miles que tenemos.<br \/>\nLa primera de las fotos, es para El alcalde de Reocin Pablo Diestro y la concejal Margarita Mart\u00ednez\u00bbMargari\u00bb,<br \/>\nAguantaron estoicamente, dando la salida a TODOS los coches, bajo un intenso aguacero.<br \/>\nMas responsables municipales COMO ESTOS se necesitan en nuestro deporte.<br \/>\nGRACIAS POR TODO.<br \/>\nFoto :CantabriaRallye.net<\/span><\/div>\n<\/td>\n<\/tr>\n<tr>\n<td>\n<div align=\"center\"><img decoding=\"async\" src=\"https:\/\/www.cantabriarallye.net\/newcantabriarallye\/wp-content\/uploads\/2025\/pruebas2025\/reocin\/lafoto.jpg\" \/><\/div>\n<\/td>\n<\/tr>\n<tr>\n<td>\n<div align=\"center\"><span style=\"font-family: Verdana, Arial, Helvetica, sans-serif;\">En Reocin y como coche 0, volv\u00edan a rodar juntos, Enrique Garc\u00eda Ojeda y Raquel Fern\u00e1ndez.<br \/>\nUn verdadero lujo, volver a ver a esta pareja, rodando y mas en el Rallysprint de Reocin.<br \/>\nLos aficionados ped\u00edan mas participaciones de estos excelentes piloto y copiloto.<br \/>\nEl tiempo lo dira&#8230;.<br \/>\nFoto :CantabriaRallye.net<\/span><\/div>\n<\/td>\n<\/tr>\n<\/tbody>\n<\/table>\n<!-- AddThis Advanced Settings generic via filter on the_content --><!-- AddThis Share Buttons generic via filter on the_content -->","protected":false},"excerpt":{"rendered":"<p>Shura Pernia y Dani Cue, consegu\u00edan la victoria en el Rallysprint de Reocin, prueba organizada por Reocin Motor Club, con una gran inscripci\u00f3n. La segunda posici\u00f3n era para Dani Pe\u00f1a y Ra\u00fal P\u00e9rez, siendo los terceros clasificados Oscar Palacio y Andr\u00e9s Blanco. En las diferentes copas y trofeos de Cantabria, destacar, La challenger R2 Tomas [&hellip;]<!-- AddThis Advanced Settings generic via filter on wp_trim_excerpt --><!-- AddThis Share Buttons generic via filter on wp_trim_excerpt --><\/p>\n","protected":false},"author":2,"featured_media":7292,"comment_status":"closed","ping_status":"closed","sticky":false,"template":"","format":"standard","meta":{"_exactmetrics_skip_tracking":false,"_exactmetrics_sitenote_active":false,"_exactmetrics_sitenote_note":"","_exactmetrics_sitenote_category":0,"footnotes":""},"categories":[21],"tags":[],"class_list":["post-7291","post","type-post","status-publish","format-standard","has-post-thumbnail","hentry","category-c40-rallysprint"],"_links":{"self":[{"href":"https:\/\/www.cantabriarallye.net\/newcantabriarallye\/wp-json\/wp\/v2\/posts\/7291","targetHints":{"allow":["GET"]}}],"collection":[{"href":"https:\/\/www.cantabriarallye.net\/newcantabriarallye\/wp-json\/wp\/v2\/posts"}],"about":[{"href":"https:\/\/www.cantabriarallye.net\/newcantabriarallye\/wp-json\/wp\/v2\/types\/post"}],"author":[{"embeddable":true,"href":"https:\/\/www.cantabriarallye.net\/newcantabriarallye\/wp-json\/wp\/v2\/users\/2"}],"replies":[{"embeddable":true,"href":"https:\/\/www.cantabriarallye.net\/newcantabriarallye\/wp-json\/wp\/v2\/comments?post=7291"}],"version-history":[{"count":1,"href":"https:\/\/www.cantabriarallye.net\/newcantabriarallye\/wp-json\/wp\/v2\/posts\/7291\/revisions"}],"predecessor-version":[{"id":7293,"href":"https:\/\/www.cantabriarallye.net\/newcantabriarallye\/wp-json\/wp\/v2\/posts\/7291\/revisions\/7293"}],"wp:featuredmedia":[{"embeddable":true,"href":"https:\/\/www.cantabriarallye.net\/newcantabriarallye\/wp-json\/wp\/v2\/media\/7292"}],"wp:attachment":[{"href":"https:\/\/www.cantabriarallye.net\/newcantabriarallye\/wp-json\/wp\/v2\/media?parent=7291"}],"wp:term":[{"taxonomy":"category","embeddable":true,"href":"https:\/\/www.cantabriarallye.net\/newcantabriarallye\/wp-json\/wp\/v2\/categories?post=7291"},{"taxonomy":"post_tag","embeddable":true,"href":"https:\/\/www.cantabriarallye.net\/newcantabriarallye\/wp-json\/wp\/v2\/tags?post=7291"}],"curies":[{"name":"wp","href":"https:\/\/api.w.org\/{rel}","templated":true}]}}