{"id":7294,"date":"2025-07-14T12:15:00","date_gmt":"2025-07-14T10:15:00","guid":{"rendered":"https:\/\/www.cantabriarallye.net\/newcantabriarallye\/?p=7294"},"modified":"2025-07-14T12:59:42","modified_gmt":"2025-07-14T10:59:42","slug":"subida-a-pena-cabarga-videoentrevistas-4","status":"publish","type":"post","link":"https:\/\/www.cantabriarallye.net\/newcantabriarallye\/subida-a-pena-cabarga-videoentrevistas-4\/","title":{"rendered":"Subida a Pe\u00f1a Cabarga &#8211; Videoentrevistas"},"content":{"rendered":"<p>Otra nueva edici\u00f3n de la subida a Pe\u00f1a Cabarga ya esta aqu\u00ed. Una vez m\u00e1s, sus organizadores, Cundi San Emeterio y Ricardo Revuelta, nos visitaban en nuestros estudios del Alto de Malia\u00f1o, para hablarnos de la nueva edici\u00f3n, con varias novedades.<br \/>\nHablamos de la seguridad, de los Horarios, los patrocinadores y en general un poco de todo, en esta nueva edici\u00f3n de Cabarga, una de las pruebas mas longevas de nuestro campeonato de Cantabria.<\/p>\n<table align=\"center\" border=\"0\">\n<tbody>\n<tr>\n<td colspan=\"1\" rowspan=\"1\">\n<p align=\"center\"><img decoding=\"async\" src=\"https:\/\/www.cantabriarallye.net\/newcantabriarallye\/wp-content\/uploads\/2025\/noticias\/videoimpresiones\/cabarga\/portada.jpg\" border=\"0\"><\/p>\n<\/td>\n<\/tr>\n<tr>\n<td colspan=\"1\" rowspan=\"1\">\n<p align=\"center\"><span style=\"font-size: small;\">Foto: Cantabriarallye.net<\/span><\/p>\n<\/td>\n<\/tr>\n<\/tbody>\n<\/table>\n<p><!--more--><\/p>\n<p>Nos visitaban Cundi San Emeterio y Ricardo Revuelta, dos de los organizadores de la pr\u00f3xima edici\u00f3n de Pe\u00f1a Cabarga, prueba que se disputara el pr\u00f3ximo 19 de Julio.<br \/>\nDimos un repaso a la nueva edici\u00f3n, charlando de las novedades de este a\u00f1o.<br \/>\nDisfruten nuevamente como hemos disfrutado nosotros,  charlando con Cundi San Emeterio y Ricardo Revuelta, sobre una nueva edici\u00f3n de la Subida a Pe\u00f1a Cabarga.<\/p>\n<h1 style=\"text-align:center;\"><strong>VIDEO-ENTREVISTA<\/strong><\/h1>\n<table align=\"center\" border=\"0\" width=\"57%\">\n<tbody>\n<tr>\n<td colspan=\"1\" rowspan=\"1\">\n<p align=\"center\">Cundi San Emeterio &#8211; Ricardo Revuelta &#8211; Subida a Pe\u00f1a Cabarga<\/p>\n<\/td>\n<\/tr>\n<tr>\n<td colspan=\"1\" rowspan=\"1\">\n<p align=\"center\"><iframe loading=\"lazy\" src=\"\/\/www.youtube.com\/embed\/52ToEoP4WRA\" width=\"560\" height=\"314\" allowfullscreen><\/iframe><\/p>\n<\/td>\n<\/tr>\n<tr>\n<td colspan=\"1\" rowspan=\"1\">\n<hr align=\"center\"><\/td>\n<\/tr>\n<tr>\n<td colspan=\"1\" rowspan=\"1\">\n<p align=\"center\"><a href=\"http:\/\/carpinteriabenjamin.com\/carpinteria.htm\"><img decoding=\"async\" src=\"https:\/\/www.cantabriarallye.net\/newcantabriarallye\/wp-content\/uploads\/2017\/noticias\/varios\/benjamin.jpg\" border=\"0\"><\/a><\/p>\n<\/td>\n<\/tr>\n<tr>\n<td colspan=\"1\" rowspan=\"1\">\n<p align=\"center\">\n<\/td>\n<\/tr>\n<\/tbody>\n<\/table>\n<!-- AddThis Advanced Settings generic via filter on the_content --><!-- AddThis Share Buttons generic via filter on the_content -->","protected":false},"excerpt":{"rendered":"<p>Otra nueva edici\u00f3n de la subida a Pe\u00f1a Cabarga ya esta aqu\u00ed. Una vez m\u00e1s, sus organizadores, Cundi San Emeterio y Ricardo Revuelta, nos visitaban en nuestros estudios del Alto de Malia\u00f1o, para hablarnos de la nueva edici\u00f3n, con varias novedades. Hablamos de la seguridad, de los Horarios, los patrocinadores y en general un poco [&hellip;]<!-- AddThis Advanced Settings generic via filter on wp_trim_excerpt --><!-- AddThis Share Buttons generic via filter on wp_trim_excerpt --><\/p>\n","protected":false},"author":2,"featured_media":7295,"comment_status":"closed","ping_status":"closed","sticky":false,"template":"","format":"standard","meta":{"_exactmetrics_skip_tracking":false,"_exactmetrics_sitenote_active":false,"_exactmetrics_sitenote_note":"","_exactmetrics_sitenote_category":0,"footnotes":""},"categories":[47],"tags":[],"class_list":["post-7294","post","type-post","status-publish","format-standard","has-post-thumbnail","hentry","category-video-impresiones"],"_links":{"self":[{"href":"https:\/\/www.cantabriarallye.net\/newcantabriarallye\/wp-json\/wp\/v2\/posts\/7294","targetHints":{"allow":["GET"]}}],"collection":[{"href":"https:\/\/www.cantabriarallye.net\/newcantabriarallye\/wp-json\/wp\/v2\/posts"}],"about":[{"href":"https:\/\/www.cantabriarallye.net\/newcantabriarallye\/wp-json\/wp\/v2\/types\/post"}],"author":[{"embeddable":true,"href":"https:\/\/www.cantabriarallye.net\/newcantabriarallye\/wp-json\/wp\/v2\/users\/2"}],"replies":[{"embeddable":true,"href":"https:\/\/www.cantabriarallye.net\/newcantabriarallye\/wp-json\/wp\/v2\/comments?post=7294"}],"version-history":[{"count":2,"href":"https:\/\/www.cantabriarallye.net\/newcantabriarallye\/wp-json\/wp\/v2\/posts\/7294\/revisions"}],"predecessor-version":[{"id":7297,"href":"https:\/\/www.cantabriarallye.net\/newcantabriarallye\/wp-json\/wp\/v2\/posts\/7294\/revisions\/7297"}],"wp:featuredmedia":[{"embeddable":true,"href":"https:\/\/www.cantabriarallye.net\/newcantabriarallye\/wp-json\/wp\/v2\/media\/7295"}],"wp:attachment":[{"href":"https:\/\/www.cantabriarallye.net\/newcantabriarallye\/wp-json\/wp\/v2\/media?parent=7294"}],"wp:term":[{"taxonomy":"category","embeddable":true,"href":"https:\/\/www.cantabriarallye.net\/newcantabriarallye\/wp-json\/wp\/v2\/categories?post=7294"},{"taxonomy":"post_tag","embeddable":true,"href":"https:\/\/www.cantabriarallye.net\/newcantabriarallye\/wp-json\/wp\/v2\/tags?post=7294"}],"curies":[{"name":"wp","href":"https:\/\/api.w.org\/{rel}","templated":true}]}}